{"id":116861,"date":"2025-12-18T20:15:42","date_gmt":"2025-12-18T20:15:42","guid":{"rendered":"https:\/\/www.europesays.com\/no\/116861\/"},"modified":"2025-12-18T20:15:42","modified_gmt":"2025-12-18T20:15:42","slug":"fryktar-kroken-pa-dora-for-sifjord-pa-senja-nrk-troms-og-finnmark","status":"publish","type":"post","link":"https:\/\/www.europesays.com\/no\/116861\/","title":{"rendered":"Fryktar kroken p\u00e5 d\u00f8ra for Sifjord p\u00e5 Senja \u2013 NRK Troms og Finnmark"},"content":{"rendered":"<p>Dei bur i sm\u00e5 <a href=\"https:\/\/www.nrk.no\/tromsogfinnmark\/thorbjorn-flakstad-_89_-er-pioner-pa-senja_-starta-lakseoppdrett-i-et-badekar-i-dodsdomt-bygd-1.17155520\" ec-id=\"pp:article:1.17155520\" ec-name=\"bygder p\u00e5 yttersida av Senja\" rel=\"nofollow noopener\" target=\"_blank\">bygder p\u00e5 yttersida av Senja<\/a> i Troms.<\/p>\n<p>Fiskev\u00ear som fekk vegsamband s\u00e5 seint som i 1980-\u00e5ra.<\/p>\n<p>Og ikkje reint sjeldan er <a href=\"https:\/\/www.nrk.no\/tromsogfinnmark\/stor-snoskredfare-isolerer-flere-tusen-i-troms-og-finnmark-1.17203423\" ec-id=\"pp:article:1.17203423\" ec-name=\"v\u00earet s\u00e5 hardt over fjellovergangen\" rel=\"nofollow noopener\" target=\"_blank\">v\u00earet s\u00e5 hardt over fjellovergangen<\/a>, at dei blir <a href=\"https:\/\/www.nrk.no\/tromsogfinnmark\/bygder-i-troms-isolerte-etter-flere-ras-1.17162484\" ec-id=\"pp:article:1.17162484\" ec-name=\"isolerte fr\u00e5 resten av Noregs nest st\u00f8rste \u00f8y \u2013 og fastlandet.\" rel=\"nofollow noopener\" target=\"_blank\">isolerte fr\u00e5 resten av Noregs nest st\u00f8rste \u00f8y \u2013 og fastlandet.<\/a><\/p>\n<p>Dei er vande til \u00e5 <a href=\"https:\/\/www.nrk.no\/tromsogfinnmark\/_ingunn__-senja-uten-nodnett-i-dagevis-etter-strombrudd-1.16746822\" ec-id=\"pp:article:1.16746822\" ec-name=\"klare seg sj\u00f8lve\" rel=\"nofollow noopener\" target=\"_blank\">klare seg sj\u00f8lve<\/a>.<\/p>\n<p>Sjukeheimane er ein av byggesteinane for at bygdefolket stort sett tar <a href=\"https:\/\/www.nrk.no\/tromsogfinnmark\/store-skader-etter-uvaer-_-na-forbereder-de-seg-pa-_ingunn_-1.16743221\" ec-id=\"pp:article:1.16743221\" ec-name=\"uv\u00ear og stengde vegar med knusande ro\" rel=\"nofollow noopener\" target=\"_blank\">uv\u00ear og stengde vegar med knusande ro<\/a>.<\/p>\n<p>Men den siste tida har ei uro breidd seg.<\/p>\n<p><strong>Det bl\u00e5ser ein storm rundt framtida til sjukeheimane. Denne veka kan dei bli lagde ned.<\/strong><\/p>\n<p>\u2013 Eg kjenner p\u00e5 det. At det ikkje er sikkert arbeidsplassen best\u00e5r. Eg er bekymra for at det ikkje er bruk for arbeidskrafta mi lenger her i distriktet.<\/p>\n<p>Det seier Hanna Margrethe Teigen Olsen.<\/p>\n<p>Ho er sjukepleiarstudent og jobbar p\u00e5 Sifjord sjukeheim.<\/p>\n<p><img decoding=\"async\"   src=\"data:image\/gif;base64,R0lGODlhAQABAIAAAAAAAP\/\/\/yH5BAEAAAAALAAAAAABAAEAAAIBRAA7\" loading=\"eager\" alt=\"Et beplantet velkomstskilt \u00f8nsker folk velkommen til Sifjord. I bakgrunnen ser vi veien som f\u00f8rer til bygda, fjord og fjell. Det er vinter. \" title=\"Foto: Malin Straumsnes \/ NRK\"\/><\/p>\n<p class=\"\">Det bur nokre hundre menneske i og rundt fiskev\u00e6ret Sifjord.<\/p>\n<p>Foto: Malin Straumsnes \/ NRK<\/p>\n<p>Skal kutte 100 mill.<\/p>\n<p>Olsen skreller ein klementin og legg nokre b\u00e5tar p\u00e5 fatet til ein av bebuarane p\u00e5 sjukeheimen i Sifjord.<\/p>\n<p>Trass i julestemning, klarer verken ho eller kollegaene \u00e5 senke skuldrene i f\u00f8rjulstida.<\/p>\n<p>\u2013 Dei seier det er snakk om ei omstrukturering. Men vi har vore igjennom ei kommunesamansl\u00e5ing vi ikkje \u00f8nskte. Vi har opplevd at sjukeheimen har vore trua i alle \u00e5ra etter det skjedde i 2020, seier Olsen.<\/p>\n<p><img decoding=\"async\"   src=\"data:image\/gif;base64,R0lGODlhAQABAIAAAAAAAP\/\/\/yH5BAEAAAAALAAAAAABAAEAAAIBRAA7\" loading=\"eager\" alt=\"En person i en bl\u00e5 skjorte sitter foran et TV med juledekorasjoner. Bak henne er det en plante og to pyntegjenstander, inkludert en julefigur. I bakgrunnen sees en annen person som drikker fra en kopp ved et bord. Rommet har en lys og vennlig atmosf\u00e6re.\" title=\"Foto: Malin Straumsnes \/ NRK\"\/><\/p>\n<p class=\"\">Hanna Margrethe Teigen Olsen pratar med ein av bebuarane p\u00e5 sjukeheimen i Sifjord.<\/p>\n<p>Foto: Malin Straumsnes \/ NRK<\/p>\n<p>Sjukepleiarstudenten er tilflyttar til nabobygda Flakstadv\u00e5g.<\/p>\n<p>Ho har sett for seg ei framtid her.<\/p>\n<p><strong>Men ho fryktar kva som vil skje med bygdene p\u00e5 yttersida av Senja om sjukeheimen forsvinn.<\/strong><\/p>\n<p>For torsdag skal politikarane i Senja kommune avgjere framtida til sjukeheimane i kommunen.<\/p>\n<p><img decoding=\"async\"   src=\"data:image\/gif;base64,R0lGODlhAQABAIAAAAAAAP\/\/\/yH5BAEAAAAALAAAAAABAAEAAAIBRAA7\" loading=\"eager\" alt=\"Bildet viser en bygning med to etasjer beliggende langs en grusvei. Fasaden er delt mellom lys gul og lys gr\u00e5, med vinduer som har varme lys tent innvendig. Det er sn\u00f8 og isflekkene synlige p\u00e5 bakken, og en juletre er pyntet med lys til h\u00f8yre i bildet. I bakgrunnen er fjell synlige under en gr\u00e5 himmel. (Bildebeskrivelsen er laget av en KI-tjeneste)\" title=\"Foto: Malin Straumsnes \/ NRK\"\/><\/p>\n<p class=\"\">Sifjord er ein av fem sjukeheimar som kan bli omgjort til omsorgssenter.<\/p>\n<p>Foto: Malin Straumsnes \/ NRK<\/p>\n<p>Kommunen er i <a href=\"https:\/\/www.nrk.no\/tromsogfinnmark\/krevjande-okonomisk-omstilling-for-senja-kommune--1.17628125\" ec-id=\"pp:article:1.17628125\" ec-name=\"ein omstillingsprosess\" rel=\"nofollow noopener\" target=\"_blank\">ein omstillingsprosess<\/a>, og skal <a href=\"https:\/\/www.nrk.no\/tromsogfinnmark\/skal-kutte-100-millioner-i-senja-kommune-1.17214629\" ec-id=\"pp:article:1.17214629\" ec-name=\"kutte kostnadene med 100 millionar kroner dei neste tre \u00e5ra\" rel=\"nofollow noopener\" target=\"_blank\">kutte kostnadene med 100 millionar kroner dei neste tre \u00e5ra<\/a>.<\/p>\n<p>I eldreomsorga foresl\u00e5 det blant anna \u00e5 gjere alle sjukeheimane utanfor Finnsnes om til omsorgsbustader.<\/p>\n<p>Forslaget om sjukeheimane i Senja:<\/p>\n<p>Kommunedirekt\u00f8ren i Senja har foresl\u00e5tt \u00e5 legge ned alle sjukeheimane i distrikta, og berre behalde sjukeheimen p\u00e5 Finnsnes.<\/p>\n<p>I distrikta er planen at sjukeheimane skal gjerast om til omsorgsplassar.<\/p>\n<p>Det gjeld sjukeheimane i Sifjord, Gryllefjord, Skaland, Stonglandseidet og Rossfjord.<\/p>\n<p>Omstillinga bidrar til at kommunen blir halvert talet p\u00e5 sjukeheimsplassar.<\/p>\n<p>Politikarane skal ta torsdag 18. desember avgjere framtida til sjukeheimane n\u00e5r budsjettet skal til politisk behandling.<\/p>\n<p>Reidd for arbeidsplassane<\/p>\n<p>Det gjer at Olsen er usikker p\u00e5 om ho kan bli buande i distriktet.<\/p>\n<p><strong>\u2013 Det finst sjukepleiarjobbar mange plassar. Mannen min jobbar p\u00e5 havet og er flyttbar. Men det er ikkje noko vi \u00f8nsker. Eg g\u00e5r sjukepleiaren for \u00e5 kunne jobbe i distriktet. For \u00e5 f\u00e5 kompetanse til distrikta, seier ho.<\/strong><\/p>\n<p>Den unge sjukepleiarstudenten er ikkje den einaste som er redd for at bygda si.<\/p>\n<p><img decoding=\"async\"   src=\"data:image\/gif;base64,R0lGODlhAQABAIAAAAAAAP\/\/\/yH5BAEAAAAALAAAAAABAAEAAAIBRAA7\" loading=\"eager\" alt=\"To personer st\u00e5r i et kj\u00f8kken og jobber med matlaging. Den ene personen, if\u00f8rt hvit skjorte og bl\u00e5 hansker, r\u00f8rer i en stor gryte. Den andre, med m\u00f8rkebl\u00e5 uniform, observerer og ser ut til \u00e5 gi instrukser. Omgivelsene inkluderer kj\u00f8kkenutstyr og skap i bakgrunnen. (Bildebeskrivelsen er laget av en KI-tjeneste)\" title=\"Foto: Malin Straumsnes \/ NRK\"\/><\/p>\n<p class=\"\">Tine Karlsen og Hanna Margrethe Teigen Olsen er spent p\u00e5 om arbeidsplassane dei har best\u00e5r neste \u00e5r.<\/p>\n<p>Foto: Malin Straumsnes \/ NRK<\/p>\n<p>Kollegaen p\u00e5 kj\u00f8kkenet til Sifjord sjukeheimar, Tine Karlsen, kom til bygda i 1999.<\/p>\n<p>Etter 25 \u00e5r i jobben, er ogs\u00e5 ho bekymra.<\/p>\n<p>\u2013 Bekymringa er at vi kjem til \u00e5 miste masse arbeidsplassar. Det vil f\u00e5 store ringverknader b\u00e5de for lokalsamfunna og bygdene. Det er ikkje berre vi som mistar jobbane v\u00e5re. Det vil skje for mange andre, det gir ringverknader for barnehagane, skolane, butikken og fiskebruka, seier ho.<\/p>\n<p>\u2013 Ser svart ut<\/p>\n<p>P\u00e5 nabobutikken rett nedfor sjukeheimen, sit naboane Kjell Inge Jensen og Svein Jensen i kaffikroken.<\/p>\n<p>Dei gruer seg til avgjerda politikarane skal ta p\u00e5 torsdag.<\/p>\n<p>\u2013 Det har alt \u00e5 seie. At dei gamle som er fr\u00e5 distriktet ikkje f\u00e5r vere her lenger, er noko vi alle vil grue oss til, seier Svein Jensen.<\/p>\n<p><img decoding=\"async\"   src=\"data:image\/gif;base64,R0lGODlhAQABAIAAAAAAAP\/\/\/yH5BAEAAAAALAAAAAABAAEAAAIBRAA7\" loading=\"eager\" alt=\"To personer st\u00e5r i et kj\u00f8kken og jobber med matlaging. Den ene personen, if\u00f8rt hvit skjorte og bl\u00e5 hansker, r\u00f8rer i en stor gryte. Den andre, med m\u00f8rkebl\u00e5 uniform, observerer og ser ut til \u00e5 gi instrukser. Omgivelsene inkluderer kj\u00f8kkenutstyr og skap i bakgrunnen. (Bildebeskrivelsen er laget av en KI-tjeneste)\" title=\"Foto: Malin Straumsnes \/ NRK\"\/><\/p>\n<p class=\"\">Tine Karlsen og Hanna Margrethe Teigen Olsen er spent p\u00e5 om arbeidsplassane dei har best\u00e5r neste \u00e5r.<\/p>\n<p>Foto: Malin Straumsnes \/ NRK<\/p>\n<p>Ogs\u00e5 dei fryktar at omstruktureringa vil bety kroken p\u00e5 d\u00f8ra for Sifjord.<\/p>\n<p>\u2013 Skal vi bevare distrikta, m\u00e5 vi ha noko \u00e5 tilby dei som skal bu her. Har folk jobbar \u00e5 komme til, kjem ogs\u00e5 ideane etter. Da er det liv laga for bygdene. Men n\u00e5 ser det svart ut, seier Kjell Inge Jensen.<\/p>\n<p>Forst\u00e5r bekymringa til senjav\u00e6ringar<\/p>\n<p>Tilbake i kommunesenteret Finnsnes gjer kommunedirekt\u00f8r Stine Jakobsson Str\u00f8ms\u00f8 siste finisjen f\u00f8r det siste kommunestyrem\u00f8tet i \u00e5r.<\/p>\n<p>Det er dei folkevalde som skal avgjere sjukeheimane i skjebnen til distrikta, etter r\u00e5d fr\u00e5 kommunedirekt\u00f8ren.<\/p>\n<p>Da <a href=\"https:\/\/www.nrk.no\/tromsogfinnmark\/tvangssammenslaing-vedtatt_-senja--kommuner-slas-sammen-1.13551190\" ec-id=\"pp:article:1.13551190\" ec-name=\"fire kommunar blei sl\u00e5tt saman til storkommunen Senja\" rel=\"nofollow noopener\" target=\"_blank\">fire kommunar blei sl\u00e5tt saman til storkommunen Senja<\/a> blei det lova at tenestetilbodet skulle best\u00e5.<\/p>\n<p>Men den \u00f8konomiske situasjonen i kommunen har i l\u00f8pet av \u00e5ra blitt verre og verre.<\/p>\n<p>\u2013 Det at vi har vore fire kommunar gjer at vi har store strukturar. Det er spesielt for Senja, seier ho.<\/p>\n<p><img decoding=\"async\"   src=\"data:image\/gif;base64,R0lGODlhAQABAIAAAAAAAP\/\/\/yH5BAEAAAAALAAAAAABAAEAAAIBRAA7\" loading=\"eager\" alt=\"En kvinne i dress med kort h\u00e5r og briller ser inn i kamera. \" title=\"Foto: Malin Straumsnes \/ NRK\"\/><\/p>\n<p class=\"\">Kommunedirekt\u00f8r i Senja kommune, Stine Jakobsson Str\u00f8ms\u00f8.<\/p>\n<p>Foto: Malin Straumsnes \/ NRK<\/p>\n<p>Str\u00f8ms\u00f8 seier at ho har forst\u00e5ing for bekymringa til folk i Sifjord og andre bygder.<\/p>\n<p><strong>Men ho trur det blir kroken p\u00e5 d\u00f8ra for bygdene om det ikkje blir gjorde grep no.<\/strong><\/p>\n<p>\u2013 Eg har stor forst\u00e5ing for at folk er bekymra n\u00e5r vi st\u00e5r i Senja kommunes kanskje st\u00f8rste omstillingsprosess.<\/p>\n<p>\u2013 N\u00e5r det er sagt, s\u00e5 treng vi kompetanse p\u00e5 alle plassar \u2013 ogs\u00e5 lokalsentera. Eg \u00f8nsker at vi skal bruke momentet vi har med denne omstillingsprosessen til \u00e5 s\u00f8rge for best mogleg tenester ogs\u00e5 for framtida, seier Str\u00f8ms\u00f8.<\/p>\n<p>Vil styrke distrikta<\/p>\n<p><strong>I Sifjord trur folk likevel at ei omstilling i sjukeheimsstrukturen vil f\u00f8re til at sjukeheimen sakte d\u00f8yr ut.<\/strong><\/p>\n<p>\u2013 Viss sjukeheimen blir nedlagd, kva blir det neste? Drar ein familie, og s\u00e5 den neste? eg \u00f8nsker \u00e5 vere med p\u00e5 ein trend med \u00e5 styrke distrikta. Det vil eg gjere med sjukepleiarutdanning, beredskap og \u00e5 bu her.<\/p>\n<p>Det seier sjukepleiarstudenten Hanna Margrethe Teigen Olsen.<\/p>\n<p><img decoding=\"async\"   src=\"data:image\/gif;base64,R0lGODlhAQABAIAAAAAAAP\/\/\/yH5BAEAAAAALAAAAAABAAEAAAIBRAA7\" loading=\"eager\" alt=\"en person som holder en stor svart gjenstand (Bildebeskrivelsen er laget av en KI-tjeneste)\" title=\"Foto: Malin Straumsnes \/ NRK\"\/><\/p>\n<p class=\"\">Ho har lyst \u00e5 bu og jobbe i distriktet. Men no seier ho tilv\u00e6ret er trua.<\/p>\n<p>Foto: Malin Straumsnes \/ NRK<\/p>\n<p>Ho skal vidare og gje ein kopp kaffi til neste pasient p\u00e5 sjukeheimen.<\/p>\n<p><strong>\u2013 Vi har det eigentleg godt her. Men det tilv\u00e6ret er trua.<\/strong><\/p>\n<p>Publisert<\/p>\n<p>17.12.2025, kl. 22.30<\/p>\n<p>Oppdatert<\/p>\n<p>18.12.2025, kl. 21.02<\/p>\n","protected":false},"excerpt":{"rendered":"Dei bur i sm\u00e5 bygder p\u00e5 yttersida av Senja i Troms. Fiskev\u00ear som fekk vegsamband s\u00e5 seint som&hellip;\n","protected":false},"author":2,"featured_media":116862,"comment_status":"","ping_status":"","sticky":false,"template":"","format":"standard","meta":{"footnotes":""},"categories":[10],"tags":[20,21,24,25,15,22,23,13,30,28,29,14,16,26,27],"class_list":{"0":"post-116861","1":"post","2":"type-post","3":"status-publish","4":"format-standard","5":"has-post-thumbnail","7":"category-norge","8":"tag-breaking-news","9":"tag-breakingnews","10":"tag-featured-news","11":"tag-featurednews","12":"tag-headlines","13":"tag-latest-news","14":"tag-latestnews","15":"tag-news","16":"tag-no","17":"tag-norge","18":"tag-norway","19":"tag-nyheter","20":"tag-overskrifter","21":"tag-top-stories","22":"tag-topstories"},"share_on_mastodon":{"url":"https:\/\/pubeurope.com\/@no\/115742410223227643","error":""},"_links":{"self":[{"href":"https:\/\/www.europesays.com\/no\/wp-json\/wp\/v2\/posts\/116861","targetHints":{"allow":["GET"]}}],"collection":[{"href":"https:\/\/www.europesays.com\/no\/wp-json\/wp\/v2\/posts"}],"about":[{"href":"https:\/\/www.europesays.com\/no\/wp-json\/wp\/v2\/types\/post"}],"author":[{"embeddable":true,"href":"https:\/\/www.europesays.com\/no\/wp-json\/wp\/v2\/users\/2"}],"replies":[{"embeddable":true,"href":"https:\/\/www.europesays.com\/no\/wp-json\/wp\/v2\/comments?post=116861"}],"version-history":[{"count":0,"href":"https:\/\/www.europesays.com\/no\/wp-json\/wp\/v2\/posts\/116861\/revisions"}],"wp:featuredmedia":[{"embeddable":true,"href":"https:\/\/www.europesays.com\/no\/wp-json\/wp\/v2\/media\/116862"}],"wp:attachment":[{"href":"https:\/\/www.europesays.com\/no\/wp-json\/wp\/v2\/media?parent=116861"}],"wp:term":[{"taxonomy":"category","embeddable":true,"href":"https:\/\/www.europesays.com\/no\/wp-json\/wp\/v2\/categories?post=116861"},{"taxonomy":"post_tag","embeddable":true,"href":"https:\/\/www.europesays.com\/no\/wp-json\/wp\/v2\/tags?post=116861"}],"curies":[{"name":"wp","href":"https:\/\/api.w.org\/{rel}","templated":true}]}}