{"id":116867,"date":"2025-12-18T20:28:11","date_gmt":"2025-12-18T20:28:11","guid":{"rendered":"https:\/\/www.europesays.com\/no\/116867\/"},"modified":"2025-12-18T20:28:11","modified_gmt":"2025-12-18T20:28:11","slug":"byrakrati-innenriks-absurd-foresporsel-til-kommunen-har-kommunen-en-kukkonsulent","status":"publish","type":"post","link":"https:\/\/www.europesays.com\/no\/116867\/","title":{"rendered":"Byr\u00e5krati, Innenriks | Absurd foresp\u00f8rsel til kommunen: \u2013 Har kommunen en kukkonsulent?"},"content":{"rendered":"\n<p><a rel=\"Follow nofollow noopener\" href=\"https:\/\/www.glomdalen.no\/vegard-gir-seg-ikke-har-kommunen-en-kukkonsulent\/s\/80-19-174311\" target=\"_blank\">(Gl\u00e5mdalen)<\/a>: Kommunene er innbyggernes n\u00e6rmeste offentlige servicepunkt, og f\u00e5r et bredt spekter av henvendelser. Noen av de vanligste inneb\u00e6rer sp\u00f8rsm\u00e5l om vann og avl\u00f8p, veier, renovasjon, byggesaker og helsetjenester.<\/p>\n<p>Og de har plikt til \u00e5 svare.<\/p>\n<p>Men i et brev til Eidskog kommune, signert \u00abVegard Minecraft og grevlingen Erik\u00bb, har kommunedirekt\u00f8r Nils Johansen i Eidskog blitt stilt et noe uvanlig sp\u00f8rsm\u00e5l.<\/p>\n<p>\u2013 Har dere en kukkonsulent?<\/p>\n<p>\u00abJeg lurte p\u00e5 om dere har en egen kukkonsulent i kommunen?\u00bb, lyder sp\u00f8rsm\u00e5let.<\/p>\n<p>Avsenderen, som har en ukjent identitet, skriver at han har fors\u00f8kt \u00e5 avklare dette siden 15. september 2025 uten \u00e5 lykkes ,derfor har avsenderen purret p\u00e5 Eidskog f\u00f8r henvendelsen g\u00e5r til Statsforvalteren.<\/p>\n<p>\u00abDet virker som det er litt ulik praksis mellom kommuner n\u00e5r det gjelder \u00e5 svare. I Elverum kommune fortalte kultursjefen at kommuner har plikt til \u00e5 svare p\u00e5 henvendelser, uansett om det gjelder vann og avl\u00f8p, fastlege, skolebygg, str\u00f8ing av glatte fortau eller kukkonsulenter. HR-sjefen i R\u00f8ros kommune mente derimot at sp\u00f8rsm\u00e5lene v\u00e5re var misbruk av offentlige ressurser, noe som var litt krast, men jeg oppfattet det som et tydelig nei\u00bb.<\/p>\n<p><b>Les ogs\u00e5: <a class=\"simple-relation related-teaser article--c-eRUmMG article--c-eRUmMG-fZoQSp-design-nettavisen article--c-eRUmMG-gwthdJ-cv\" href=\"https:\/\/www.nettavisen.no\/paul-gar-ned-pa-kne-for-tre-tusen-men-kvelden-vil-han-ha-for-seg-sjol\/s\/5-95-2780752\" rel=\"nofollow noopener\" target=\"_blank\">Paul g\u00e5r ned p\u00e5 kne for tre tusen \u2013 men kvelden vil han ha for seg sj\u00f8l<\/a><\/b><\/p>\n<p>Gl\u00e5mdalen har v\u00e6rt i kontakt med kommunedirekt\u00f8r Nils Johansen som st\u00e5r oppf\u00f8rt som saksbehandler. Kommunens \u00f8verste sjef sier han har besvart henvendelsen.<\/p>\n<p>P\u00e5 sp\u00f8rsm\u00e5let om hvilken kommunal avdeling den eller kunne g\u00e5tt under, svarer han at den kunne g\u00e5tt til HR \u2013 ettersom det er et stillingssp\u00f8rsm\u00e5l.<\/p>\n<p>Flere kommuner stilt til veggs<\/p>\n<p>I svarbrevet fra kommunedirekt\u00f8ren skriver han f\u00f8lgende:<\/p>\n<p>\u00abViser til din henvendelse p\u00e5 e-post datert 8.12.25 der du sp\u00f8r om Eidskog kommune har en spesifikk stilling. Svaret er at Eidskog kommune ikke har den stillingen du sp\u00f8r etter\u00bb<\/p>\n<p><b>Les ogs\u00e5: <a class=\"simple-relation related-teaser article--c-eRUmMG article--c-eRUmMG-fZoQSp-design-nettavisen article--c-eRUmMG-gwthdJ-cv\" href=\"https:\/\/www.nettavisen.no\/vebjorn-selbekk-innrommer-jeg-er-en-synder\/s\/5-95-2780506\" rel=\"nofollow noopener\" target=\"_blank\">Vebj\u00f8rn Selbekk innr\u00f8mmer: \u2013 Jeg er en synder<\/a><\/b><\/p>\n<p>Eidskog er langt fra den f\u00f8rste kommunen som bes svare p\u00e5 den noe uvanlige stillingen. Blant annet har <a href=\"https:\/\/www.steinkjer-avisa.no\/etterlyste-kommunens-kukkonsulent-na-har-han-fatt-svar\/s\/5-117-346660\" rel=\"Follow nofollow noopener\" target=\"_blank\">Steinkjer kommune<\/a> og <a href=\"https:\/\/www.ostlendingen.no\/elverum-har-fatt-sporsmal-om-de-har-en-kukkonsulent-i-kommunen\/s\/80-69-152617\" rel=\"Follow nofollow noopener\" target=\"_blank\">Elverum kommune<\/a> v\u00e6rt omtalt i mediene i forbindelse med lignende saker.<\/p>\n<p>   <img decoding=\"async\" width=\"790\" height=\"769\" fetchpriority=\"low\"  loading=\"lazy\"  src=\"https:\/\/www.europesays.com\/no\/wp-content\/uploads\/2025\/12\/kukkonsulent_Eidskog.jpg\" alt=\"MAIL: Denne mailen har flere kommuner rundt om i Norge mottatt. \" class=\"brick-c-cFOWSL\" style=\"--brick-image-ratio: 790 \/ 769;\"\/><\/p>\n<p>      MAIL: Denne mailen har flere kommuner rundt om i Norge mottatt.<br \/>\n      Foto: Skjermdump Gl\u00e5mdalen\n    <\/p>\n<p>  Humor om alvor<\/p>\n<p>Bakgrunnen for sp\u00f8rsm\u00e5let er at Erlend Loe har skrevet en roman som heter \u00abKukene\/Kukane\u00bb. Den handler om Tander som mister kuken (i den nynorske teksten, penis p\u00e5 bokm\u00e5l) i dusjen, og utforsker tap, tilknytning og frihet \u2013 og om hva det egentlig vil si \u00e5 v\u00e6re hel.<\/p>\n<p>Boka har f\u00e5tt gode anmeldelser og vekket oppmerksomhet med b\u00e5de sin absurditet og kombinasjonen av nynorsk og bokm\u00e5l.<\/p>\n<p><b>Les ogs\u00e5: <a class=\"simple-relation related-teaser article--c-eRUmMG article--c-eRUmMG-fZoQSp-design-nettavisen article--c-eRUmMG-gwthdJ-cv\" href=\"https:\/\/www.nettavisen.no\/hyller-ny-kreftbehandling-medisinsk-revolusjon\/s\/5-95-2780024\" rel=\"nofollow noopener\" target=\"_blank\">Hyller ny kreftbehandling: \u2013 Medisinsk revolusjon<\/a><\/b><\/p>\n<p>Helt til slutt i boka st\u00e5r det: \u00abOm du kjenner behov for \u00e5 prata med nokon etter \u00e5 ha lese denne boka, ta kontakt med kommunen sin kukkonsulent.\u00bb<\/p>\n<p>Det er nettopp det \u00abVegard\u00bb har gjort.<\/p>\n<p>Forfatteren selv har avkreftet at det er han som st\u00e5r bak:<\/p>\n<p>\u2013 Nei, det er ikke jeg som sender som Vegard. En tilsvarende foresp\u00f8rsel har kommet til Nittedal kommune vet jeg. S\u00e5 dette er tydeligvis i ferd med \u00e5 bli en liten trend, skriver Loe i en SMS til <a rel=\"Follow nofollow noopener\" href=\"https:\/\/www.steinkjer-avisa.no\/etterlyste-kommunens-kukkonsulent-na-har-han-fatt-svar\/s\/5-117-346660\" target=\"_blank\">Steinkjer-Avisa<\/a>.<\/p>\n<p>   <img decoding=\"async\" width=\"8477\" height=\"5651\" fetchpriority=\"low\"  loading=\"lazy\"  src=\"https:\/\/www.europesays.com\/no\/wp-content\/uploads\/2025\/12\/NTB_MDgFUNtdQvk.jpg\" alt=\"Oslo 20250401. &#10;Forfatter Erlend Loe ankommer bisettelsen til forfatter Dag Solstad i Oslo domkirke tirsdag. Han d\u00f8de 14. mars, 83 \u00e5r gammel.&#10;Foto: Ole Berg-Rusten \/ NTB\" class=\"brick-c-cFOWSL\" style=\"--brick-image-ratio: 8477 \/ 5651;\"\/><\/p>\n<p>      HYLLER: Erlend Loe synes kukkonsulent-vitsen er ganske g\u00f8y.<br \/>\n      Foto: Ole Berg-Rusten (NTB)\n    <\/p>\n<p>Loe mener det er godt nytt at noen har blitt opptatt av sine kommuners \u00abkukkonsulenter\u00bb. P\u00e5 X skriver han f\u00f8lgende:<\/p>\n<p>\u2013 M\u00e5 innr\u00f8mme at jeg syns dette er litt g\u00f8y. Kommunens kukkonsulent, alts\u00e5.<\/p>\n","protected":false},"excerpt":{"rendered":"(Gl\u00e5mdalen): Kommunene er innbyggernes n\u00e6rmeste offentlige servicepunkt, og f\u00e5r et bredt spekter av henvendelser. Noen av de vanligste&hellip;\n","protected":false},"author":2,"featured_media":116868,"comment_status":"","ping_status":"","sticky":false,"template":"","format":"standard","meta":{"footnotes":""},"categories":[10],"tags":[20,21,24,25,15,22,23,13,30,28,29,14,16,26,27],"class_list":{"0":"post-116867","1":"post","2":"type-post","3":"status-publish","4":"format-standard","5":"has-post-thumbnail","7":"category-norge","8":"tag-breaking-news","9":"tag-breakingnews","10":"tag-featured-news","11":"tag-featurednews","12":"tag-headlines","13":"tag-latest-news","14":"tag-latestnews","15":"tag-news","16":"tag-no","17":"tag-norge","18":"tag-norway","19":"tag-nyheter","20":"tag-overskrifter","21":"tag-top-stories","22":"tag-topstories"},"share_on_mastodon":{"url":"https:\/\/pubeurope.com\/@no\/115742462062411489","error":""},"_links":{"self":[{"href":"https:\/\/www.europesays.com\/no\/wp-json\/wp\/v2\/posts\/116867","targetHints":{"allow":["GET"]}}],"collection":[{"href":"https:\/\/www.europesays.com\/no\/wp-json\/wp\/v2\/posts"}],"about":[{"href":"https:\/\/www.europesays.com\/no\/wp-json\/wp\/v2\/types\/post"}],"author":[{"embeddable":true,"href":"https:\/\/www.europesays.com\/no\/wp-json\/wp\/v2\/users\/2"}],"replies":[{"embeddable":true,"href":"https:\/\/www.europesays.com\/no\/wp-json\/wp\/v2\/comments?post=116867"}],"version-history":[{"count":0,"href":"https:\/\/www.europesays.com\/no\/wp-json\/wp\/v2\/posts\/116867\/revisions"}],"wp:featuredmedia":[{"embeddable":true,"href":"https:\/\/www.europesays.com\/no\/wp-json\/wp\/v2\/media\/116868"}],"wp:attachment":[{"href":"https:\/\/www.europesays.com\/no\/wp-json\/wp\/v2\/media?parent=116867"}],"wp:term":[{"taxonomy":"category","embeddable":true,"href":"https:\/\/www.europesays.com\/no\/wp-json\/wp\/v2\/categories?post=116867"},{"taxonomy":"post_tag","embeddable":true,"href":"https:\/\/www.europesays.com\/no\/wp-json\/wp\/v2\/tags?post=116867"}],"curies":[{"name":"wp","href":"https:\/\/api.w.org\/{rel}","templated":true}]}}