{"id":116875,"date":"2025-12-18T20:36:22","date_gmt":"2025-12-18T20:36:22","guid":{"rendered":"https:\/\/www.europesays.com\/no\/116875\/"},"modified":"2025-12-18T20:36:22","modified_gmt":"2025-12-18T20:36:22","slug":"trafikk-vefsn-ambulansearbeider-skadet-pa-ulykkessted","status":"publish","type":"post","link":"https:\/\/www.europesays.com\/no\/116875\/","title":{"rendered":"Trafikk, Vefsn | Ambulansearbeider skadet p\u00e5 ulykkessted"},"content":{"rendered":"\n<p>Ambulanse og politi rykket ut til Drevjamoen etter melding om en ulykke p\u00e5 rv 78 torsdag kveld. <\/p>\n<p>Mens redningsfolkene jobbet p\u00e5 stedet ble en ambulanse p\u00e5kj\u00f8rt. Ambulansearbeideren som kom til skade satt i dette kj\u00f8ret\u00f8yet. Vedkommende er fraktet til sykehus for videre behandling, opplyser operasjonsleder Stig \u00d8stb\u00f8 ved Nordland politistasjon. <\/p>\n<p>To personer har f\u00e5tt f\u00f8rerkortet midlertidig beslaglagt. Den ene av disse er f\u00f8reren av en bil som hadde kj\u00f8rt av veien, og som var bakgrunnen for at politi og ambulanse var p\u00e5 stedet i utgangspunktet. Den andre er f\u00f8reren av bilen som kj\u00f8rte p\u00e5 ambulansen.<\/p>\n<p>Stig \u00d8stb\u00f8 forteller n\u00e6rmere hva som skjedde:<\/p>\n<p>\u2013 Det var en bil med campingvogn som kj\u00f8rte vestover langs \u00d8mmervassvegen. Sj\u00e5f\u00f8ren klarte ikke \u00e5 stopp i t-krysset til rv 78 nedfor Drevjamoen leir og kj\u00f8rte rett fram og ut av veien. Det var en forbipasserende som varslet om ulykken. Ambulansen kom til stedet, og mens de st\u00e5r der kommer det en bilfrakter som ikke greier \u00e5 stoppe. Bilfrakteren kj\u00f8rer inn i ambulansen, og det er da ambulansearbeideren blir skadet. Det er ikke snakk om livstruende eller alvorlige skader s\u00e5 langt vi har oversikt. <\/p>\n<p>Trafikken g\u00e5r forbi skadestedet i ett felt. <\/p>\n<p>Det er tett sn\u00f8drev og vanskelige kj\u00f8reforhold p\u00e5 stedet, opplyser politiet klokken 18.11.<\/p>\n","protected":false},"excerpt":{"rendered":"Ambulanse og politi rykket ut til Drevjamoen etter melding om en ulykke p\u00e5 rv 78 torsdag kveld. Mens&hellip;\n","protected":false},"author":2,"featured_media":4133,"comment_status":"","ping_status":"","sticky":false,"template":"","format":"standard","meta":{"footnotes":""},"categories":[10],"tags":[36,20,21,24,25,15,22,23,13,30,28,29,14,16,1510,26,27,224,1204,1203],"class_list":{"0":"post-116875","1":"post","2":"type-post","3":"status-publish","4":"format-standard","5":"has-post-thumbnail","7":"category-norge","8":"tag-art","9":"tag-breaking-news","10":"tag-breakingnews","11":"tag-featured-news","12":"tag-featurednews","13":"tag-headlines","14":"tag-latest-news","15":"tag-latestnews","16":"tag-news","17":"tag-no","18":"tag-norge","19":"tag-norway","20":"tag-nyheter","21":"tag-overskrifter","22":"tag-story","23":"tag-top-stories","24":"tag-topstories","25":"tag-trafikk","26":"tag-ulykker","27":"tag-vefsn"},"share_on_mastodon":{"url":"https:\/\/pubeurope.com\/@no\/115742492889665797","error":""},"_links":{"self":[{"href":"https:\/\/www.europesays.com\/no\/wp-json\/wp\/v2\/posts\/116875","targetHints":{"allow":["GET"]}}],"collection":[{"href":"https:\/\/www.europesays.com\/no\/wp-json\/wp\/v2\/posts"}],"about":[{"href":"https:\/\/www.europesays.com\/no\/wp-json\/wp\/v2\/types\/post"}],"author":[{"embeddable":true,"href":"https:\/\/www.europesays.com\/no\/wp-json\/wp\/v2\/users\/2"}],"replies":[{"embeddable":true,"href":"https:\/\/www.europesays.com\/no\/wp-json\/wp\/v2\/comments?post=116875"}],"version-history":[{"count":0,"href":"https:\/\/www.europesays.com\/no\/wp-json\/wp\/v2\/posts\/116875\/revisions"}],"wp:featuredmedia":[{"embeddable":true,"href":"https:\/\/www.europesays.com\/no\/wp-json\/wp\/v2\/media\/4133"}],"wp:attachment":[{"href":"https:\/\/www.europesays.com\/no\/wp-json\/wp\/v2\/media?parent=116875"}],"wp:term":[{"taxonomy":"category","embeddable":true,"href":"https:\/\/www.europesays.com\/no\/wp-json\/wp\/v2\/categories?post=116875"},{"taxonomy":"post_tag","embeddable":true,"href":"https:\/\/www.europesays.com\/no\/wp-json\/wp\/v2\/tags?post=116875"}],"curies":[{"name":"wp","href":"https:\/\/api.w.org\/{rel}","templated":true}]}}