{"id":116878,"date":"2025-12-18T20:38:14","date_gmt":"2025-12-18T20:38:14","guid":{"rendered":"https:\/\/www.europesays.com\/no\/116878\/"},"modified":"2025-12-18T20:38:14","modified_gmt":"2025-12-18T20:38:14","slug":"age-hareide-er-dod","status":"publish","type":"post","link":"https:\/\/www.europesays.com\/no\/116878\/","title":{"rendered":"\u00c5ge Hareide er d\u00f8d"},"content":{"rendered":"\n<p class=\"_lead_o9xde_2 _lead_xtcu6_50 layout-component text-serif-m layout-normal text-serif-l layout-component layout-wide layout-padded _wide_17hqh_1 layout-padded\">\u00c5ge Hareide d\u00f8de torsdag. Han ble 72 \u00e5r.<\/p>\n<p> <img class=\"_image_qp4xg_65 layout-component layout-wide\" data-fullscreen- data-track-element-type=\"Article image fullscreen\" data-track-name=\"ImageFullscreen\" fetchpriority=\"high\" decoding=\"sync\" loading=\"eager\" height=\"102\" itemprop=\"image\"  src=\"https:\/\/www.europesays.com\/no\/wp-content\/uploads\/2025\/12\/b151a2e591b13c55320290410ea3cf66.jpg\"  style=\"object-position:50% 50%;aspect-ratio:1.75;height:auto;object-fit:cover;width:100%\" width=\"102\"\/>  <\/p>\n<ul aria-hidden=\"true\" class=\"_images_ntbth_112\">\n<li><a class=\"_link_ntbth_117\" href=\"https:\/\/www.vg.no\/forfatter\/andreas-hopen\" style=\"z-index:2\" title=\"Andreas Hopen\" rel=\"nofollow noopener\" target=\"_blank\"><img alt=\"Bilde av Andreas Hopen\" class=\"_image_ntbth_93\" fetchpriority=\"low\" loading=\"lazy\" decoding=\"async\" itemprop=\"image\"  src=\"https:\/\/www.europesays.com\/no\/wp-content\/uploads\/2025\/12\/1766090292_653_8d697287-ea03-4d54-ab67-6d65b82629eb\"  width=\"480\"\/><\/a><\/li>\n<li><a class=\"_link_ntbth_117\" href=\"https:\/\/www.vg.no\/forfatter\/knut-espen-svegaarden\" style=\"z-index:1\" title=\"Knut Espen Svegaarden\" rel=\"nofollow noopener\" target=\"_blank\"><img alt=\"Bilde av Knut Espen Svegaarden\" class=\"_image_ntbth_93\" fetchpriority=\"low\" loading=\"lazy\" decoding=\"async\" itemprop=\"image\"  src=\"https:\/\/www.europesays.com\/no\/wp-content\/uploads\/2025\/12\/7c297408-e447-43c8-be2a-875e277033b1\"  width=\"480\"\/><\/a><\/li>\n<\/ul>\n<p> Oppdatert torsdag 18. desember kl. 21:38    <\/p>\n<ul class=\"_list_o9xde_3 _list_64s2r_85 _unordered_o9xde_106 text-sans-m\">\n<li class=\"_item_o9xde_30\">\u00c5ge Hareide, en kjent norsk fotballpersonlighet, har d\u00f8dd etter kort tids sykdom.<\/li>\n<li class=\"_item_o9xde_30\">Han ble 72 \u00e5r gammel og fikk diagnosen hjernekreft i juli.<\/li>\n<li class=\"_item_o9xde_30\">Hareide har hatt en lang karriere som spiller og trener, blant annet i Norge, Sverige og Danmark.<\/li>\n<li class=\"_item_o9xde_30\">Han tok Danmarks landslag til VM i 2018 og fikk flere utmerkelser som trener.<\/li>\n<\/ul>\n<p>Vis mer <\/p>\n<p class=\"_paragraph_o9xde_4 _paragraph_xtcu6_10 layout-component text-serif-m layout-normal text-serif-m layout-padded\">\u00abPappa sovnet inn i kveld, hjemme sammen med familien rundt seg. N\u00e5 har han spilt sin siste kamp. Vi er evig takknemlige for all kj\u00e6rlighet vi har f\u00e5tt i tiden han har v\u00e6rt syk.\u00bb<\/p>\n<p class=\"_paragraph_o9xde_4 _paragraph_xtcu6_10 layout-component text-serif-m layout-normal text-serif-m layout-padded\">Det skriver s\u00f8nnen Bendik i en melding til VG.<\/p>\n<p class=\"_paragraph_o9xde_4 _paragraph_xtcu6_10 layout-component text-serif-m layout-normal text-serif-m layout-padded\"><a href=\"https:\/\/www.vg.no\/tag\/aage-hareide?utm_source=vg-article&amp;utm_medium=auto-tagger&amp;utm_campaign=BxRVGv\" class=\"_link_o9xde_39\" rel=\"nofollow noopener\" target=\"_blank\">\u00c5ge Hareide<\/a> fikk p\u00e5vist hjernekreft 30. juli.<\/p>\n<p class=\"_paragraph_o9xde_4 _paragraph_xtcu6_10 layout-component text-serif-m layout-normal text-serif-m layout-padded\">\u2013 \u00c5ge var en av norsk fotballs st\u00f8rste, b\u00e5de som spiller og trener. For meg personlig satt jeg pris p\u00e5 de mange gode samtalene vi hadde da jeg var trener i FCK og han var landslagstrener for Danmark, og han kom innom treningene v\u00e5re. Han var ogs\u00e5 veldig st\u00f8ttende for meg da det gikk galt i EM-kvaliken. Det er fryktelig trist at \u00c5ge har g\u00e5tt bort. V\u00e5re varmeste tanker g\u00e5r til hans n\u00e6rmeste familie, sier landslagssjef St\u00e5le Solbakken.<\/p>\n<p><img alt=\"\u00c5ge Hareide med sitt karakteristiske smil under VM i 2018 med Danmark. Her sammen med Kasper Schmeichel.  Foto: Bj\u00f8rn S. Delebekk \/ VG\" class=\"_image_qp4xg_65 layout-component layout-normal\" data-fullscreen- data-track-element-type=\"Article image fullscreen\" data-track-name=\"ImageFullscreen\" decoding=\"async\" loading=\"lazy\" height=\"3712\" itemprop=\"image\"  src=\"https:\/\/www.europesays.com\/no\/wp-content\/uploads\/2025\/12\/c7be9b7e-a2b8-4c95-93c3-d4f21a49ed69\"  style=\"object-position:0% 0%\" width=\"4353\"\/>\u00c5ge Hareide med sitt karakteristiske smil under VM i 2018 med Danmark. Her sammen med Kasper Schmeichel.  Foto: Bj\u00f8rn S. Delebekk \/ VG<\/p>\n<p class=\"_paragraph_o9xde_4 _paragraph_xtcu6_10 layout-component text-serif-m layout-normal text-serif-m layout-padded\">\u2013 En bauta i norsk fotball har g\u00e5tt bort. En mann som har preget sporten v\u00e5r p\u00e5 s\u00e5 mange m\u00e5ter og betydd mye for s\u00e5 veldig mange. \u00c5ge var en dyktig og elsket fotballeder, en trener og fotballkollega som kombinerte \u00e6rgjerrighet, ambisjoner, humor og tilgjengelighet p\u00e5 en unik m\u00e5te, sier president Lise Klaveness i Norges Fotballforbund.<\/p>\n<p>\u00c5rets trener<\/p>\n<p class=\"_paragraph_o9xde_4 _paragraph_xtcu6_10 layout-component text-serif-m layout-normal text-serif-m layout-padded\">Mannen fra Hareid var en av de mest fremtredende personlighetene i norsk fotball over fem ti\u00e5r.<\/p>\n<p class=\"_paragraph_o9xde_4 _paragraph_xtcu6_10 layout-component text-serif-m layout-normal text-serif-m layout-padded\">Hareide var aktiv fotballspiller i 17 \u00e5r og startet karrieren i H\u00f8dd. I 1980 ble han k\u00e5ret til \u00e5rets spiller og \u00e5rets forsvarsspiller av VG. <\/p>\n<p class=\"_paragraph_o9xde_4 _paragraph_xtcu6_10 layout-component text-serif-m layout-normal text-serif-m layout-padded\">\u00c5ret etter ble han den andre nordmann som spilte i engelsk fotball. Han spilte for Manchester City og Norwich.<\/p>\n<p class=\"_paragraph_o9xde_4 _paragraph_xtcu6_10 layout-component text-serif-m layout-normal text-serif-m layout-padded\">Hareide fikk 50 landskamper for Norge og scoret fem m\u00e5l. Han var blant annet med \u00e5 sl\u00e5 England 2\u20131 p\u00e5 Ullevaal stadion i 1981. <\/p>\n<p><img alt=\"Hareide hadde suksess som trener i Malm\u00f6. Under Europa League-kampen mot Nottingham Forest i h\u00f8st hyllet Malm\u00f6-fansen sin gamle trener.  Foto: MATHILDA SCHULER \/ Bildbyr\u00e5n\" class=\"_image_qp4xg_65 layout-component layout-normal\" data-fullscreen- data-track-element-type=\"Article image fullscreen\" data-track-name=\"ImageFullscreen\" decoding=\"async\" loading=\"lazy\" height=\"4000\" itemprop=\"image\"  src=\"https:\/\/www.europesays.com\/no\/wp-content\/uploads\/2025\/12\/9fba7217-5aa4-4f87-90f5-d70f144359e3\"  style=\"object-position:0% 0%\" width=\"6000\"\/>Hareide hadde suksess som trener i Malm\u00f6. Under Europa League-kampen mot Nottingham Forest i h\u00f8st hyllet Malm\u00f6-fansen sin gamle trener.  Foto: MATHILDA SCHULER \/ Bildbyr\u00e5n<\/p>\n<p class=\"_paragraph_o9xde_4 _paragraph_xtcu6_10 layout-component text-serif-m layout-normal text-serif-m layout-padded\">Som fotballtrener hadde Hareide stor suksess i hele Skandinavia. Trenerkarrieren startet i Molde som spillende trener i 1985. Han var senere trener b\u00e5de i Sverige og Danmark og ble seriemester i alle tre land. Han tok Malm\u00f6 til gruppespillet i Champions League to sesonger p\u00e5 rad.<\/p>\n<p class=\"_paragraph_o9xde_4 _paragraph_xtcu6_10 layout-component text-serif-m layout-normal text-serif-m layout-padded\">Hareide var ogs\u00e5 landslagstrener for Norge, Danmark og Island. Hans st\u00f8rste meritter kom med det danske landslaget.<\/p>\n<p class=\"_paragraph_o9xde_4 _paragraph_xtcu6_10 layout-component text-serif-m layout-normal text-serif-m layout-padded\">I 2017 tok han Danmark til VM \u00e5ret etter. Der ble det stopp etter straffer i 8-delsfinalen mot Kroatia, som senere gikk til finalen. <\/p>\n<p class=\"_paragraph_o9xde_4 _paragraph_xtcu6_10 layout-component text-serif-m layout-normal text-serif-m layout-padded\">Han ble k\u00e5ret til \u00e5rets danske trener i 2018 og 2020 \u2013 og senere ogs\u00e5 utnevnt til ridder av Danebrogsordenen. I 2017 ble han tildelt Kniksens hederspris i Norge.<\/p>\n<p class=\"_paragraph_o9xde_4 _paragraph_xtcu6_10 layout-component text-serif-m layout-normal text-serif-m layout-padded\">\u2013 For min del finnes det knapt et st\u00f8rre kompliment enn \u00e5 si at \u00c5ge er et fantastisk og genuint godt menneske, sa Hareides trofaste spiller p\u00e5 det danske landslaget Simon Kj\u00e6r til Bold.dk tidligere i h\u00f8st.<\/p>\n<p><img alt=\"Hareides stolteste \u00f8yeblikk var VM med Danmark.  Foto: Bj\u00f8rn S. Delebekk \/ VG\" class=\"_image_qp4xg_65 layout-component layout-normal\" data-fullscreen- data-track-element-type=\"Article image fullscreen\" data-track-name=\"ImageFullscreen\" decoding=\"async\" loading=\"lazy\" height=\"3548\" itemprop=\"image\"  src=\"https:\/\/www.europesays.com\/no\/wp-content\/uploads\/2025\/12\/0dd0f86d-6eef-48fd-b00d-a0419bdd806a\"  style=\"object-position:0% 0%\" width=\"5552\"\/>Hareides stolteste \u00f8yeblikk var VM med Danmark.  Foto: Bj\u00f8rn S. Delebekk \/ VGS\u00e5 Norge sikre VM-plass<\/p>\n<p class=\"_paragraph_o9xde_4 _paragraph_xtcu6_10 layout-component text-serif-m layout-normal text-serif-m layout-padded\">Hareide var p\u00e5 plass i Milano til Norges avgj\u00f8rende VM-kvalifiseringskamp i h\u00f8st. Der brukte St\u00e5le Solbakken tid til \u00e5 hylle en da syk Hareide.<\/p>\n<p class=\"_paragraph_o9xde_4 _paragraph_xtcu6_10 layout-component text-serif-m layout-normal text-serif-m layout-padded\"> \u2013 Han er en av de st\u00f8rste spillerne. Den andre (nordmann) gjennom tidene i engelsk fotball. Stor trenerkarriere. Seier i Danmark, Sverige, Norge. Har som en av f\u00e5 nordmenn VM-erfaring som trener. Og som vet hva dette dreier seg om, sa Solbakken fra podiet.<\/p>\n<p><img alt=\"Foto: Bj\u00f8rn S. Delebekk \/ VG\" class=\"_image_qp4xg_65 layout-component layout-normal\" data-fullscreen- data-track-element-type=\"Article image fullscreen\" data-track-name=\"ImageFullscreen\" decoding=\"async\" loading=\"lazy\" height=\"5504\" itemprop=\"image\"  src=\"https:\/\/www.europesays.com\/no\/wp-content\/uploads\/2025\/12\/959f4092-2218-41b6-b37d-b1f908c4c91b\"  style=\"object-position:0% 0%\" width=\"8256\"\/>Foto: Bj\u00f8rn S. Delebekk \/ VG<\/p>\n<p class=\"_paragraph_o9xde_4 _paragraph_xtcu6_10 layout-component text-serif-m layout-normal text-serif-m layout-padded\"><a href=\"https:\/\/www.vg.no\/sport\/i\/j09w6e\/aage-hareide-har-faatt-kreft-det-hele-var-et-sjokk\" data-track-element-type=\"Link\" data-track-id=\"link:j09w6e\" class=\"_link_o9xde_39\" rel=\"nofollow noopener\" target=\"_blank\">VG<\/a> m\u00f8tte \u00c5ge Hareide i november. Der snakket han om sjokket sykdomsbeskjeden i sommer var \u2013 og den morsomste sesongen han hadde som fotballtrener, med Molde i 1995.<\/p>\n<p class=\"_paragraph_o9xde_4 _paragraph_xtcu6_10 layout-component text-serif-m layout-normal text-serif-m layout-padded\">\u2013 Petter Rudi bak de tre S\u2019ene, Stavrum, Solskj\u00e6r og Sundgot. Det var utrolig morsomt, sa Hareide da.<\/p>\n<p class=\"_paragraph_o9xde_4 _paragraph_xtcu6_10 layout-component text-serif-m layout-normal text-serif-m layout-padded\">Da visste han at trenerkarrieren var over &#8211; f\u00e5 m\u00e5neder etter at han vurderte \u00e5 bli landslagstrener for Oman.<\/p>\n<p class=\"_paragraph_o9xde_4 _paragraph_xtcu6_10 layout-component text-serif-m layout-normal text-serif-m layout-padded\">\u2013 Det hele var et sjokk. Og n\u00e5 m\u00e5 jeg omstille meg, f\u00e5 en annen kurs p\u00e5 livet mitt, sa han.<\/p>\n<p class=\"_paragraph_o9xde_4 _paragraph_xtcu6_10 layout-component text-serif-m layout-normal text-serif-m layout-padded\">Hareide var kjent for sitt karakteristiske smil og hum\u00f8r &#8211; selv om det ogs\u00e5 kunne g\u00e5 en kule varmt som trener. Karrieren er det f\u00e5 som kan matche i norsk sammenheng. \u00c9n ting glemte han aldri. Landslagets EM-kvalik for 17 \u00e5r siden.<\/p>\n<p class=\"_paragraph_o9xde_4 _paragraph_xtcu6_10 layout-component text-serif-m layout-normal text-serif-m layout-padded\">\u2014 Det irriterer meg fortsatt, sa Hareide om spesielt et EM i 2008 som r\u00f8k foran \u00f8ynene p\u00e5 ham.<\/p>\n<p class=\"_paragraph_o9xde_4 _paragraph_xtcu6_10 layout-component text-serif-m layout-normal text-serif-m layout-padded\">N\u00e5 er Norge klare for VM. Hareide var i Milano da det hele ble avgjort. Kjell Inge R\u00f8kke spurte Hareide om dette var noe han ville ha med seg. Det ville den gamle landslagstreneren.<\/p>\n<p class=\"_paragraph_o9xde_4 _paragraph_xtcu6_10 layout-component text-serif-m layout-normal text-serif-m layout-padded\">\u00abOk, da henter jeg deg\u00bb, <a href=\"https:\/\/www.vg.no\/sport\/i\/j09w6e\/aage-hareide-har-faatt-kreft-det-hele-var-et-sjokk\" data-track-element-type=\"Link\" data-track-id=\"link:j09w6e\" class=\"_link_o9xde_39\" rel=\"nofollow noopener\" target=\"_blank\">svarte<\/a> R\u00f8kke.<\/p>\n","protected":false},"excerpt":{"rendered":"\u00c5ge Hareide d\u00f8de torsdag. Han ble 72 \u00e5r. Oppdatert torsdag 18. desember kl. 21:38 \u00c5ge Hareide, en kjent&hellip;\n","protected":false},"author":2,"featured_media":116879,"comment_status":"","ping_status":"","sticky":false,"template":"","format":"standard","meta":{"footnotes":""},"categories":[59],"tags":[11648,92,30,28,29,83,82],"class_list":{"0":"post-116878","1":"post","2":"type-post","3":"status-publish","4":"format-standard","5":"has-post-thumbnail","7":"category-sport","8":"tag-age-hareide","9":"tag-fotball","10":"tag-no","11":"tag-norge","12":"tag-norway","13":"tag-sport","14":"tag-sports"},"share_on_mastodon":{"url":"https:\/\/pubeurope.com\/@no\/115742501873414785","error":""},"_links":{"self":[{"href":"https:\/\/www.europesays.com\/no\/wp-json\/wp\/v2\/posts\/116878","targetHints":{"allow":["GET"]}}],"collection":[{"href":"https:\/\/www.europesays.com\/no\/wp-json\/wp\/v2\/posts"}],"about":[{"href":"https:\/\/www.europesays.com\/no\/wp-json\/wp\/v2\/types\/post"}],"author":[{"embeddable":true,"href":"https:\/\/www.europesays.com\/no\/wp-json\/wp\/v2\/users\/2"}],"replies":[{"embeddable":true,"href":"https:\/\/www.europesays.com\/no\/wp-json\/wp\/v2\/comments?post=116878"}],"version-history":[{"count":0,"href":"https:\/\/www.europesays.com\/no\/wp-json\/wp\/v2\/posts\/116878\/revisions"}],"wp:featuredmedia":[{"embeddable":true,"href":"https:\/\/www.europesays.com\/no\/wp-json\/wp\/v2\/media\/116879"}],"wp:attachment":[{"href":"https:\/\/www.europesays.com\/no\/wp-json\/wp\/v2\/media?parent=116878"}],"wp:term":[{"taxonomy":"category","embeddable":true,"href":"https:\/\/www.europesays.com\/no\/wp-json\/wp\/v2\/categories?post=116878"},{"taxonomy":"post_tag","embeddable":true,"href":"https:\/\/www.europesays.com\/no\/wp-json\/wp\/v2\/tags?post=116878"}],"curies":[{"name":"wp","href":"https:\/\/api.w.org\/{rel}","templated":true}]}}