{"id":116880,"date":"2025-12-18T20:42:19","date_gmt":"2025-12-18T20:42:19","guid":{"rendered":"https:\/\/www.europesays.com\/no\/116880\/"},"modified":"2025-12-18T20:42:19","modified_gmt":"2025-12-18T20:42:19","slug":"israel-hevder-iran-stod-bak-drapet-pa-mit-professor-og-kjernefysiker-nuno-loureiro","status":"publish","type":"post","link":"https:\/\/www.europesays.com\/no\/116880\/","title":{"rendered":"Israel hevder Iran stod bak drapet p\u00e5 MIT- professor og kjernefysiker Nuno Loureiro"},"content":{"rendered":"<p><strong>Verdenskjente MIT-forsker Nuno F.G. Loureiro ble drept i sitt hjem i Brookline, Massachusetts, i et angrep som israelske myndigheter mener kan ha v\u00e6rt utf\u00f8rt av en iransk agent. Loureiro, 47, var en ledende ekspert innen kjernefysikk og kjernefysisk fusjon, og hadde tidligere uttalt seg til fordel for Israel.<\/strong><\/p>\n<p>\u2013 Dette er en aktiv og p\u00e5g\u00e5ende drapsetterforskning. Ingen ytterligere informasjon blir gitt p\u00e5 n\u00e5v\u00e6rende tidspunkt, sier Norfolk District Attorney\u2019s Office om saken til <a href=\"https:\/\/www.dailymail.co.uk\/news\/article-15393799\/mit-professor-nuno-loureiro-murder-iran-israel-nuclear.html\" rel=\"nofollow noopener\" target=\"_blank\">Daily Mail.<\/a><\/p>\n<p>Loureiro ble funnet etter at nabo Louise Cohen h\u00f8rte skudd fra leilighetskomplekset. Hun beskriver et sjokkert og hjerteskj\u00e6rende m\u00f8te med professorens familie i det dramatiske \u00f8yeblikket. Loureiro ble fraktet til sykehus, men d\u00f8de dagen etter.<\/p>\n<p>Israelske myndigheter hevder Loureiro ble m\u00e5lrettet p\u00e5 grunn av sin posisjon som leder for MITs Plasma Science and Fusion Center og hans internasjonale profil innen energiforskning. Teorien er forel\u00f8pig ikke bekreftet av amerikanske etterforskningsmyndigheter.<\/p>\n<p>\u2013 Jeg kan ikke sove n\u00e5. Denne familien er s\u00e5 fantastisk. Jeg kan ikke forestille meg at noen ville skade ham\u2026 B\u00f8r vi v\u00e6re redde n\u00e5? sier Cohen.<\/p>\n<p>MIT-president Sally Kornbluth beskriver tapet som et sjokk for hele institusjonen og peker p\u00e5 den urovekkende volden som har preget omr\u00e5det de siste dagene, med henvisning til skytingen ved Brown University bare to dager tidligere.<\/p>\n<p>\u2013 Dette er en tragisk periode, men med tid vil de mange fellesskapene Loureiro tilh\u00f8rte skape muligheter for \u00e5 minnes hans liv og feire hans arbeid, sier Kornbluth.<\/p>\n<p>Professoren etterlater seg en familie, dedikerte studenter og kolleger som har markert sin sorg med lysvigilier og hyllester til hans faglige og menneskelige innsats.<\/p>\n","protected":false},"excerpt":{"rendered":"Verdenskjente MIT-forsker Nuno F.G. Loureiro ble drept i sitt hjem i Brookline, Massachusetts, i et angrep som israelske&hellip;\n","protected":false},"author":2,"featured_media":116881,"comment_status":"","ping_status":"","sticky":false,"template":"","format":"standard","meta":{"footnotes":""},"categories":[12],"tags":[20,21,377,24,25,15,52,22,23,1883,13,30,28,29,14101,14,16,26,27,42,43,44,45],"class_list":{"0":"post-116880","1":"post","2":"type-post","3":"status-publish","4":"format-standard","5":"has-post-thumbnail","7":"category-verden","8":"tag-breaking-news","9":"tag-breakingnews","10":"tag-drap","11":"tag-featured-news","12":"tag-featurednews","13":"tag-headlines","14":"tag-israel","15":"tag-latest-news","16":"tag-latestnews","17":"tag-mit","18":"tag-news","19":"tag-no","20":"tag-norge","21":"tag-norway","22":"tag-nuno-loureiro","23":"tag-nyheter","24":"tag-overskrifter","25":"tag-top-stories","26":"tag-topstories","27":"tag-verden","28":"tag-world","29":"tag-world-news","30":"tag-worldnews"},"share_on_mastodon":{"url":"https:\/\/pubeurope.com\/@no\/115742516559520907","error":""},"_links":{"self":[{"href":"https:\/\/www.europesays.com\/no\/wp-json\/wp\/v2\/posts\/116880","targetHints":{"allow":["GET"]}}],"collection":[{"href":"https:\/\/www.europesays.com\/no\/wp-json\/wp\/v2\/posts"}],"about":[{"href":"https:\/\/www.europesays.com\/no\/wp-json\/wp\/v2\/types\/post"}],"author":[{"embeddable":true,"href":"https:\/\/www.europesays.com\/no\/wp-json\/wp\/v2\/users\/2"}],"replies":[{"embeddable":true,"href":"https:\/\/www.europesays.com\/no\/wp-json\/wp\/v2\/comments?post=116880"}],"version-history":[{"count":0,"href":"https:\/\/www.europesays.com\/no\/wp-json\/wp\/v2\/posts\/116880\/revisions"}],"wp:featuredmedia":[{"embeddable":true,"href":"https:\/\/www.europesays.com\/no\/wp-json\/wp\/v2\/media\/116881"}],"wp:attachment":[{"href":"https:\/\/www.europesays.com\/no\/wp-json\/wp\/v2\/media?parent=116880"}],"wp:term":[{"taxonomy":"category","embeddable":true,"href":"https:\/\/www.europesays.com\/no\/wp-json\/wp\/v2\/categories?post=116880"},{"taxonomy":"post_tag","embeddable":true,"href":"https:\/\/www.europesays.com\/no\/wp-json\/wp\/v2\/tags?post=116880"}],"curies":[{"name":"wp","href":"https:\/\/api.w.org\/{rel}","templated":true}]}}