{"id":116882,"date":"2025-12-18T20:43:40","date_gmt":"2025-12-18T20:43:40","guid":{"rendered":"https:\/\/www.europesays.com\/no\/116882\/"},"modified":"2025-12-18T20:43:40","modified_gmt":"2025-12-18T20:43:40","slug":"nei-siden-har-skylapper-fvn-no","status":"publish","type":"post","link":"https:\/\/www.europesays.com\/no\/116882\/","title":{"rendered":"Nei-siden har skylapper &#8211; fvn.no"},"content":{"rendered":"<p><a href=\"https:\/\/www.vg.no\/nyheter\/i\/ExoL4A\/eu-maaling-nei-siden-dobler-ledelsen\" rel=\"noopener nofollow\" target=\"_blank\">Ekspertene tror at tollstriden med EU har svekket ja-siden<\/a>. I november innf\u00f8rte EU globale beskyttelsestiltak p\u00e5 import av ferrolegeringer som brukes i st\u00e5lindustrien. EU kan ilegge toll hvis kommisjonen mener det har skjedd dumping, blitt solgt ferrolegeringer til under markedspris eller at industrien har f\u00e5tt statsst\u00f8tte som gir urimelige konkurransefordeler.<\/p>\n<p>Norge st\u00e5r for omtrent 43 prosent av EUs import av slike legeringer. EU har bestemt at den tollfrie delen av importen skal v\u00e6re 75 prosent. Toll blir krevd p\u00e5 resten. Tiltakene skaper usikkerhet i norske selskaper som Elkem og Finnfjord.<\/p>\n<p>Leder i Nei til EU, Einar Frogner sier at EUs avgj\u00f8relse er \u00abuakseptabel\u00bb og mener at Norge m\u00e5 svare med \u00e5 straffe EU. Dette vil ikke hjelpe norsk produksjon og eksport av jernlegeringer. Et norsk EU-medlemskap vil derimot gi n\u00e6ringslivet b\u00e5de forutsigbarhet og tryggere arbeidsplasser.<\/p>\n<p><a href=\"https:\/\/www.fvn.no\/mening\/debattinnlegg\/i\/K8Bg25\/regjeringen-maa-staa-opp-for-norske-interesser\" rel=\"nofollow noopener\" target=\"_blank\"> <img decoding=\"async\" src=\"data:image\/gif;base64,R0lGODlhEAAJAIAAAP\/\/\/wAAACH5BAEAAAAALAAAAAAQAAkAAAIKhI+py+0Po5yUFQA7\" alt=\"\"\/>   Regjeringen m\u00e5 st\u00e5 opp for norske interesser  <\/a> <\/p>\n<p>\u00c5pen <\/p>\n<p>Men, det er ikke f\u00f8rst og fremst de \u00f8konomiske vurderingene som m\u00e5 veie tyngst n\u00e5r det gjelder v\u00e5rt forhold til EU. Vi er s\u00e5rbare n\u00e5r vi, for eksempel, st\u00e5r overfor den neste epidemien. Sist ble vi reddet av Sverige, som s\u00f8rget for at vi fikk de n\u00f8dvendige vaksinedosene fra EU. Det er noe uverdig over at vi baserer oss p\u00e5 \u00e5 bli behandlet som medlem hver gang det oppst\u00e5r en krise, mens vi alts\u00e5 ellers ikke vil v\u00e6re medlem.<\/p>\n<p>Den krisen som n\u00e5 truer Europa er mye st\u00f8rre enn en ny epidemi. NATOs generalsekret\u00e6r Mark Rutte sa under et bes\u00f8k i Berlin 11. desember at vi m\u00e5 forberede oss p\u00e5 et angrep fra Russland innen fem \u00e5r, dersom vi ikke styrker forsvaret. Rutte tror en krig med Russland kan bli like stor som de v\u00e5re foreldre og besteforeldre opplevde, alts\u00e5 f\u00f8rste og andre verdenskrig. Denne analysen er ikke tatt ut av l\u00f8se luften. Russland kan fristes til \u00e5 angripe hvis st\u00f8tte fra USA trekkes tilbake, noe Trump truer med.<\/p>\n<p>Noen hevder at i en krig er det NATO som gjelder. Det er sant, men krig er mye mer enn milit\u00e6re operasjoner. \u00d8konomi er helt avgj\u00f8rende. Her har EU stor makt, ikke minst over russiske ressurser som er plassert i europeiske banker. Nylig vedtok <a href=\"https:\/\/www.tv2.no\/direkte\/jpybz\/siste-nytt\/693cae317c489fc4065111ab\/eu-har-besluttet-a-fryse-russiske-midler-pa-ubestemt-tid-ifolge-det-danske-formannskapet\" rel=\"noopener nofollow\" target=\"_blank\">EU \u00e5 fryse russiske sentralbankmidler<\/a>, ca 2500 milliarder kroner, som utgj\u00f8r store deler av den russiske sentralbankens utenlandske reserver. Dermed fjerner EU et av russernes verkt\u00f8y for \u00e5 stabilisere sin \u00f8konomi og evnen til \u00e5 finansiere milit\u00e6r aktivitet.<\/p>\n<p><a href=\"https:\/\/www.fvn.no\/nyheter\/lokalt\/i\/KMEokE\/nervepirrende-for-smelteverket-vi-kan-miste-halve-markedet\" rel=\"nofollow noopener\" target=\"_blank\"> <img decoding=\"async\" src=\"data:image\/gif;base64,R0lGODlhEAAJAIAAAP\/\/\/wAAACH5BAEAAAAALAAAAAAQAAkAAAIKhI+py+0Po5yUFQA7\" alt=\"\"\/>   Nerve\u00adpirrende for smelte\u00adverket: \u2013 Vi kan miste halve markedet  <\/a> <\/p>\n<p>EU vurderer \u00e5 bruke renter og avkastning p\u00e5 de fryste midlene til \u00e5 st\u00f8tte ukrainas \u00f8konomi og milit\u00e6re behov. De jobber n\u00e5 med \u00e5 gj\u00f8re den eksisterende fryseordningen permanent \u2013 det vil si at EU ikke trenger \u00e5 fornye den hvert halv\u00e5r &#8211; s\u00e5 midlene forblir utilgjengelige for Russland s\u00e5 lenge krigen varer og kravene om kompensasjons- og krigsskadeerstatning ikke er oppfylt.<\/p>\n<p>EU-kommisjonen og medlemslandene vil l\u00e5ne pengene til Ukraina og s\u00e5 betale ned l\u00e5net over tid med renteinntekter fra de fryste russiske midlene. Poenget er \u00e5 hjelpe Ukraina raskt, uten \u00e5 m\u00e5tte vente p\u00e5 at Russland faktisk betaler erstatning etter krigen.<\/p>\n<p>En stor andel av Norges forsyninger av drivstoff, medisiner, mat og milit\u00e6rt utstyr kommer via EU-land eller EU-regulert handel. I en storkrig vil EU trolig prioritere knapphet p\u00e5 energi, v\u00e5pen eller transportkapasitet. Dette kan f\u00f8re til mangel p\u00e5 kritiske varer i Norge. Vi kan ogs\u00e5 f\u00e5 mangel p\u00e5 forsyning av milit\u00e6rt materiell og ammunisjon, hvis EU m\u00e5 godkjenne eksport eller transitt. Det kan bli vanskelig \u00e5 delta i felles v\u00e5penprogrammer og industriproduksjon som EU n\u00e5 bygger opp gjennom European Defence Industrial Strategy.<\/p>\n<p><a href=\"https:\/\/www.fvn.no\/mening\/ukeslutt\/i\/zO57W5\/debatten-om-eu-kan-ikke-lenger-gaa-paa-autopilot\" rel=\"nofollow noopener\" target=\"_blank\"> <img decoding=\"async\" src=\"data:image\/gif;base64,R0lGODlhEAAJAIAAAP\/\/\/wAAACH5BAEAAAAALAAAAAAQAAkAAAIKhI+py+0Po5yUFQA7\" alt=\"\"\/>   Debatten om EU kan ikke lenger g\u00e5 p\u00e5 autopilot  <\/a> <\/p>\n<p>EU driver sentrale teknologiske systemer for milit\u00e6r og sivil beredskap, som for eksempel Galileo PRS (kryptert GPS for milit\u00e6rt bruk), EU Cyber Rapid Response teams og EU Space Surveillance and Tracking. Som E\u00d8S-land er Norge ikke fullt innlemmet i disse og i en krig kan EU kreve fullt medlemskap for sanntidsdeling av sensitiv informasjon.<\/p>\n<p>Selv om NATO gir Norge milit\u00e6r st\u00f8tte, skjer all forflytning av NATO-styrker og materiell gjennom EU-land som Danmark, Tyskland og Polen. EU har etablert ordninger for milit\u00e6r mobilitet og transport i krise, men disse gjelder i utgangspunktet bare for medlemsland. Det vil v\u00e6re for sent \u00e5 sende en norsk forhandlingsdelegasjon til Brussel n\u00e5r vi er under russisk angrep.<\/p>\n<p>I en slik situasjon vil EU-landene samordne ressursfordeling, sivil beredskap, som energi, mat og helse, diplomatiske og \u00f8konomisk tiltak. Vi kan risikere at E\u00d8S-avtalen vil bli satt midlertidig ut av spill.<\/p>\n<p>De som hisser seg opp over nye tollsatser p\u00e5 ferrolegeringer b\u00f8r heve blikket og ta inn over seg hva som n\u00e5 skjer i Europa og hva som i verste fall kan komme til \u00e5 skje. Sj\u00f8lr\u00e5derett vil ikke v\u00e6re til mye hjelp mot russiske missiler og droner.<\/p>\n","protected":false},"excerpt":{"rendered":"Ekspertene tror at tollstriden med EU har svekket ja-siden. I november innf\u00f8rte EU globale beskyttelsestiltak p\u00e5 import av&hellip;\n","protected":false},"author":2,"featured_media":116883,"comment_status":"","ping_status":"","sticky":false,"template":"","format":"standard","meta":{"footnotes":""},"categories":[10],"tags":[3851,20,21,10837,279,24,25,15,9845,22,23,233,13,30,28,29,14,16,572,365,26,27],"class_list":{"0":"post-116882","1":"post","2":"type-post","3":"status-publish","4":"format-standard","5":"has-post-thumbnail","7":"category-norge","8":"tag-beredskap","9":"tag-breaking-news","10":"tag-breakingnews","11":"tag-eksport","12":"tag-eu","13":"tag-featured-news","14":"tag-featurednews","15":"tag-headlines","16":"tag-import","17":"tag-latest-news","18":"tag-latestnews","19":"tag-nato","20":"tag-news","21":"tag-no","22":"tag-norge","23":"tag-norway","24":"tag-nyheter","25":"tag-overskrifter","26":"tag-okonomi","27":"tag-toll","28":"tag-top-stories","29":"tag-topstories"},"share_on_mastodon":{"url":"https:\/\/pubeurope.com\/@no\/115742520418009182","error":""},"_links":{"self":[{"href":"https:\/\/www.europesays.com\/no\/wp-json\/wp\/v2\/posts\/116882","targetHints":{"allow":["GET"]}}],"collection":[{"href":"https:\/\/www.europesays.com\/no\/wp-json\/wp\/v2\/posts"}],"about":[{"href":"https:\/\/www.europesays.com\/no\/wp-json\/wp\/v2\/types\/post"}],"author":[{"embeddable":true,"href":"https:\/\/www.europesays.com\/no\/wp-json\/wp\/v2\/users\/2"}],"replies":[{"embeddable":true,"href":"https:\/\/www.europesays.com\/no\/wp-json\/wp\/v2\/comments?post=116882"}],"version-history":[{"count":0,"href":"https:\/\/www.europesays.com\/no\/wp-json\/wp\/v2\/posts\/116882\/revisions"}],"wp:featuredmedia":[{"embeddable":true,"href":"https:\/\/www.europesays.com\/no\/wp-json\/wp\/v2\/media\/116883"}],"wp:attachment":[{"href":"https:\/\/www.europesays.com\/no\/wp-json\/wp\/v2\/media?parent=116882"}],"wp:term":[{"taxonomy":"category","embeddable":true,"href":"https:\/\/www.europesays.com\/no\/wp-json\/wp\/v2\/categories?post=116882"},{"taxonomy":"post_tag","embeddable":true,"href":"https:\/\/www.europesays.com\/no\/wp-json\/wp\/v2\/tags?post=116882"}],"curies":[{"name":"wp","href":"https:\/\/api.w.org\/{rel}","templated":true}]}}