{"id":116889,"date":"2025-12-18T20:50:10","date_gmt":"2025-12-18T20:50:10","guid":{"rendered":"https:\/\/www.europesays.com\/no\/116889\/"},"modified":"2025-12-18T20:50:10","modified_gmt":"2025-12-18T20:50:10","slug":"gwyneth-paltrow-roper-sonnens-reaksjon-pa-sexscenene","status":"publish","type":"post","link":"https:\/\/www.europesays.com\/no\/116889\/","title":{"rendered":"Gwyneth Paltrow r\u00f8per s\u00f8nnens reaksjon p\u00e5 sexscenene:"},"content":{"rendered":"<p class=\"kicker \" style=\"\">Gwyneth Paltrow:\u00a0<\/p>\n<p>  Hollywood-stjerna r\u00f8per hvordan s\u00f8nnen (19) reagerte p\u00e5 sexscenene med hennes 24 \u00e5r yngre motspiller.<\/p>\n<p>\n    MOR OG S\u00d8NN: Gwyneth Paltrow tok med seg s\u00f8nnen Moses p\u00e5 premiere p\u00e5 den nye filmen \u00abMarty Supreme\u00bb. Foto: Lisa\/AFF-USA\/Shutterstock\/NTB\n  <\/p>\n<p>I starten av desember tok Hollywood-stjerna <a href=\"https:\/\/www.dagbladet.no\/kjendis\/far-kritikk-etter-sexscene-kommentar\/82887006\" rel=\"nofollow noopener\" target=\"_blank\">Gwyneth Paltrow (53) <\/a>med seg barna Apple (21) og Moses (19) p\u00e5 premieren til \u00abMarty Supreme\u00bb.\u00a0<\/p>\n<p>    <a itemprop=\"url\" href=\"https:\/\/www.dagbladet.no\/kjendis\/han-er-dum-som-et-brod\/83364058\" rel=\"nofollow noopener\" target=\"_blank\"><\/p>\n<p>        <img loading=\"lazy\" decoding=\"async\" src=\"https:\/\/www.europesays.com\/no\/wp-content\/uploads\/2025\/12\/83364113.webp\" width=\"980\" height=\"441\" title=\"- Han er dum som et br\u00f8d\" alt=\"\" class=\"lazyload\" style=\"--aspect-ratio-image: 2.22; \"\/><\/p>\n<p>        &#8211; Han er dum som et br\u00f8d<\/p>\n<p>    <\/a><\/p>\n<p>I filmen spiller Paltrow rollen som Kay Stone, en pensjonert skuespillerinne, som blir hovedpersonen Marty Mausers, spilt av Timoth\u00e9e Chalamet (29), kj\u00e6rlighetsinteresse.<\/p>\n<p> N\u00e5 forteller Paltrow hvordan s\u00f8nnen Moses reagerte p\u00e5 sexscenene med hennes 24 \u00e5r yngre motspiller. <\/p>\n<p>        INTIMT: Under en av konkurransene i TV2 sin julekalender \u00abRampenissen\u00bb m\u00e5tte alle deltakerne stille seg under mistelteinen. Reporter: Karolina Rusov-Hansen. Video: \u00abRampenissen\u00bb TV2.<\/p>\n<p class=\"font-weight-bold m-font-weight-bold\" data-lab-font_weight=\"font-weight-bold\">&#8211; Han var s\u00e5nn her hele tida, sier stjerna under et intervju med\u00a0\u00abLate Night with Seth Meyers\u00bb, gjengitt av <a href=\"https:\/\/nypost.com\/2025\/12\/17\/entertainment\/gwyneth-paltrow-son-reacts-to-her-marty-supreme-timothee-chalamet-sex-scenes\/\" rel=\"nofollow noopener\" target=\"_blank\">Page Six<\/a>, mens\u00a0hun demonstrerer hvordan s\u00f8nnen dekket ansiktet sitt under de intime scenene.<\/p>\n<p>        <img loading=\"lazy\" decoding=\"async\" src=\"https:\/\/www.europesays.com\/no\/wp-content\/uploads\/2025\/12\/84001543.webp\" width=\"667\" height=\"454\" title=\"INTIMT: GwynethPaltrow og Timoth\u00e9e Chalamet i en scene i \u00abMarty Supreme\u00bb. Foto: AP\/NTB\" alt=\"\" class=\"\" style=\"--aspect-ratio-image: 1.47; \"\/><\/p>\n<p>\n        INTIMT: GwynethPaltrow og Timoth\u00e9e Chalamet i en scene i \u00abMarty Supreme\u00bb. Foto: AP\/NTB\n    <\/p>\n<p class=\"font-weight-normal m-font-weight-normal\" data-lab-font_weight=\"font-weight-normal\">Hun fortsetter:\u00a0<\/p>\n<p>&#8211; Hele tida! Han var ikke interessert i det.\u00a0<\/p>\n<p>Paltrow understreker at hun advarte s\u00f8nnen mot scenene. Til tross for det\u00a0ubehagelige \u00f8yeblikket, forteller skuespilleren at Moses alt i alt \u00abelsket\u00bb filmen.\u00a0<\/p>\n<p>        <img loading=\"lazy\" decoding=\"async\" src=\"https:\/\/www.europesays.com\/no\/wp-content\/uploads\/2025\/12\/84001531.webp\" width=\"667\" height=\"761\" title=\"FAMILIE: Gwyneth Paltrow har barna Apple og Moses sammen med Chris Martin. Foto: Nancy Kaszerman\/ZUMA Press Wire\/Shutterstock\/NTB\" alt=\"\" class=\"\" style=\"--aspect-ratio-image: 0.88; \"\/><\/p>\n<p>\n        FAMILIE: Gwyneth Paltrow har barna Apple og Moses sammen med Chris Martin. Foto: Nancy Kaszerman\/ZUMA Press Wire\/Shutterstock\/NTB\n    <\/p>\n<p>Dette er ikke f\u00f8rste gang familien til Hollywood-stjerna har sett henne i dr\u00f8ye filmscener.\u00a0<\/p>\n<p>&#8211; En gang var jeg s\u00e5 redd fordi jeg skulle ta med bestefaren min p\u00e5 premieren av\u00a0\u00abShakespeare in Love\u00bb. Jeg fortalte ham: \u00abJeg har denne toppl\u00f8s-scenen, bestefar. Men det er en del av hele greia, fordi de tror jeg er en gutt\u00bb. Jeg pr\u00f8vde \u00e5 forberede ham, men da svarte han bare: \u00abDet har jeg sett f\u00f8r &#8211; to speilegg\u00bb, minnes hun i samme intervju.\u00a0<\/p>\n<p>        HYLELS: Tirsdag 4. juni kom superstjerne og skj\u00f8nnhetsmogul Kylie Jenner med en ellevill avsl\u00f8ring i en Tiktok-kommentar. Video: Tiktok\/Rachel Leary\/Kylie Jenner. Reporter: Christina H. Korneliussen<\/p>\n<p>Tilbake i mars uttalte Paltrow seg om sexscenene med Chalamet i et intervju med <a href=\"https:\/\/www.vanityfair.com\/hollywood\/story\/gwyneth-paltrow-2025-interview\" rel=\"nofollow noopener\" target=\"_blank\">Vanity Fair<\/a>.\u00a0<\/p>\n<p>        <img loading=\"lazy\" decoding=\"async\" src=\"https:\/\/www.europesays.com\/no\/wp-content\/uploads\/2025\/12\/84001559.webp\" width=\"667\" height=\"881\" title=\"STJERNER: Gwyneth Paltrow og Timoth\u00e9e Chalamet spiller mot hverandre i den nye storfilmen. Foto; Gregory Pace\/Shutterstock\/NTB\" alt=\"\" class=\"\" style=\"--aspect-ratio-image: 0.76; \"\/><\/p>\n<p>\n        STJERNER: Gwyneth Paltrow og Timoth\u00e9e Chalamet spiller mot hverandre i den nye storfilmen. Foto; Gregory Pace\/Shutterstock\/NTB\n    <\/p>\n<p>&#8211; Jeg tenkte f\u00f8rst: \u00abJeg er 109 \u00e5r, og du er 14. Vi har mye sex i denne filmen\u00bb, sa hun om aldersforskjellen, f\u00f8r hun la til:<\/p>\n<p>&#8211; Han er veldig h\u00f8flig og godt oppdratt &#8211; jeg skulle til \u00e5 si et barn. Men han er en mann som tar jobben sin sv\u00e6rt seri\u00f8st og er en morsom kollega.<\/p>\n","protected":false},"excerpt":{"rendered":"Gwyneth Paltrow:\u00a0 Hollywood-stjerna r\u00f8per hvordan s\u00f8nnen (19) reagerte p\u00e5 sexscenene med hennes 24 \u00e5r yngre motspiller. MOR OG&hellip;\n","protected":false},"author":2,"featured_media":116890,"comment_status":"","ping_status":"","sticky":false,"template":"","format":"standard","meta":{"footnotes":""},"categories":[12],"tags":[20,21,24,25,5179,15,479,22,23,13,30,28,29,14,16,11244,26,27,42,43,44,45],"class_list":{"0":"post-116889","1":"post","2":"type-post","3":"status-publish","4":"format-standard","5":"has-post-thumbnail","7":"category-verden","8":"tag-breaking-news","9":"tag-breakingnews","10":"tag-featured-news","11":"tag-featurednews","12":"tag-gwyneth-paltrow","13":"tag-headlines","14":"tag-kjendis","15":"tag-latest-news","16":"tag-latestnews","17":"tag-news","18":"tag-no","19":"tag-norge","20":"tag-norway","21":"tag-nyheter","22":"tag-overskrifter","23":"tag-timothee-chalamet","24":"tag-top-stories","25":"tag-topstories","26":"tag-verden","27":"tag-world","28":"tag-world-news","29":"tag-worldnews"},"share_on_mastodon":{"url":"","error":""},"_links":{"self":[{"href":"https:\/\/www.europesays.com\/no\/wp-json\/wp\/v2\/posts\/116889","targetHints":{"allow":["GET"]}}],"collection":[{"href":"https:\/\/www.europesays.com\/no\/wp-json\/wp\/v2\/posts"}],"about":[{"href":"https:\/\/www.europesays.com\/no\/wp-json\/wp\/v2\/types\/post"}],"author":[{"embeddable":true,"href":"https:\/\/www.europesays.com\/no\/wp-json\/wp\/v2\/users\/2"}],"replies":[{"embeddable":true,"href":"https:\/\/www.europesays.com\/no\/wp-json\/wp\/v2\/comments?post=116889"}],"version-history":[{"count":0,"href":"https:\/\/www.europesays.com\/no\/wp-json\/wp\/v2\/posts\/116889\/revisions"}],"wp:featuredmedia":[{"embeddable":true,"href":"https:\/\/www.europesays.com\/no\/wp-json\/wp\/v2\/media\/116890"}],"wp:attachment":[{"href":"https:\/\/www.europesays.com\/no\/wp-json\/wp\/v2\/media?parent=116889"}],"wp:term":[{"taxonomy":"category","embeddable":true,"href":"https:\/\/www.europesays.com\/no\/wp-json\/wp\/v2\/categories?post=116889"},{"taxonomy":"post_tag","embeddable":true,"href":"https:\/\/www.europesays.com\/no\/wp-json\/wp\/v2\/tags?post=116889"}],"curies":[{"name":"wp","href":"https:\/\/api.w.org\/{rel}","templated":true}]}}