{"id":116896,"date":"2025-12-18T21:05:15","date_gmt":"2025-12-18T21:05:15","guid":{"rendered":"https:\/\/www.europesays.com\/no\/116896\/"},"modified":"2025-12-18T21:05:15","modified_gmt":"2025-12-18T21:05:15","slug":"lyko-normal-forbrukerradet-advarer-mot-vanlige-lyko-og-normal-produkter-kjemisk-forbrenning","status":"publish","type":"post","link":"https:\/\/www.europesays.com\/no\/116896\/","title":{"rendered":"Lyko, Normal | Forbrukerr\u00e5det advarer mot vanlige Lyko og Normal-produkter: \u2013 Kjemisk forbrenning"},"content":{"rendered":"\n<p>P\u00e5 sosiale medier florerer det av videoer om og med vippel\u00f8ft-produkter. Produktene gj\u00f8r det enkelt \u00e5 ta vippel\u00f8ft p\u00e5 seg selv, men kan ha alvorlige bivirkninger.<\/p>\n<p>B\u00e5de dansk og norsk forbrukerr\u00e5d etterlyser n\u00e5 strengere regelverk.<\/p>\n<p>Ikke trygt for forbrukere<\/p>\n<p>I en <a href=\"https:\/\/www.tv2kosmopol.dk\/metropolen\/forbrugerradet-taenk-advarer-lad-vaere-med-at-kobe-disse-hypede-produkter-15fa0\" rel=\"Follow nofollow noopener\" target=\"_blank\">sak fra TV2 Kosmopol<\/a> g\u00e5r det danske forbrukerr\u00e5det T\u00e6nk hardt ut mot vippel\u00f8ft-produkter til hjemmebruk.<\/p>\n<p>Vippel\u00f8ft, ogs\u00e5 kalt vippelaminering er en kjemisk \u00abpermanent\u00bb f\u00f8r \u00f8yevippene. Disse produktene inneholder ofte kjemikaliene  og  som er med p\u00e5 \u00e5 gi vippene en langvarig \u00abl\u00f8ftet\u00bb effekt.<\/p>\n<p>\u2013 Produkter med denne typen stoffer er ikke trygge for forbrukere, og derfor b\u00f8r de selvsagt ikke selges til forbrukere, uttalte prosjektleder i T\u00e6nk Stine M\u00fcller til TV2 Kosmopol.<\/p>\n<p><b>Les ogs\u00e5: <a class=\"simple-relation related-teaser article--c-eRUmMG article--c-eRUmMG-fZoQSp-design-nettavisen article--c-eRUmMG-gwthdJ-cv\" href=\"https:\/\/www.nettavisen.no\/advarer-unge-ansiktet-mitt-ser-smadret-ut\/s\/5-95-2768201\" rel=\"nofollow noopener\" target=\"_blank\">Advarer unge: \u2013 Ansiktet mitt ser smadret ut<\/a><\/b><\/p>\n<p>N\u00e5 advarer ogs\u00e5 Forbrukerr\u00e5det i Norge mot slike produkter.<\/p>\n<p>\u2013 Vi har ikke gjort egne vurderinger av disse produktene, men funnene fra T\u00e6nk viser at de inneholder kjemikalier som ikke er tillatt i kosmetikk for vanlige forbrukere.<\/p>\n<p>   <img decoding=\"async\" width=\"2000\" height=\"1331\" fetchpriority=\"low\"  loading=\"lazy\"  src=\"https:\/\/www.europesays.com\/no\/wp-content\/uploads\/2025\/12\/Elin+Volder+Rutle.jpg\" alt=\"Elin Volder Rutle\" class=\"brick-c-cFOWSL\" style=\"--brick-image-ratio: 2000 \/ 1331;\"\/><\/p>\n<p>      PROBLEMATISK: Innholdet i produktene kan ha alvorlige bivirkninger, forteller Rutle.<br \/>\n      Foto: Forbrukerr\u00e5det\n    <\/p>\n<p>Det forteller fagsjef for b\u00e6rekraft i Forbrukerr\u00e5det Elin Volder Rutle til Nettavisen. At produktene er s\u00e5pass tilgjengelige for vanlige forbrukere, skaper bekymring.<\/p>\n<p>\u2013 S\u00e6rlig hydrogenperoksid og tioglykolsyre kan v\u00e6re problematiske n\u00e5r de brukes tett p\u00e5 \u00f8ynene.<\/p>\n<p>\u2013 Dette er stoffer som kan gi irritasjon, r\u00f8dhet og i verste fall kjemiske forbrenninger i hud og p\u00e5 \u00f8yelokk. Det er en grunn til at produktene egentlig er beregnet for profesjonelle.<\/p>\n<p><b>Les ogs\u00e5: <a class=\"simple-relation related-teaser article--c-eRUmMG article--c-eRUmMG-fZoQSp-design-nettavisen article--c-eRUmMG-gwthdJ-cv\" href=\"https:\/\/www.nettavisen.no\/slar-ned-pa-populare-produkter\/s\/5-95-2247671\" rel=\"nofollow noopener\" target=\"_blank\">Sl\u00e5r ned p\u00e5 popul\u00e6re produkter<\/a><\/b><\/p>\n<p>Fjerner ikke produktene<\/p>\n<p>I dag er produkter med vippelaminering tilgjengelig p\u00e5 blant annet skj\u00f8nnhetsgiganten Lyko. De selger produkter til vippel\u00f8ft fra merkene <a href=\"https:\/\/lyko.com\/no\/fleeky\/fleeky-lashlift-kit---maxi\" rel=\"Follow nofollow noopener\" target=\"_blank\">\u00abFleeky\u00bb <\/a>og <a href=\"https:\/\/lyko.com\/no\/nanolash\/nanolash-lash-lift-kit\" rel=\"Follow nofollow noopener\" target=\"_blank\">\u00abNanolash\u00bb<\/a>, som begge inneholder hydrogenperoksid og tioglykolsyre.<\/p>\n<p>Kun produkter fra merket \u00abFleeky\u00bb er merket med \u00abfor profesjonell bruk\u00bb. Det stiller Forbrukerr\u00e5det seg kritiske til.<\/p>\n<p>\u2013 Produsentene har et ansvar for \u00e5 merke produktene riktig og informere tydelig om risiko, forklarer Rutle.<\/p>\n<p>\u2013 N\u00e5r et produkt er merket \u00abkun til profesjonell bruk\u00bb, er det fordi innholdet ikke er egnet til hjemmebruk.<\/p>\n<p><b>Les ogs\u00e5: <a class=\"simple-relation related-teaser article--c-eRUmMG article--c-eRUmMG-fZoQSp-design-nettavisen article--c-eRUmMG-gwthdJ-cv\" href=\"https:\/\/www.nettavisen.no\/stor-pagang-vi-ble-tomme-pa-mandag-men-far-inn-mer\/s\/5-95-2777369\" rel=\"nofollow noopener\" target=\"_blank\">Stor p\u00e5gang: \u2013 Vi ble tomme p\u00e5 mandag, men f\u00e5r inn mer<\/a><\/b><\/p>\n<p>Tross kritikken kommer ikke det svenske selskapet til \u00e5 fjerne produktene fra nettbutikken forel\u00f8pig.<\/p>\n<p>\u2013 Vi f\u00f8lger forbrukertilsynets regelverk og kommer til \u00e5 handle s\u00e5 snart det kommer mer informasjon fra myndighetene, skriver pressekontakt i Lyko Tom Th\u00f6rnblom til Nettavisen.<\/p>\n<p>Lyko har ikke besvart Nettavisens ytterlige sp\u00f8rsm\u00e5l.<\/p>\n<p>Trakk produktet ut av butikken<\/p>\n<p>Rutle forklarer at det er lovlig \u00e5 selge slike produkter til vanlige forbrukere, s\u00e5 lenge de er merket for profesjonell bruk.<\/p>\n<p>\u2013 Det skaper en gr\u00e5sone hvor helseskadelige kjemikalier nettopp kan ende opp i hylla p\u00e5 Normal, forteller hun.<\/p>\n<p>\u2013 Dette er helt klart problematisk, og vi mener derfor at det b\u00f8r p\u00e5 plass et bedre regelverk, som sikrer forbrukerne mot utrygge produkter.<\/p>\n<p>Frem til november i \u00e5r solgte butikkjeden Normal et vippel\u00f8ft-produkt. I en e-post til Nettavisen skriver de at produktet ikke lenger er \u00e5 finne p\u00e5 Normal.<\/p>\n<p>\u2013 Det stemmer at vi har solgt \u00abSkeye Beauty Do It Yourself Eyelash Lift\u00bb i v\u00e5re butikker. S\u00e5 snart vi ble kjent med at produktet inneholdt en ingrediens som ikke er godkjent for salg til vanlige forbrukere (kun godkjent til profesjonell bruk), trakk vi produktet tilbake fra alle v\u00e5re butikker i alle land den 25. november 2025.<\/p>\n<p>\u2013 Normal er ikke produsent av denne varen, men har som nevnt trukket produktet tilbake fra alle v\u00e5re butikker.<\/p>\n<p><b>Les ogs\u00e5: <a class=\"simple-relation related-teaser article--c-eRUmMG article--c-eRUmMG-fZoQSp-design-nettavisen article--c-eRUmMG-gwthdJ-cv\" href=\"https:\/\/www.nettavisen.no\/norske-barn-verst-i-norden-ganske-nedslaende\/s\/5-95-2759282\" rel=\"nofollow noopener\" target=\"_blank\">Norske barn \u00abverst\u00bb i Norden: \u2013 Ganske nedsl\u00e5ende<\/a><\/b><\/p>\n<p>Den danske butikkjeden selger fortsatt et produkt med brynslaminering, men understreker at dette produktet overholder alle gjeldene regler og forskrifter.<\/p>\n<p>\u2013 Vi f\u00f8lger med p\u00e5 samfunnsdebatten og holder oss fortl\u00f8pende orientert om forbrukerunders\u00f8kelser, produkttester mv. Hvis noe gir grunn til \u00e5 gj\u00f8re endringer i v\u00e5rt produktsortiment, vil vi naturligvis gj\u00f8re det, skriver Normal.<\/p>\n<p>\u2013 Vi har et sterkt fokus p\u00e5 forbrukersikkerhet gjennom \u00e5 f\u00f8lge gjeldende norsk og internasjonalt lovverk samt er vi i tett dialog med v\u00e5re leverand\u00f8rer. I tillegg har vi interne rutiner og prosedyrer for kontinuerlig kvalitetssikring av produktene som selges i v\u00e5re butikker.<\/p>\n<p>\u2013 Butikker b\u00f8r ta ansvar<\/p>\n<p>Forbrukerr\u00e5det etterlyser strengere lover rundt salg av vippelamineringsprodukter. De mener det er problematisk at helseskadelige produkter selges og er lett tilgjengelige for forbrukerne.<\/p>\n<p>\u2013 Ja, vi mener det er behov for et tydeligere og strengere regelverk, som hindrer at produkter som kan gi helseskade selges direkte til forbrukere, forteller Rutle.<\/p>\n<p>\u2013 Inntil dette kommer p\u00e5 plass, b\u00f8r butikker som Normal selv ta ansvar, og slutte \u00e5 selge vippelamineringsprodukter til privatpersoner. Vi anbefaler ogs\u00e5 at de g\u00e5r igjennom vareutvalget sitt og fjerner alle produkter som kun er ment for profesjonell bruk.<\/p>\n<p><b>Les ogs\u00e5: <a class=\"simple-relation related-teaser article--c-eRUmMG article--c-eRUmMG-fZoQSp-design-nettavisen article--c-eRUmMG-gwthdJ-cv\" href=\"https:\/\/www.nettavisen.no\/alle-har-dette-hjemme-kan-gjore-deg-dov\/s\/5-95-2752525\" rel=\"nofollow noopener\" target=\"_blank\">\u00abAlle\u00bb har dette hjemme: \u2013 Kan gj\u00f8re deg d\u00f8v<\/a><\/b><\/p>\n<p>Rutle og Forbrukerr\u00e5det stiller seg ogs\u00e5 kritisk til andre kosmetikkprodukter produkter.<\/p>\n<p>\u2013 Dette gjelder ikke bare vippelaminering. Danske T\u00e6nk har ogs\u00e5 sett lignende utfordringer med blant annet gel-neglelakk og vippefarge.<\/p>\n","protected":false},"excerpt":{"rendered":"P\u00e5 sosiale medier florerer det av videoer om og med vippel\u00f8ft-produkter. Produktene gj\u00f8r det enkelt \u00e5 ta vippel\u00f8ft&hellip;\n","protected":false},"author":2,"featured_media":116897,"comment_status":"","ping_status":"","sticky":false,"template":"","format":"standard","meta":{"footnotes":""},"categories":[10],"tags":[20,21,24,25,15,22,23,13,30,28,29,14,16,26,27],"class_list":{"0":"post-116896","1":"post","2":"type-post","3":"status-publish","4":"format-standard","5":"has-post-thumbnail","7":"category-norge","8":"tag-breaking-news","9":"tag-breakingnews","10":"tag-featured-news","11":"tag-featurednews","12":"tag-headlines","13":"tag-latest-news","14":"tag-latestnews","15":"tag-news","16":"tag-no","17":"tag-norge","18":"tag-norway","19":"tag-nyheter","20":"tag-overskrifter","21":"tag-top-stories","22":"tag-topstories"},"share_on_mastodon":{"url":"https:\/\/pubeurope.com\/@no\/115742607601730205","error":""},"_links":{"self":[{"href":"https:\/\/www.europesays.com\/no\/wp-json\/wp\/v2\/posts\/116896","targetHints":{"allow":["GET"]}}],"collection":[{"href":"https:\/\/www.europesays.com\/no\/wp-json\/wp\/v2\/posts"}],"about":[{"href":"https:\/\/www.europesays.com\/no\/wp-json\/wp\/v2\/types\/post"}],"author":[{"embeddable":true,"href":"https:\/\/www.europesays.com\/no\/wp-json\/wp\/v2\/users\/2"}],"replies":[{"embeddable":true,"href":"https:\/\/www.europesays.com\/no\/wp-json\/wp\/v2\/comments?post=116896"}],"version-history":[{"count":0,"href":"https:\/\/www.europesays.com\/no\/wp-json\/wp\/v2\/posts\/116896\/revisions"}],"wp:featuredmedia":[{"embeddable":true,"href":"https:\/\/www.europesays.com\/no\/wp-json\/wp\/v2\/media\/116897"}],"wp:attachment":[{"href":"https:\/\/www.europesays.com\/no\/wp-json\/wp\/v2\/media?parent=116896"}],"wp:term":[{"taxonomy":"category","embeddable":true,"href":"https:\/\/www.europesays.com\/no\/wp-json\/wp\/v2\/categories?post=116896"},{"taxonomy":"post_tag","embeddable":true,"href":"https:\/\/www.europesays.com\/no\/wp-json\/wp\/v2\/tags?post=116896"}],"curies":[{"name":"wp","href":"https:\/\/api.w.org\/{rel}","templated":true}]}}