{"id":116900,"date":"2025-12-18T21:09:27","date_gmt":"2025-12-18T21:09:27","guid":{"rendered":"https:\/\/www.europesays.com\/no\/116900\/"},"modified":"2025-12-18T21:09:27","modified_gmt":"2025-12-18T21:09:27","slug":"et-sjeldent-familiebilde-med-sonnen-rocco","status":"publish","type":"post","link":"https:\/\/www.europesays.com\/no\/116900\/","title":{"rendered":"Et sjeldent familiebilde med s\u00f8nnen Rocco"},"content":{"rendered":"<p class=\"kicker \" style=\"\">Etter skilsmissen:<\/p>\n<p>  Se det sjeldne familiebildet som r\u00f8rer fansen!<\/p>\n<p>\n    SAMMEN: Det har nesten g\u00e5tt ti \u00e5r siden Madonna skilte seg fra Guy Ritchie. N\u00e5 m\u00f8tes de igjen &#8211; noe s\u00f8nnen har foreviget p\u00e5 kamera! Foto: NTB\n  <\/p>\n<p>Etter flere \u00e5r hver for seg skal popikon Madonna (67) og stjerneregiss\u00f8r Guy Ritchie (57) nylig ha delt et sjeldent og hyggelig \u00f8yeblikk sammen &#8211; denne gangen i selskap med s\u00f8nnen.<\/p>\n<p>    <a itemprop=\"url\" href=\"https:\/\/www.seher.no\/kjendis\/gleder-oss\/83993440\" rel=\"nofollow noopener\" target=\"_blank\"><\/p>\n<p>        <img loading=\"lazy\" decoding=\"async\" src=\"https:\/\/www.europesays.com\/no\/wp-content\/uploads\/2025\/12\/83993500.webp\" width=\"980\" height=\"441\" title=\"- Gleder oss\" alt=\"\" class=\"lazyload\" style=\"--aspect-ratio-image: 2.22; \"\/><\/p>\n<p>        &#8211; Gleder oss<\/p>\n<p>    <\/a><\/p>\n<p>Gjenforeningen har vakt oppmerksomhet, ikke minst fordi den tilsynelatende bar preg av ro, respekt og familief\u00f8lelse.<\/p>\n<p>Det flett nye familiebildet er det eldstes\u00f8nnen Rocco Ritchie (25) som deler p\u00e5 bildedelingstjenesten Instagram, hvor han st\u00e5r sammen med sine ber\u00f8mte foreldre.<\/p>\n<p>        RIKTIG STEG: Se og H\u00f8rs kongehusekspert Caroline Vagle hyller kongehusets nye grep. Reporter: Caroline Vagle. Video: Kine Falch. Foto: NTB \/ Andreas Fadum.<\/p>\n<p>\u00abNoen har kanskje fordommer mot meg. Jeg klandrer dem slett ikke. Jeg er stolt over hvem jeg er, men jeg er mer stolt over at jeg har foreldre som st\u00f8tter meg i det jeg gj\u00f8r\u00bb, er blant det han skriver i bildeteksten til innlegget.<\/p>\n<p>Samarbeider &#8211; p\u00e5 hver sin kant\t<\/p>\n<p>Selv om den ikoniske popstjernen og den prisbel\u00f8nte filmskaperen har levd separate liv siden bruddet, skal de begge ha v\u00e6rt tydelige p\u00e5 at foreldrerollen alltid har v\u00e6rt et felles ansvar.\u00a0<\/p>\n<p>        <img loading=\"lazy\" decoding=\"async\" src=\"https:\/\/www.europesays.com\/no\/wp-content\/uploads\/2025\/12\/83995405.webp\" width=\"686\" height=\"1029\" title=\"HAVARERTE: Madonna og Guy giftet seg i 2000, men tok ut skilsmisse bare \u00e5tte \u00e5r senere. Foto: NTB\" alt=\"\" class=\"\" style=\"--aspect-ratio-image: 0.67; \"\/><\/p>\n<p>\n        HAVARERTE: Madonna og Guy giftet seg i 2000, men tok ut skilsmisse bare \u00e5tte \u00e5r senere. Foto: NTB\n    <\/p>\n<p>Madonna og Guy Ritchie har begge hatt travle \u00e5r, med hver sine prosjekter og reiser. Likevel viser gjenforeningen at tiden kan gi rom for nye kapitler &#8211; ogs\u00e5 n\u00e5r fortiden er kompleks.<\/p>\n<p>    <a itemprop=\"url\" href=\"https:\/\/www.seher.no\/kjendis\/punger-ut-for-luksushjem-igjen\/83989812\" rel=\"nofollow noopener\" target=\"_blank\"><\/p>\n<p>        <img loading=\"lazy\" decoding=\"async\" src=\"https:\/\/www.europesays.com\/no\/wp-content\/uploads\/2025\/12\/83696350.webp\" width=\"980\" height=\"441\" title=\"Kj\u00f8per enda et luksushjem\" alt=\"\" class=\"lazyload\" style=\"--aspect-ratio-image: 2.22; \"\/><\/p>\n<p>        Kj\u00f8per enda et luksushjem<\/p>\n<p>    <\/a><\/p>\n<p>Bruddet mellom superparet slo ned som en \u00f8rliten bombe i underholdningsbransjen. Etter endel\u00f8se spekulasjoner i media om at duoen skulle ha ekteskapelige problemer, kunne The Sun i 2008 melde at bruddet var et faktum.<\/p>\n<p>Nettstedet hevdet den gang at papirer som bekreftet bruddet allerede var klargjorte og ville offentliggj\u00f8res, men paret valgte selv \u00e5 ta bladet fra munnen da de ikke lenger ville late som om alt var bra.<\/p>\n<p>        TIPS: Kongehusekspert Caroline Vagle oppfordrer den norske kongefamilien \u00e5 la seg inspirere av naboene. Reporter: Caroline Vagle. Video: Instagram\/@prinseparet \/ Kine Falch.<\/p>\n<p>The Sun kunne p\u00e5 dav\u00e6rende tidspunkt skrive at paret hadde hatt en rekke krangler om tiden de brukte p\u00e5 sine respektive karrierer, samt Madonnas \u00f8nske om \u00e5 adoptere enda et barn. Disse tingene skulle i all hovedsak ha v\u00e6rt \u00e5rsaken til bruddet, selv om utroskapsryktene mellom Madonna og baseball-spilleren Alex Rodrigues (50) heller ikke skal ha styrket forholdet.<\/p>\n<p>        <img loading=\"lazy\" decoding=\"async\" src=\"https:\/\/www.europesays.com\/no\/wp-content\/uploads\/2025\/12\/83995419.webp\" width=\"686\" height=\"652\" title=\"OPPSLAG: Ryktene om at ekteskapet sto i fare fikk spalteplass verden rundt. Foto: NTB\" alt=\"\" class=\"\" style=\"--aspect-ratio-image: 1.05; \"\/><\/p>\n<p>\n        OPPSLAG: Ryktene om at ekteskapet sto i fare fikk spalteplass verden rundt. Foto: NTB\n    <\/p>\n<p>        <img loading=\"lazy\" decoding=\"async\" src=\"https:\/\/www.europesays.com\/no\/wp-content\/uploads\/2025\/12\/83995418.webp\" width=\"686\" height=\"1084\" title=\"SYNDEBUKK?: Da Alex Rodriugues skilte seg fra sin dav\u00e6rende kone i 2008, skulle onde tunger ha det til at det var fordi han hadde hatt en utenomekteskapelig aff\u00e6re med Madonna. Begge parter har benektet dette. Foto: NTB\" alt=\"\" class=\"\" style=\"--aspect-ratio-image: 0.63; \"\/><\/p>\n<p>\n        SYNDEBUKK?: Da Alex Rodriugues skilte seg fra sin dav\u00e6rende kone i 2008, skulle onde tunger ha det til at det var fordi han hadde hatt en utenomekteskapelig aff\u00e6re med Madonna. Begge parter har benektet dette. Foto: NTB\n    <\/p>\n<p>Madonna kommenterer sjelden rykter rundt sitt privatliv, men p\u00e5 den tiden s\u00e5 hun seg n\u00f8dt til \u00e5 adressere ryktene som florerte. I en pressemelding den gang skrev hun f\u00f8lgende;\u00a0<\/p>\n<p class=\"italic m-italic\" data-lab-italic=\"italic\">\u00abMin ektemann og jeg har ingen planer om skilsmisse. Jeg kjenner Alex Rodriguez gjennom Guy Oseary, som er v\u00e5r felles manager. Jeg tok med ungene mine til en Yankee-kamp, men jeg er ikke romantisk involvert med Alex Rodriguez p\u00e5 noen m\u00e5te. Jeg har ingen innvirkning hverken p\u00e5 hans ekteskap eller den \u00e5ndelige retning han m\u00e5tte velge \u00e5 studere.\u00bb<\/p>\n","protected":false},"excerpt":{"rendered":"Etter skilsmissen: Se det sjeldne familiebildet som r\u00f8rer fansen! SAMMEN: Det har nesten g\u00e5tt ti \u00e5r siden Madonna&hellip;\n","protected":false},"author":2,"featured_media":116901,"comment_status":"","ping_status":"","sticky":false,"template":"","format":"standard","meta":{"footnotes":""},"categories":[58],"tags":[4104,71,9240,14102,479,1366,30,28,29,72],"class_list":{"0":"post-116900","1":"post","2":"type-post","3":"status-publish","4":"format-standard","5":"has-post-thumbnail","7":"category-underholdning","8":"tag-eksklusivt","9":"tag-entertainment","10":"tag-gjenforent","11":"tag-guy-ritchie","12":"tag-kjendis","13":"tag-madonna","14":"tag-no","15":"tag-norge","16":"tag-norway","17":"tag-underholdning"},"share_on_mastodon":{"url":"https:\/\/pubeurope.com\/@no\/115742622960482141","error":""},"_links":{"self":[{"href":"https:\/\/www.europesays.com\/no\/wp-json\/wp\/v2\/posts\/116900","targetHints":{"allow":["GET"]}}],"collection":[{"href":"https:\/\/www.europesays.com\/no\/wp-json\/wp\/v2\/posts"}],"about":[{"href":"https:\/\/www.europesays.com\/no\/wp-json\/wp\/v2\/types\/post"}],"author":[{"embeddable":true,"href":"https:\/\/www.europesays.com\/no\/wp-json\/wp\/v2\/users\/2"}],"replies":[{"embeddable":true,"href":"https:\/\/www.europesays.com\/no\/wp-json\/wp\/v2\/comments?post=116900"}],"version-history":[{"count":0,"href":"https:\/\/www.europesays.com\/no\/wp-json\/wp\/v2\/posts\/116900\/revisions"}],"wp:featuredmedia":[{"embeddable":true,"href":"https:\/\/www.europesays.com\/no\/wp-json\/wp\/v2\/media\/116901"}],"wp:attachment":[{"href":"https:\/\/www.europesays.com\/no\/wp-json\/wp\/v2\/media?parent=116900"}],"wp:term":[{"taxonomy":"category","embeddable":true,"href":"https:\/\/www.europesays.com\/no\/wp-json\/wp\/v2\/categories?post=116900"},{"taxonomy":"post_tag","embeddable":true,"href":"https:\/\/www.europesays.com\/no\/wp-json\/wp\/v2\/tags?post=116900"}],"curies":[{"name":"wp","href":"https:\/\/api.w.org\/{rel}","templated":true}]}}