{"id":116902,"date":"2025-12-18T21:16:51","date_gmt":"2025-12-18T21:16:51","guid":{"rendered":"https:\/\/www.europesays.com\/no\/116902\/"},"modified":"2025-12-18T21:16:51","modified_gmt":"2025-12-18T21:16:51","slug":"flere-hundre-ultraortodokse-joder-i-sammenstot-med-politiet-i-jerusalem","status":"publish","type":"post","link":"https:\/\/www.europesays.com\/no\/116902\/","title":{"rendered":"Flere hundre ultraortodokse j\u00f8der i sammenst\u00f8t med politiet i Jerusalem"},"content":{"rendered":"<p>    Minst ti politibetjenter har blitt skadet i et sammenst\u00f8t med flere hundre ultraortodokse j\u00f8der i Jerusalem, if\u00f8lge israelske medier. <\/p>\n<p>\nIf\u00f8lge politiet ble betjentene overfalt av oppr\u00f8rere og folk som br\u00f8t ro og orden i Jerusalem etter at en ultraortodoks mann fikk et p\u00e5legg fra kommunen, skriver <a href=\"https:\/\/www.haaretz.com\/israel-news\/2025-12-18\/ty-article-live\/trump-i-brought-peace-to-the-middle-east-for-the-first-time-in-3-000-years\/0000019b-2f76-dc39-abbb-fff695c20000?liveBlogItemId=1484740712#1484740712\" target=\"_blank\" rel=\"nofollow noopener\">Haaretz<\/a>. \u00c5rsaken skal ha v\u00e6rt at han unndro seg milit\u00e6rtjeneste, men dette er ikke bekreftet.<\/p>\n<p>\nFire personer er p\u00e5grepet, if\u00f8lge <a href=\"https:\/\/13tv.co.il\/item\/news\/politics\/security\/kfk1t-904895041\/\" target=\"_blank\" rel=\"nofollow noopener\">Kanal 13<\/a>.<\/p>\n<p>Mange av betjentene som ankom stedet ble angrepet med steiner og s\u00f8ppel, if\u00f8lge det politiet melder. En politibil skal ogs\u00e5 ha blitt vandalisert.<\/p>\n","protected":false},"excerpt":{"rendered":"Minst ti politibetjenter har blitt skadet i et sammenst\u00f8t med flere hundre ultraortodokse j\u00f8der i Jerusalem, if\u00f8lge israelske&hellip;\n","protected":false},"author":2,"featured_media":29783,"comment_status":"","ping_status":"","sticky":false,"template":"","format":"standard","meta":{"footnotes":""},"categories":[12],"tags":[20,21,24,25,15,22,23,13,30,28,29,14,16,26,27,42,43,44,45],"class_list":{"0":"post-116902","1":"post","2":"type-post","3":"status-publish","4":"format-standard","5":"has-post-thumbnail","7":"category-verden","8":"tag-breaking-news","9":"tag-breakingnews","10":"tag-featured-news","11":"tag-featurednews","12":"tag-headlines","13":"tag-latest-news","14":"tag-latestnews","15":"tag-news","16":"tag-no","17":"tag-norge","18":"tag-norway","19":"tag-nyheter","20":"tag-overskrifter","21":"tag-top-stories","22":"tag-topstories","23":"tag-verden","24":"tag-world","25":"tag-world-news","26":"tag-worldnews"},"share_on_mastodon":{"url":"https:\/\/pubeurope.com\/@no\/115742654036817003","error":""},"_links":{"self":[{"href":"https:\/\/www.europesays.com\/no\/wp-json\/wp\/v2\/posts\/116902","targetHints":{"allow":["GET"]}}],"collection":[{"href":"https:\/\/www.europesays.com\/no\/wp-json\/wp\/v2\/posts"}],"about":[{"href":"https:\/\/www.europesays.com\/no\/wp-json\/wp\/v2\/types\/post"}],"author":[{"embeddable":true,"href":"https:\/\/www.europesays.com\/no\/wp-json\/wp\/v2\/users\/2"}],"replies":[{"embeddable":true,"href":"https:\/\/www.europesays.com\/no\/wp-json\/wp\/v2\/comments?post=116902"}],"version-history":[{"count":0,"href":"https:\/\/www.europesays.com\/no\/wp-json\/wp\/v2\/posts\/116902\/revisions"}],"wp:featuredmedia":[{"embeddable":true,"href":"https:\/\/www.europesays.com\/no\/wp-json\/wp\/v2\/media\/29783"}],"wp:attachment":[{"href":"https:\/\/www.europesays.com\/no\/wp-json\/wp\/v2\/media?parent=116902"}],"wp:term":[{"taxonomy":"category","embeddable":true,"href":"https:\/\/www.europesays.com\/no\/wp-json\/wp\/v2\/categories?post=116902"},{"taxonomy":"post_tag","embeddable":true,"href":"https:\/\/www.europesays.com\/no\/wp-json\/wp\/v2\/tags?post=116902"}],"curies":[{"name":"wp","href":"https:\/\/api.w.org\/{rel}","templated":true}]}}