{"id":116907,"date":"2025-12-18T21:23:46","date_gmt":"2025-12-18T21:23:46","guid":{"rendered":"https:\/\/www.europesays.com\/no\/116907\/"},"modified":"2025-12-18T21:23:46","modified_gmt":"2025-12-18T21:23:46","slug":"deler-ut-784-skattemillioner-til-gronn-omstilling","status":"publish","type":"post","link":"https:\/\/www.europesays.com\/no\/116907\/","title":{"rendered":"Deler ut 784 skattemillioner til gr\u00f8nn omstilling"},"content":{"rendered":"<p><strong>Regjeringen gir inntil 784 millioner kroner i statlige subsidier til 12 nye forsknings- og innovasjonsprosjekter innen det gr\u00f8nn skiftet. Prosjektene har samlet et totalbudsjett p\u00e5 rundt 1,3 milliarder kroner n\u00e5r egenandeler tas med.<\/strong><\/p>\n<p>If\u00f8lge n\u00e6ringsminister Cecilie Myrseth skal midlene bidra til \u00e5 sette fart p\u00e5 den gr\u00f8nne omstillingen i n\u00e6ringslivet og styrke norsk konkurransekraft internasjonalt.<\/p>\n<p>Det melder regjeringen i en <a href=\"https:\/\/kommunikasjon.ntb.no\/pressemelding\/18756893\/regjeringen-satser-pa-gronn-omstilling?publisherId=14943704&amp;lang=no\" rel=\"nofollow noopener\" target=\"_blank\">pressemelding<\/a>.<\/p>\n<p><strong>Milliardprosjekter med statlig st\u00f8tte<\/strong><\/p>\n<p>St\u00f8tten g\u00e5r til prosjekter som blant annet utvikler nye batterisystemer, teknologi for utslippskutt i sj\u00f8matn\u00e6ringen, seilteknologi for skip, mobilitetsl\u00f8sninger i byer og verdikjeder for hydrogen, sjeldne jordartsmetaller og ombruk av byggevarer.<\/p>\n<p>\u2013 Regjeringen vil bidra til at flere store, ambisi\u00f8se forsknings- og innovasjonsprosjekter ser dagens lys, og at flere bedrifter investerer i gr\u00f8nne og b\u00e6rekraftige l\u00f8sninger, sier Myrseth i <a href=\"https:\/\/kommunikasjon.ntb.no\/pressemelding\/18756893\/regjeringen-satser-pa-gronn-omstilling?publisherId=14943704&amp;lang=no\" rel=\"nofollow noopener\" target=\"_blank\">pressemeldingen<\/a>. <\/p>\n<p>Midlene deles ut gjennom ordningen Gr\u00f8nn plattform, som finansieres av N\u00e6rings- og fiskeridepartementet og administreres av Forskningsr\u00e5det, Innovasjon Norge og Siva. If\u00f8lge Forskningsr\u00e5det er n\u00e6ringslivet avgj\u00f8rende for \u00e5 lykkes med gr\u00f8nn omstilling, og direkt\u00f8r Mari Sundli Tveit viser til at ordningen skal bidra til mer forskning og innovasjon i privat sektor.<\/p>\n<p>Blant mottakerne finner man b\u00e5de tunge akt\u00f8rer som SINTEF, Kongsberg Maritime og NORCE, samt private selskaper innen batterier, offshore vind, mineralutvinning og sirkul\u00e6r\u00f8konomi.<\/p>\n<p><strong>Les ogs\u00e5: <a href=\"https:\/\/inyheter.no\/03\/12\/2025\/sloseriombudsmannen-slar-alarm-om-skattelistene-norge-blor-rikinger\/\" rel=\"nofollow noopener\" target=\"_blank\">Sl\u00f8seriombudsmannen sl\u00e5r alarm om skattelistene: Norge bl\u00f8r rikinger<\/a><\/strong><\/p>\n<p><strong>Gr\u00f8nn plattform<\/strong><\/p>\n<p>\u2013 Dette er spennende prosjekter som kan sette fart p\u00e5 den gr\u00f8nne omstillingen i n\u00e6ringslivet, utvikle nye gr\u00f8nne verdikjeder og bidra til at norsk n\u00e6ringsliv styrker sin konkurransekraft internasjonalt, sier Myrseth i <a href=\"https:\/\/kommunikasjon.ntb.no\/pressemelding\/18756893\/regjeringen-satser-pa-gronn-omstilling?publisherId=14943704&amp;lang=no\" rel=\"nofollow noopener\" target=\"_blank\">pressemeldingen<\/a>.<\/p>\n<p>Flere av prosjektene retter seg mot omr\u00e5der der Norge allerede har sterke offentlige virkemidler og betydelig statlig involvering, samtidig som regjeringen legger til grunn at ytterligere skattepengebruk skal utl\u00f8se privat kapital og nye verdikjeder.<\/p>\n<p>\u2013 Regjeringens ambisjon er at Norge skal v\u00e6re et av verdens beste land \u00e5 skape jobber i, etablere bedrifter i og utvikle nye n\u00e6ringer i.<\/p>\n<p>Satsingen kommer samtidig som statlige subsidier til gr\u00f8nn industri, s\u00e6rlig innen batteriproduksjon, har m\u00f8tt \u00f8kende kritikk de siste f\u00e5 \u00e5rene. Flere batteriprosjekter i Europa og Norden har blitt utsatt, skalert ned eller stanset etter at det har vist seg vanskelig \u00e5 oppn\u00e5 l\u00f8nnsom og b\u00e6rekraftig drift uten langvarige og betydelige offentlige subisider.<\/p>\n<p><strong>Kritikerne har pekt p\u00e5 risikoen for at staten binder opp store summer skattepenger i prosjekter som ikke st\u00e5r p\u00e5 egne ben i markedet, mens regjeringen argumenterer <strong>p\u00e5 sin side<\/strong> for at tidlig statlig st\u00f8tte er n\u00f8dvendig for \u00e5 bygge nye verdikjeder i en internasjonalt subsidiedrevet konkurranse.<\/strong><\/p>\n","protected":false},"excerpt":{"rendered":"Regjeringen gir inntil 784 millioner kroner i statlige subsidier til 12 nye forsknings- og innovasjonsprosjekter innen det gr\u00f8nn&hellip;\n","protected":false},"author":2,"featured_media":116908,"comment_status":"","ping_status":"","sticky":false,"template":"","format":"standard","meta":{"footnotes":""},"categories":[56],"tags":[1170,14103,60,6746,61,62,30,28,29,14104,7692],"class_list":{"0":"post-116907","1":"post","2":"type-post","3":"status-publish","4":"format-standard","5":"has-post-thumbnail","7":"category-naeringsliv","8":"tag-batterifabrikk","9":"tag-batteriproduksjon","10":"tag-business","11":"tag-det-gronne-skiftet","12":"tag-economy","13":"tag-naeringsliv","14":"tag-no","15":"tag-norge","16":"tag-norway","17":"tag-slosing-med-skattepenger","18":"tag-subsidier"},"share_on_mastodon":{"url":"https:\/\/pubeurope.com\/@no\/115742681573494449","error":""},"_links":{"self":[{"href":"https:\/\/www.europesays.com\/no\/wp-json\/wp\/v2\/posts\/116907","targetHints":{"allow":["GET"]}}],"collection":[{"href":"https:\/\/www.europesays.com\/no\/wp-json\/wp\/v2\/posts"}],"about":[{"href":"https:\/\/www.europesays.com\/no\/wp-json\/wp\/v2\/types\/post"}],"author":[{"embeddable":true,"href":"https:\/\/www.europesays.com\/no\/wp-json\/wp\/v2\/users\/2"}],"replies":[{"embeddable":true,"href":"https:\/\/www.europesays.com\/no\/wp-json\/wp\/v2\/comments?post=116907"}],"version-history":[{"count":0,"href":"https:\/\/www.europesays.com\/no\/wp-json\/wp\/v2\/posts\/116907\/revisions"}],"wp:featuredmedia":[{"embeddable":true,"href":"https:\/\/www.europesays.com\/no\/wp-json\/wp\/v2\/media\/116908"}],"wp:attachment":[{"href":"https:\/\/www.europesays.com\/no\/wp-json\/wp\/v2\/media?parent=116907"}],"wp:term":[{"taxonomy":"category","embeddable":true,"href":"https:\/\/www.europesays.com\/no\/wp-json\/wp\/v2\/categories?post=116907"},{"taxonomy":"post_tag","embeddable":true,"href":"https:\/\/www.europesays.com\/no\/wp-json\/wp\/v2\/tags?post=116907"}],"curies":[{"name":"wp","href":"https:\/\/api.w.org\/{rel}","templated":true}]}}