{"id":116909,"date":"2025-12-18T21:24:17","date_gmt":"2025-12-18T21:24:17","guid":{"rendered":"https:\/\/www.europesays.com\/no\/116909\/"},"modified":"2025-12-18T21:24:17","modified_gmt":"2025-12-18T21:24:17","slug":"peker-pa-russland","status":"publish","type":"post","link":"https:\/\/www.europesays.com\/no\/116909\/","title":{"rendered":"Peker p\u00e5 Russland"},"content":{"rendered":"<p class=\"kicker \" style=\"\">Cyberangrep mot Danmark<\/p>\n<p>  Danmark skylder p\u00e5 Russland for \u00e5 st\u00e5 bak to cyberangrep som rammet landet. N\u00e5 kaller de inn Russlands ambassad\u00f8r p\u00e5 teppet.<\/p>\n<p>\n    DANMARK REAGERER: Dansk etterretning gir Russland skylden for to cyberangrep som har rammet landet. N\u00e5 har de innkalt Russlands ambassad\u00f8r til en samtale. Foto: AP Photo\/Pavel Bednyakov\n  <\/p>\n<p>To ulike cyberangrep som rammet henholdsvis et dansk vannverk i fjor og valgnettsider i november i \u00e5r, kom fra Russland, if\u00f8lge dansk etterretningstjeneste.<\/p>\n<p>    <a itemprop=\"url\" href=\"https:\/\/www.dagbladet.no\/nyheter\/penger-i-dag-eller-blod-i-morgen\/84001786\" rel=\"nofollow noopener\" target=\"_blank\"><\/p>\n<p>        <img loading=\"lazy\" decoding=\"async\" src=\"https:\/\/www.europesays.com\/no\/wp-content\/uploads\/2025\/12\/84002101.webp\" width=\"980\" height=\"441\" title=\"- Penger i dag eller blod i morgen\" alt=\"\" class=\"lazyload\" style=\"--aspect-ratio-image: 2.22; \"\/><\/p>\n<p>        &#8211; Penger i dag eller blod i morgen<\/p>\n<p>    <\/a><\/p>\n<p>&#8211; Forsvarets Efterretningstjeneste (FE) kan n\u00e5 tilskrive to cyberangrep i\u00a0Danmark\u00a0til to prorussiske grupper som begge har forbindelser til den russiske stat, sier forsvarsminister Troels Lund Poulsen<\/p>\n<p>        <img loading=\"lazy\" decoding=\"async\" src=\"https:\/\/www.europesays.com\/no\/wp-content\/uploads\/2025\/12\/84006294.webp\" width=\"667\" height=\"381\" title=\"KALLES INN P\u00c5 TEPPET: Vladimir Barbin, Russlands ambassad\u00f8r i Danmark Foto: Ritzau Scanpix\/Reuters\/NTB.\" alt=\"\" class=\"\" style=\"--aspect-ratio-image: 1.75; \"\/><\/p>\n<p>\n        KALLES INN P\u00c5 TEPPET: Vladimir Barbin, Russlands ambassad\u00f8r i Danmark Foto: Ritzau Scanpix\/Reuters\/NTB.\n    <\/p>\n<p>P\u00e5 bakgrunn av angrepene innkaller det danske utenriksdepartementet Russlands ambassad\u00f8r i Danmark, Vladimir Barbin, til en samtale, opplyser forsvarsminister Troels Lund Poulsen under en pressekonferanse torsdag ettermiddag,\u00a0if\u00f8lge danske <a href=\"https:\/\/nyheder.tv2.dk\/live\/politik\/2025-08-11-dansk-politik\" rel=\"nofollow noopener\" target=\"_blank\">TV 2<\/a>.<\/p>\n<p>FE mener, at de pro-russiske gruppene som st\u00e5r bak cyberangrepene er\u00a0 Z-Pentest og NoName057(16), if\u00f8lge kanalen.<\/p>\n<p>        GRISER: Russlands president Vladimir Putin kalte europeiske ledere for griser i tale til det russiske forsvarsdepartementet. VIDEO: Telegram. REPORTER: Vegard Kr\u00fcger<\/p>\n<p>Rammet lokalvalget\t<\/p>\n<p>Det ene angrepet rammet et dansk vannverk i K\u00f8ge i fjor. Vanntrykket ble p\u00e5virket slik at vannr\u00f8r sprakk og flere husstander mistet tilgangen p\u00e5 vann.<\/p>\n<p>Det andre cyberangrepet innebar at nettsidene til h\u00f8stens lokalvalg ble overbelastet.<\/p>\n<p>    <a itemprop=\"url\" href=\"https:\/\/www.dagbladet.no\/sport\/reagerer-kraftig\/84001412\" rel=\"nofollow noopener\" target=\"_blank\"><\/p>\n<p>        <img loading=\"lazy\" decoding=\"async\" src=\"https:\/\/www.europesays.com\/no\/wp-content\/uploads\/2025\/12\/84001418.webp\" width=\"980\" height=\"441\" title=\"Reagerer kraftig\" alt=\"\" class=\"lazyload\" style=\"--aspect-ratio-image: 2.22; \"\/><\/p>\n<p>        Reagerer kraftig<\/p>\n<p>    <\/a><\/p>\n<p>&#8211; Det er fullstendig uakseptabelt at det fra russisk side utf\u00f8res hybridangrep i\u00a0Danmark, sier Poulsen.<\/p>\n<p>Landets beredskapsminister Torsten Schack sier angrepene for\u00e5rsaket begrenset skade, men at det like fullt er alvorlig. Han legger ogs\u00e5 til at\u00a0Danmark\u00a0ikke er tilstrekkelig rustet for \u00e5 st\u00e5 imot slike angrep.<\/p>\n<p>&#8211; Jeg tror man skal v\u00e6re tordnende naiv dersom man tror at vi er i m\u00e5l n\u00e5r det gjelder cybersikkerhet, sier Schack.<\/p>\n<p>Nylige angrep\t<\/p>\n<p>En rekke myndigheter skal, if\u00f8lge danske <a href=\"https:\/\/nyheder.tv2.dk\/live\/politik\/2025-08-11-dansk-politik\" rel=\"nofollow noopener\" target=\"_blank\">TV 2<\/a>, ogs\u00e5 blitt rammet av et overbelastningsangrep s\u00e5 sent som p\u00e5 mandag.<\/p>\n<p>If\u00f8lge kanalen er det snakk om et s\u00e5kalt\u00a0DDoS-angrep, der hackere overbelaster et nettsted eller et IT-system gjennom et systematisk og massivt antall foresp\u00f8rsler. <\/p>\n<p>    <a itemprop=\"url\" href=\"https:\/\/www.dagbladet.no\/nyheter\/putin-med-brutal-beskjed-nekter\/83998999\" rel=\"nofollow noopener\" target=\"_blank\"><\/p>\n<p>        <img loading=\"lazy\" decoding=\"async\" src=\"https:\/\/www.europesays.com\/no\/wp-content\/uploads\/2025\/12\/83999197.webp\" width=\"980\" height=\"441\" title=\"Putin med brutal beskjed: Nekter\" alt=\"\" class=\"lazyload\" style=\"--aspect-ratio-image: 2.22; \"\/><\/p>\n<p>        Putin med brutal beskjed: Nekter<\/p>\n<p>    <\/a><\/p>\n<p>Totalt 19 myndigheter ble rammet, inkludert samferdselsdepartementet, forsvarsdepartementet, politiet og p\u00e5talemyndigheten. I tillegg ble hjemmesidene til sju kommuner rammet.<\/p>\n","protected":false},"excerpt":{"rendered":"Cyberangrep mot Danmark Danmark skylder p\u00e5 Russland for \u00e5 st\u00e5 bak to cyberangrep som rammet landet. N\u00e5 kaller&hellip;\n","protected":false},"author":2,"featured_media":116910,"comment_status":"","ping_status":"","sticky":false,"template":"","format":"standard","meta":{"footnotes":""},"categories":[12],"tags":[20,21,1524,24,25,15,22,23,13,30,28,29,14,16,188,26,27,412,42,186,43,44,45],"class_list":{"0":"post-116909","1":"post","2":"type-post","3":"status-publish","4":"format-standard","5":"has-post-thumbnail","7":"category-verden","8":"tag-breaking-news","9":"tag-breakingnews","10":"tag-danmark","11":"tag-featured-news","12":"tag-featurednews","13":"tag-headlines","14":"tag-latest-news","15":"tag-latestnews","16":"tag-news","17":"tag-no","18":"tag-norge","19":"tag-norway","20":"tag-nyheter","21":"tag-overskrifter","22":"tag-russland","23":"tag-top-stories","24":"tag-topstories","25":"tag-utenriks","26":"tag-verden","27":"tag-vladimir-putin","28":"tag-world","29":"tag-world-news","30":"tag-worldnews"},"share_on_mastodon":{"url":"https:\/\/pubeurope.com\/@no\/115742681989543777","error":""},"_links":{"self":[{"href":"https:\/\/www.europesays.com\/no\/wp-json\/wp\/v2\/posts\/116909","targetHints":{"allow":["GET"]}}],"collection":[{"href":"https:\/\/www.europesays.com\/no\/wp-json\/wp\/v2\/posts"}],"about":[{"href":"https:\/\/www.europesays.com\/no\/wp-json\/wp\/v2\/types\/post"}],"author":[{"embeddable":true,"href":"https:\/\/www.europesays.com\/no\/wp-json\/wp\/v2\/users\/2"}],"replies":[{"embeddable":true,"href":"https:\/\/www.europesays.com\/no\/wp-json\/wp\/v2\/comments?post=116909"}],"version-history":[{"count":0,"href":"https:\/\/www.europesays.com\/no\/wp-json\/wp\/v2\/posts\/116909\/revisions"}],"wp:featuredmedia":[{"embeddable":true,"href":"https:\/\/www.europesays.com\/no\/wp-json\/wp\/v2\/media\/116910"}],"wp:attachment":[{"href":"https:\/\/www.europesays.com\/no\/wp-json\/wp\/v2\/media?parent=116909"}],"wp:term":[{"taxonomy":"category","embeddable":true,"href":"https:\/\/www.europesays.com\/no\/wp-json\/wp\/v2\/categories?post=116909"},{"taxonomy":"post_tag","embeddable":true,"href":"https:\/\/www.europesays.com\/no\/wp-json\/wp\/v2\/tags?post=116909"}],"curies":[{"name":"wp","href":"https:\/\/api.w.org\/{rel}","templated":true}]}}