{"id":116911,"date":"2025-12-18T21:25:23","date_gmt":"2025-12-18T21:25:23","guid":{"rendered":"https:\/\/www.europesays.com\/no\/116911\/"},"modified":"2025-12-18T21:25:23","modified_gmt":"2025-12-18T21:25:23","slug":"nytt-nasjonalt-dronesenter-for-a-bekjempe-ulovlig-droneflyging-i-norge","status":"publish","type":"post","link":"https:\/\/www.europesays.com\/no\/116911\/","title":{"rendered":"Nytt nasjonalt dronesenter for \u00e5 bekjempe ulovlig droneflyging i Norge"},"content":{"rendered":"<p class=\"kicker t15 font-weight-bold m-font-weight-bold color_mobile_no_bg_color quaternary color_mobile_quaternary font-Trim text-case-transform-upper mobile-hasTextPadding\" style=\"\">Drone<\/p>\n<p>    Regjeringen oppretter et nasjonalt kompetansesenter mot ulovlig droneflygning.<\/p>\n<p>\n        DRONE: Illustrasjonsbilde av DJI Drone mini 3 pro i lufta.<br \/>\n        Foto: Rodrigo Freitas, NTB\n    <\/p>\n<p>\u2013 Det er ingen tvil om at Norge st\u00e5r i den mest alvorlige sikkerhetssituasjonen siden andre verdenskrig. Vi og v\u00e5re allierte er utsatt for sammensatt virkemiddelbruk, og arbeidet mot dette er en prioritet for regjeringen, sier justis- og beredskapsminister Astri Aas-Hansen i en pressemelding.<\/p>\n<p>Dronesenteret skal etableres ved politiets beredskapssenter p\u00e5 Taraldrud og skal v\u00e6re en felles arena for kunnskapsdeling, r\u00e5dgivning og informasjon om risikoreduserende tiltak knyttet til ulovlig droneflyging.<\/p>\n<p>Dronesenteret skal ledes av politiet, men iblant invitere inn relevante virksomheter som har dronekompetanse.<\/p>\n<p>\u2013 I tillegg til dette har vi i nysalderingen \u00f8kt politiets budsjett med cirka 30 millioner kroner til investeringer i materiell mot ulovlig droneaktivitet, sier Aas-Hansen.<\/p>\n","protected":false},"excerpt":{"rendered":"Drone Regjeringen oppretter et nasjonalt kompetansesenter mot ulovlig droneflygning. DRONE: Illustrasjonsbilde av DJI Drone mini 3 pro i&hellip;\n","protected":false},"author":2,"featured_media":116912,"comment_status":"","ping_status":"","sticky":false,"template":"","format":"standard","meta":{"footnotes":""},"categories":[10],"tags":[20,21,24,25,15,22,23,13,30,28,29,14,16,26,27],"class_list":{"0":"post-116911","1":"post","2":"type-post","3":"status-publish","4":"format-standard","5":"has-post-thumbnail","7":"category-norge","8":"tag-breaking-news","9":"tag-breakingnews","10":"tag-featured-news","11":"tag-featurednews","12":"tag-headlines","13":"tag-latest-news","14":"tag-latestnews","15":"tag-news","16":"tag-no","17":"tag-norge","18":"tag-norway","19":"tag-nyheter","20":"tag-overskrifter","21":"tag-top-stories","22":"tag-topstories"},"share_on_mastodon":{"url":"https:\/\/pubeurope.com\/@no\/115742685444062787","error":""},"_links":{"self":[{"href":"https:\/\/www.europesays.com\/no\/wp-json\/wp\/v2\/posts\/116911","targetHints":{"allow":["GET"]}}],"collection":[{"href":"https:\/\/www.europesays.com\/no\/wp-json\/wp\/v2\/posts"}],"about":[{"href":"https:\/\/www.europesays.com\/no\/wp-json\/wp\/v2\/types\/post"}],"author":[{"embeddable":true,"href":"https:\/\/www.europesays.com\/no\/wp-json\/wp\/v2\/users\/2"}],"replies":[{"embeddable":true,"href":"https:\/\/www.europesays.com\/no\/wp-json\/wp\/v2\/comments?post=116911"}],"version-history":[{"count":0,"href":"https:\/\/www.europesays.com\/no\/wp-json\/wp\/v2\/posts\/116911\/revisions"}],"wp:featuredmedia":[{"embeddable":true,"href":"https:\/\/www.europesays.com\/no\/wp-json\/wp\/v2\/media\/116912"}],"wp:attachment":[{"href":"https:\/\/www.europesays.com\/no\/wp-json\/wp\/v2\/media?parent=116911"}],"wp:term":[{"taxonomy":"category","embeddable":true,"href":"https:\/\/www.europesays.com\/no\/wp-json\/wp\/v2\/categories?post=116911"},{"taxonomy":"post_tag","embeddable":true,"href":"https:\/\/www.europesays.com\/no\/wp-json\/wp\/v2\/tags?post=116911"}],"curies":[{"name":"wp","href":"https:\/\/api.w.org\/{rel}","templated":true}]}}