{"id":116917,"date":"2025-12-18T21:31:14","date_gmt":"2025-12-18T21:31:14","guid":{"rendered":"https:\/\/www.europesays.com\/no\/116917\/"},"modified":"2025-12-18T21:31:14","modified_gmt":"2025-12-18T21:31:14","slug":"naeringsliv-og-arbeidsliv-butikker-og-handel-lavpriskjeden-okte-julepriser-med-over-50-prosent-ostlands-posten","status":"publish","type":"post","link":"https:\/\/www.europesays.com\/no\/116917\/","title":{"rendered":"N\u00e6ringsliv og arbeidsliv, Butikker og handel | Lavpriskjeden \u00f8kte julepriser med over 50 prosent &#8211; \u00d8stlands-Posten"},"content":{"rendered":"<ol>\n<li><a href=\"https:\/\/news.google.com\/rss\/articles\/CBMiigFBVV95cUxNWDhwQl8wSFVaRi1uRG1VRUxNemlFc2MzTV9rWEtaWGlsVHEzclFPZUd6N2ppQURWcVFGMmlxcG5pbXRBeHBKYjRRcFdqMlRzRmUtTDBrNC1Sc1lPWFpBYVk5X3FsNC04endUYVoxeDZoRlpSMTUybmlBYW82TmN0YWF3WVBFdHI1cVE?oc=5\" target=\"_blank\" rel=\"nofollow noopener\">N\u00e6ringsliv og arbeidsliv, Butikker og handel | Lavpriskjeden \u00f8kte julepriser med over 50 prosent<\/a>&nbsp;&nbsp;\u00d8stlands-Posten<\/li>\n<li><a href=\"https:\/\/news.google.com\/rss\/articles\/CBMijgFBVV95cUxQaENJZVlJdTF0WllhYmMwclI2bEtSMlZENWRIWnRKQXV5c2hMbnhjZ01TQjAtQjJRV0d2VGlJR1pMaHZBR180Nmh4RXh0Umg5NXhpQ2NzRHdnR3RSNVhKcjBDMko4aXFFZXZScWNTWDRiZkpqSHRFenl2TEtIYXpDYnpkR3lZUl8xOXltSWZn?oc=5\" target=\"_blank\" rel=\"nofollow noopener\">Lavpriskjeden \u00f8kte julepriser med over 50 prosent<\/a>&nbsp;&nbsp;Nettavisen<\/li>\n<li><a href=\"https:\/\/news.google.com\/rss\/articles\/CBMimgFBVV95cUxOTWtqOHVUQlhnX1JRendVM3pYQkJ1a3NsWEJaMEVFN1BCcnFxUEwtcTMzZjF6Ny1VbVZ1YVBhN2F3c3JEVDJRZXVMQlBEZmdrbU9XVVc0OTNGSkFYRDJram1oMDZzNG9lTTJZcDAwM0VENkhJQXd3YjE2N0hEaWNUZXFKaTdEdzB3U1dRVzRqMksyUzhabU5yTExB?oc=5\" target=\"_blank\" rel=\"nofollow noopener\">Plutselig ble den rimelige ribba enda billigere<\/a>&nbsp;&nbsp;TV2.no<\/li>\n<li><a href=\"https:\/\/news.google.com\/rss\/articles\/CBMiuAFBVV95cUxPRnZZby1kNFNsTzcyVkpINVhYY2h5UDQ0MEVvVXdWNDU0WnV3cUZpYW1BdGY4MHdQck5OLVNmeU5wam1fRTlVc1pBc2xpWDZNc1VmX3JzSHM0bWV1N0RncWdLdDBydGNrU0R4THAtT2xwX2Rabm9aX0JMWDBPOXM4UjhqMm4tMXhJQS1DRTNUYTliNGZqZjdXaEx6WFRGQWRubUlTS01TdmlES0xzc3ZTR3RKS3UtaVRz?oc=5\" target=\"_blank\" rel=\"nofollow noopener\">(+) Rekordsalg av pinnekj\u00f8tt og norske gr\u00f8nnsaker p\u00e5 Kiwi-butikken<\/a>&nbsp;&nbsp;Dagligvarehandelen<\/li>\n<li><a href=\"https:\/\/news.google.com\/rss\/articles\/CBMinAFBVV95cUxPb2JINGpYVlI4aE5yM3k0bFFkMmtYLVU4Z3VGNHEyLV95bU9QVm5wUi1PT0E3TlU0d0xZbkI1Wk0tZGZQRnJGcVkyUTV2SFJjal9ENUlXUk1nQWVHcXRGSnNqQjA1TW9nbnRoTWZEZ3k4Wng0ODhBQi1Xc2JEVjk0SmZKSzFxMGRxZmNYY3c5LUdDcHRrUGxxSURyZnE?oc=5\" target=\"_blank\" rel=\"nofollow noopener\">\u2013 Vi ser nok f\u00e6rre ekstreme enkelttilbud enn tidligere \u00e5r<\/a>&nbsp;&nbsp;Vestby Avis<\/li>\n<\/ol>\n","protected":false},"excerpt":{"rendered":"N\u00e6ringsliv og arbeidsliv, Butikker og handel | Lavpriskjeden \u00f8kte julepriser med over 50 prosent&nbsp;&nbsp;\u00d8stlands-Posten Lavpriskjeden \u00f8kte julepriser med&hellip;\n","protected":false},"author":2,"featured_media":116657,"comment_status":"","ping_status":"","sticky":false,"template":"","format":"standard","meta":{"footnotes":""},"categories":[56],"tags":[36,60,11637,61,62,1481,30,28,29,7636,1510],"class_list":{"0":"post-116917","1":"post","2":"type-post","3":"status-publish","4":"format-standard","5":"has-post-thumbnail","7":"category-naeringsliv","8":"tag-art","9":"tag-business","10":"tag-butikker-og-handel","11":"tag-economy","12":"tag-naeringsliv","13":"tag-naeringsliv-og-arbeidsliv","14":"tag-no","15":"tag-norge","16":"tag-norway","17":"tag-priskrig","18":"tag-story"},"share_on_mastodon":{"url":"","error":""},"_links":{"self":[{"href":"https:\/\/www.europesays.com\/no\/wp-json\/wp\/v2\/posts\/116917","targetHints":{"allow":["GET"]}}],"collection":[{"href":"https:\/\/www.europesays.com\/no\/wp-json\/wp\/v2\/posts"}],"about":[{"href":"https:\/\/www.europesays.com\/no\/wp-json\/wp\/v2\/types\/post"}],"author":[{"embeddable":true,"href":"https:\/\/www.europesays.com\/no\/wp-json\/wp\/v2\/users\/2"}],"replies":[{"embeddable":true,"href":"https:\/\/www.europesays.com\/no\/wp-json\/wp\/v2\/comments?post=116917"}],"version-history":[{"count":0,"href":"https:\/\/www.europesays.com\/no\/wp-json\/wp\/v2\/posts\/116917\/revisions"}],"wp:featuredmedia":[{"embeddable":true,"href":"https:\/\/www.europesays.com\/no\/wp-json\/wp\/v2\/media\/116657"}],"wp:attachment":[{"href":"https:\/\/www.europesays.com\/no\/wp-json\/wp\/v2\/media?parent=116917"}],"wp:term":[{"taxonomy":"category","embeddable":true,"href":"https:\/\/www.europesays.com\/no\/wp-json\/wp\/v2\/categories?post=116917"},{"taxonomy":"post_tag","embeddable":true,"href":"https:\/\/www.europesays.com\/no\/wp-json\/wp\/v2\/tags?post=116917"}],"curies":[{"name":"wp","href":"https:\/\/api.w.org\/{rel}","templated":true}]}}