{"id":116918,"date":"2025-12-18T21:32:25","date_gmt":"2025-12-18T21:32:25","guid":{"rendered":"https:\/\/www.europesays.com\/no\/116918\/"},"modified":"2025-12-18T21:32:25","modified_gmt":"2025-12-18T21:32:25","slug":"coldplay-skandalen-bryter-tausheten","status":"publish","type":"post","link":"https:\/\/www.europesays.com\/no\/116918\/","title":{"rendered":"Coldplay-skandalen: Bryter tausheten"},"content":{"rendered":"<p class=\"no_italic m-no_italic\" data-lab-italic=\"\">Midt i fellesferien i juli ble det stor st\u00e5hei rundt administrerende direkt\u00f8r Andy Byron og HR-sjef Kristin Cabot, i selskapet Astronomers.\u00a0<\/p>\n<p>De ble nemlig <a href=\"https:\/\/www.tv2.no\/underholdning\/toppsjef-avslort-pa-konsert\/17923324\/\" target=\"_blank\" rel=\"nofollow noopener\">avsl\u00f8rt <\/a>p\u00e5 \u00abKiss Cam\u00bb, i het omfavnelse under en Coldplay-konsert.<\/p>\n<p>        <img class=\"image__img lazyload\" itemprop=\"image\" title=\"Foto: Skjermbilde\" alt=\"COLDPLAY: Under en konsert sp\u00f8kte Chris Martin i bandet med: \u2013 Oi, se p\u00e5 disse to. Enten har de en aff\u00e6re, eller s\u00e5 er de veldig sjenerte. Foto: Skjermbilde\" width=\"675\" height=\"419\" bad-src=\"https:\/\/www.europesays.com\/no\/wp-content\/uploads\/2025\/12\/18397801.webp\" fetchpriority=\"auto\" \/><\/p>\n<p>      COLDPLAY: Under en konsert sp\u00f8kte Chris Martin i bandet med: \u2013 Oi, se p\u00e5 disse to. Enten har de en aff\u00e6re, eller s\u00e5 er de veldig sjenerte.<br \/>\n         Foto: Skjermbilde<\/p>\n<p>I ettertid har det kommet frem at toppsjefen var gift med en annen kvinne, mens\u00a0HR-sjefen allerede var separert fra sin ektemann.<\/p>\n<p class=\"bold m-bold\" data-lab-font_weight=\"bold\">N\u00e5 snakker HR-sjef Cabot ut for f\u00f8rste gang\u00a0i et st\u00f8rre intervju med The New York Times.<\/p>\n<p>\u2013 D\u00e5rlig beslutning<\/p>\n<p>I intervjuet \u00e5pner hun om trakassering, trusler og om hvordan media opps\u00f8kte henne hjemme.<\/p>\n<p>Cabot forteller at hun hadde et sv\u00e6rt n\u00e6rt forhold til sin sjef, og at hun hadde begynt \u00e5 utvikle f\u00f8lelser for ham.<\/p>\n<p>HR-sjefen understreker imidlertid overfor avisen at de ikke var i et seksuelt forhold. Hun hevder at deres f\u00f8rste kyss skjedde samme kveld som konserten fant sted.<\/p>\n<p>N\u00e5 innr\u00f8mmer Cabot at hun tok en d\u00e5rlig avgj\u00f8relse.<\/p>\n<p>\u2013\u00a0Jeg tok en d\u00e5rlig beslutning, drakk noen drinker og oppf\u00f8rte meg upassende med sjefen min. Det er ikke ingenting. Jeg tok ansvar og ga opp karrieren min for det. Det er prisen jeg valgte \u00e5 betale, sier hun til The New York Times. <\/p>\n<p>Massiv hets<\/p>\n<p>HR-sjefen skal ha mottatt massiv hets etter skandalen fant sted.<\/p>\n<p>Hun beskriver opplevelsen som \u00abden definerende katastrofen i livet hennes\u00bb.<\/p>\n<p>Cabot forteller at hun har blitt kalt ting som \u00abhore\u00bb, \u00abgold digger\u00bb og \u00abhomewrecker\u00bb, etter at hun ble observert i hete omgivelser med sin sjef. <\/p>\n<p>    <a class=\"article__link\" data-ga-active-label=\"\" data-ga-active-label-animation=\"\" href=\"https:\/\/www.tv2.no\/underholdning\/vakte-oppsikt-na-bryter-ektemannen-tausheten\/18080356\/\" rel=\"nofollow noopener\" target=\"_blank\"><\/p>\n<p>    <img class=\"image__img lazyload\" itemprop=\"image\" title=\"\" alt=\"\" width=\"978\" height=\"411\" bad-src=\"https:\/\/www.europesays.com\/no\/wp-content\/uploads\/2025\/12\/18080373.webp\" fetchpriority=\"auto\" \/><\/p>\n<p>\n            Vakte oppsikt \u2013 n\u00e5 bryter ektemannen tausheten\n        <\/p>\n<p>    <\/a><\/p>\n<p> \u2013 Folk sa ting som at jeg var en \u00abgold digger\u00bb eller at jeg \u00abl\u00e5 meg til topps\u00bb, noe som ikke kunne ha v\u00e6rt fjernere fra virkeligheten. <\/p>\n<p>Barna hennes ville heller ikke bli sett sammen med henne, forteller hun.<\/p>\n<p>\u2013\u00a0De var redde for at jeg kom til \u00e5 d\u00f8, og at de ogs\u00e5 kom til \u00e5 d\u00f8.<\/p>\n<p>Paparazzier slo leir utenfor huset hennes, og Cabot forteller at hun mottok flere hundre anrop om dagen.<\/p>\n<p>Hun skal ogs\u00e5 ha blitt hengt ut av kjente profiler som Gwyneth Paltrow og Whoopi Goldberg.<\/p>\n<p>If\u00f8lge Cabot skal en kvinne ha uttalt til henne at hun er \u00abmotbydelig\u00bb og sa:<\/p>\n<p>\u2013\u00a0Du fortjener ikke engang \u00e5 puste den samme luften som jeg puster.<\/p>\n<p>Derfor snakker hun ut<\/p>\n<p>Cabot \u00f8nsker \u00e5 fortelle sin side av saken, blant annet for \u00e5 vise sine barn at man kan gj\u00f8re feil.<\/p>\n<p>\u2013 Og man kan virkelig rote det til. Men du trenger ikke bli truet med \u00e5 bli drept for det.<\/p>\n","protected":false},"excerpt":{"rendered":"Midt i fellesferien i juli ble det stor st\u00e5hei rundt administrerende direkt\u00f8r Andy Byron og HR-sjef Kristin Cabot,&hellip;\n","protected":false},"author":2,"featured_media":116919,"comment_status":"","ping_status":"","sticky":false,"template":"","format":"standard","meta":{"footnotes":""},"categories":[12],"tags":[20,21,24,25,15,22,23,13,30,28,29,14,16,26,27,42,43,44,45],"class_list":{"0":"post-116918","1":"post","2":"type-post","3":"status-publish","4":"format-standard","5":"has-post-thumbnail","7":"category-verden","8":"tag-breaking-news","9":"tag-breakingnews","10":"tag-featured-news","11":"tag-featurednews","12":"tag-headlines","13":"tag-latest-news","14":"tag-latestnews","15":"tag-news","16":"tag-no","17":"tag-norge","18":"tag-norway","19":"tag-nyheter","20":"tag-overskrifter","21":"tag-top-stories","22":"tag-topstories","23":"tag-verden","24":"tag-world","25":"tag-world-news","26":"tag-worldnews"},"share_on_mastodon":{"url":"https:\/\/pubeurope.com\/@no\/115742712989812501","error":""},"_links":{"self":[{"href":"https:\/\/www.europesays.com\/no\/wp-json\/wp\/v2\/posts\/116918","targetHints":{"allow":["GET"]}}],"collection":[{"href":"https:\/\/www.europesays.com\/no\/wp-json\/wp\/v2\/posts"}],"about":[{"href":"https:\/\/www.europesays.com\/no\/wp-json\/wp\/v2\/types\/post"}],"author":[{"embeddable":true,"href":"https:\/\/www.europesays.com\/no\/wp-json\/wp\/v2\/users\/2"}],"replies":[{"embeddable":true,"href":"https:\/\/www.europesays.com\/no\/wp-json\/wp\/v2\/comments?post=116918"}],"version-history":[{"count":0,"href":"https:\/\/www.europesays.com\/no\/wp-json\/wp\/v2\/posts\/116918\/revisions"}],"wp:featuredmedia":[{"embeddable":true,"href":"https:\/\/www.europesays.com\/no\/wp-json\/wp\/v2\/media\/116919"}],"wp:attachment":[{"href":"https:\/\/www.europesays.com\/no\/wp-json\/wp\/v2\/media?parent=116918"}],"wp:term":[{"taxonomy":"category","embeddable":true,"href":"https:\/\/www.europesays.com\/no\/wp-json\/wp\/v2\/categories?post=116918"},{"taxonomy":"post_tag","embeddable":true,"href":"https:\/\/www.europesays.com\/no\/wp-json\/wp\/v2\/tags?post=116918"}],"curies":[{"name":"wp","href":"https:\/\/api.w.org\/{rel}","templated":true}]}}