{"id":116920,"date":"2025-12-18T21:34:37","date_gmt":"2025-12-18T21:34:37","guid":{"rendered":"https:\/\/www.europesays.com\/no\/116920\/"},"modified":"2025-12-18T21:34:37","modified_gmt":"2025-12-18T21:34:37","slug":"jonas-gahr-store-om-politisk-drama-i-2025-fra-uro-til-valgseier","status":"publish","type":"post","link":"https:\/\/www.europesays.com\/no\/116920\/","title":{"rendered":"Jonas Gahr St\u00f8re om politisk drama i 2025: Fra uro til valgseier"},"content":{"rendered":"<p>    Det dramatiske politiske \u00e5ret 2025 begynte med uro og endte med full valgseier for statsminister Jonas Gahr St\u00f8re. Det er vel bare en ting han skulle \u00f8nske var ugjort.<\/p>\n<p>\n        Statsminister Jonas Gahr St\u00f8re unte seg litt multekrem under sin halv\u00e5rlige pressekonferanse i statsministerboligen.<br \/>\n        FOTO: Ole Berg-Rusten \/ NTB\n    <\/p>\n<p class=\"kicker tertiary color_mobile_tertiary\" style=\"\">Innenriks<\/p>\n<p class=\"no_italic m-no_italic\" data-lab-italic=\"\">F\u00e5 nyhetsbrev fra Dagsavisen. Meld deg p\u00e5\u00a0<a href=\"https:\/\/www.dagsavisen.no\/om-dagsavisen\/2023\/12\/20\/fa-daglig-nyhetsbrev\/\" rel=\"nofollow noopener\" target=\"_blank\">her<\/a>!<\/p>\n<p>\u2013 Jeg er jo veldig lei meg for at vi kom i den situasjonen med gratis ferjer og studiest\u00f8tte. Vi burde ikke kommet i den situasjonen, og det m\u00e5 vi ta p\u00e5 v\u00e5r kappe. Det er menneskelig \u00e5 gj\u00f8re feil. Da f\u00e5r man vedg\u00e5 det og rette det opp, sier statsminister Jonas Gahr St\u00f8re, som onsdag holdt sin femte oppsummerende jule-pressekonferanse som statsminister.<\/p>\n<p>Bortsett fra \u00abferjegate\u00bb i september, da han og Ap ble beskyldt for \u00e5 lyve til velgerne i valgkampen om at det kom kutt i gratis ferjer og studiest\u00f8tte i distriktene, s\u00e5 kunne St\u00f8re konstatere at resten av det dramatiske politiske \u00e5ret 2025 endte sv\u00e6rt s\u00e5 godt for b\u00e5de Ap og ham selv som statsminister.\u00a0<\/p>\n","protected":false},"excerpt":{"rendered":"Det dramatiske politiske \u00e5ret 2025 begynte med uro og endte med full valgseier for statsminister Jonas Gahr St\u00f8re.&hellip;\n","protected":false},"author":2,"featured_media":116921,"comment_status":"","ping_status":"","sticky":false,"template":"","format":"standard","meta":{"footnotes":""},"categories":[10],"tags":[20,21,24,25,15,22,23,13,30,28,29,14,16,26,27],"class_list":{"0":"post-116920","1":"post","2":"type-post","3":"status-publish","4":"format-standard","5":"has-post-thumbnail","7":"category-norge","8":"tag-breaking-news","9":"tag-breakingnews","10":"tag-featured-news","11":"tag-featurednews","12":"tag-headlines","13":"tag-latest-news","14":"tag-latestnews","15":"tag-news","16":"tag-no","17":"tag-norge","18":"tag-norway","19":"tag-nyheter","20":"tag-overskrifter","21":"tag-top-stories","22":"tag-topstories"},"share_on_mastodon":{"url":"https:\/\/pubeurope.com\/@no\/115742720866362913","error":""},"_links":{"self":[{"href":"https:\/\/www.europesays.com\/no\/wp-json\/wp\/v2\/posts\/116920","targetHints":{"allow":["GET"]}}],"collection":[{"href":"https:\/\/www.europesays.com\/no\/wp-json\/wp\/v2\/posts"}],"about":[{"href":"https:\/\/www.europesays.com\/no\/wp-json\/wp\/v2\/types\/post"}],"author":[{"embeddable":true,"href":"https:\/\/www.europesays.com\/no\/wp-json\/wp\/v2\/users\/2"}],"replies":[{"embeddable":true,"href":"https:\/\/www.europesays.com\/no\/wp-json\/wp\/v2\/comments?post=116920"}],"version-history":[{"count":0,"href":"https:\/\/www.europesays.com\/no\/wp-json\/wp\/v2\/posts\/116920\/revisions"}],"wp:featuredmedia":[{"embeddable":true,"href":"https:\/\/www.europesays.com\/no\/wp-json\/wp\/v2\/media\/116921"}],"wp:attachment":[{"href":"https:\/\/www.europesays.com\/no\/wp-json\/wp\/v2\/media?parent=116920"}],"wp:term":[{"taxonomy":"category","embeddable":true,"href":"https:\/\/www.europesays.com\/no\/wp-json\/wp\/v2\/categories?post=116920"},{"taxonomy":"post_tag","embeddable":true,"href":"https:\/\/www.europesays.com\/no\/wp-json\/wp\/v2\/tags?post=116920"}],"curies":[{"name":"wp","href":"https:\/\/api.w.org\/{rel}","templated":true}]}}