{"id":116924,"date":"2025-12-18T21:38:11","date_gmt":"2025-12-18T21:38:11","guid":{"rendered":"https:\/\/www.europesays.com\/no\/116924\/"},"modified":"2025-12-18T21:38:11","modified_gmt":"2025-12-18T21:38:11","slug":"kristin-cabot-bryter-tausheten-etter-coldplay-skandalen","status":"publish","type":"post","link":"https:\/\/www.europesays.com\/no\/116924\/","title":{"rendered":"Kristin Cabot bryter tausheten etter \u00abColdplay-skandalen\u00bb"},"content":{"rendered":"<p><a href=\"https:\/\/borsen.dagbladet.no\/nyheter\/toppsjefer-tatt-pa-fersken\/83357320\" target=\"_blank\" rel=\"nofollow noopener\">I sommer ble Kristin Cabot og sjefen hennes, Andy Byron<\/a>, filmet mens de holdt rundt hverandre p\u00e5 en Coldplay-konsert i Massachusetts i USA. Det var et \u00abkiss cam\u00bb, p\u00e5 norsk kyssekamera &#8211; som fanget opp de to, f\u00f8r en kvinne &#8211; som selv var i salen &#8211; tok opp telefonen og filmet dem. Videoen ble s\u00e5 delt videre.<\/p>\n<p>Cabot og Byron ble ufrivillig kjendiser over natta, og videoen ble sett over 100 millioner ganger p\u00e5 f\u00e5 dager.\u00a0<\/p>\n<p>        <img loading=\"lazy\" decoding=\"async\" src=\"https:\/\/www.europesays.com\/no\/wp-content\/uploads\/2025\/12\/84005766.webp\" width=\"686\" height=\"392\" title=\"TATT P\u00c5 FERSKEN: Verken Andy Byron eller Kristin Calbot var spesielt forn\u00f8yd med \u00e5 bli fanget p\u00e5 kamera.\" alt=\"\" class=\"\" style=\"--aspect-ratio-image: 1.75; \"\/><\/p>\n<p>\n        TATT P\u00c5 FERSKEN: Verken Andy Byron eller Kristin Calbot var spesielt forn\u00f8yd med \u00e5 bli fanget p\u00e5 kamera.\n    <\/p>\n<p>Snakker ut\t<\/p>\n<p>N\u00e5 snakker Cabot for f\u00f8rste gang ut etter at hun gikk verden rundt. I intervjuer som er publisert i\u00a0<a href=\"https:\/\/www.nytimes.com\/2025\/12\/18\/style\/coldplay-concert-couple-kiss-cam-woman.html\" rel=\"nofollow noopener\" target=\"_blank\">The New York Times<\/a>\u00a0og <a href=\"https:\/\/www.thetimes.com\/us\/news-today\/article\/coldplay-kisscam-boss-kristin-cabot-andy-byron-9qst70b7z\" rel=\"nofollow noopener\" target=\"_blank\">The Times<\/a>, forteller hun om trusler, trakassering og hvordan media skal ha opps\u00f8kt henne hjemme.<\/p>\n<p class=\"font-weight-bold m-font-weight-bold\" data-lab-font_weight=\"font-weight-bold\">&#8211; Jeg tok en d\u00e5rlig beslutning, drakk noen drinker og oppf\u00f8rte meg upassende med sjefen min. Det er ikke ingenting. Jeg tok ansvar og ga opp karrieren min for det. Det er prisen jeg valgte \u00e5 betale, sier hun til The New York Times.\u00a0<\/p>\n<p>Cabot var HR-sjef i selskapet Astronomer da hendelsen fant sted 16. juli. Byron var konsernsjef i det samme selskapet. Begge fors\u00f8kte \u00e5 gjemme seg da de dukket opp p\u00e5 storskjermen, og artist Chris Martin sp\u00f8kte fra scenen om at de to kanskje hadde en \u00abaff\u00e6re\u00bb.<\/p>\n<p>    <a itemprop=\"url\" href=\"https:\/\/borsen.dagbladet.no\/nyheter\/har-startet-gransking\/83361253\" rel=\"nofollow noopener\" target=\"_blank\"><\/p>\n<p>        <img loading=\"lazy\" decoding=\"async\" src=\"https:\/\/www.europesays.com\/no\/wp-content\/uploads\/2025\/12\/83367493.webp\" width=\"980\" height=\"441\" title=\"Har startet gransking\" alt=\"\" class=\"\" style=\"--aspect-ratio-image: 2.22; \"\/><\/p>\n<p>        Har startet gransking<\/p>\n<p>    <\/a><\/p>\n<p>Cabot forteller at hun ble kalt \u00abhore\u00bb, \u00abhomewrecker\u00bb og \u00abgolddigger\u00bb p\u00e5 nettet. Hun forteller ogs\u00e5 at hun mottok 500-600 telefoner daglig i tida etter hendelsen. Fotografer skal ha parkert utenfor hjemmet hennes, og d\u00f8dstruslene skal ha str\u00f8mmet inn.<\/p>\n<p>Hun forteller ogs\u00e5 at barna hennes ikke \u00f8nsket \u00e5 bli sett sammen med henne offentlig.\u00a0<\/p>\n<p>&#8211; De var redde for at jeg kom til \u00e5 d\u00f8, og at de ogs\u00e5 kom til \u00e5 d\u00f8, uttaler hun.\u00a0<\/p>\n<p>        MELBOURNE, AUSTRALIA: Den superpopul\u00e6re musikkgruppa Coldplay er for tiden p\u00e5 turn\u00e9 i Australia, og s\u00f8ndag 3. november g\u00e5r det galt for vokalist Chris Martin. Video: X. Reporter: Christina H. Korneliussen<\/p>\n<p>Avkrefter et seksuelt forhold\t<\/p>\n<p class=\"font-weight-normal m-font-weight-normal\" data-lab-font_weight=\"font-weight-normal\">Cabot bekrefter til The Times at hun var betatt av sjefen, men insisterer p\u00e5 at de ikke hadde et seksuelt forhold. Konserten var f\u00f8rste og eneste gang de kysset, if\u00f8lge henne.<\/p>\n<p class=\"font-weight-bold m-font-weight-bold\" data-lab-font_weight=\"font-weight-bold\">&#8211; Jeg syntes definitivt at han var en kjekk fyr, og jeg tenkte: \u00abHvis jeg ikke jobbet her\u00bb, sier Cabot om sjefen.<\/p>\n<p>If\u00f8lge The Times var b\u00e5de Cabot og Byron i ferd med \u00e5 skille seg fra sine respektive partnere da hendelsen fant sted.\u00a0<\/p>\n<p><a href=\"https:\/\/borsen.dagbladet.no\/nyheter\/sier-opp-jobben\/83363131\" rel=\"nofollow noopener\" target=\"_blank\">Byron gikk av som konsernsjef<\/a> dager etter hendelsen. <a href=\"https:\/\/www.dagbladet.no\/kjendis\/har-sagt-opp-jobben\/83381093\" rel=\"nofollow noopener\" target=\"_blank\">Cabot sa ogs\u00e5 opp sin stilling<\/a> i selskapet samme m\u00e5ned.\u00a0<\/p>\n","protected":false},"excerpt":{"rendered":"I sommer ble Kristin Cabot og sjefen hennes, Andy Byron, filmet mens de holdt rundt hverandre p\u00e5 en&hellip;\n","protected":false},"author":2,"featured_media":116925,"comment_status":"","ping_status":"","sticky":false,"template":"","format":"standard","meta":{"footnotes":""},"categories":[58],"tags":[4703,71,14105,479,5023,30,28,29,72],"class_list":{"0":"post-116924","1":"post","2":"type-post","3":"status-publish","4":"format-standard","5":"has-post-thumbnail","7":"category-underholdning","8":"tag-coldplay","9":"tag-entertainment","10":"tag-kisscam","11":"tag-kjendis","12":"tag-kristin-cabot","13":"tag-no","14":"tag-norge","15":"tag-norway","16":"tag-underholdning"},"share_on_mastodon":{"url":"https:\/\/pubeurope.com\/@no\/115742736666701784","error":""},"_links":{"self":[{"href":"https:\/\/www.europesays.com\/no\/wp-json\/wp\/v2\/posts\/116924","targetHints":{"allow":["GET"]}}],"collection":[{"href":"https:\/\/www.europesays.com\/no\/wp-json\/wp\/v2\/posts"}],"about":[{"href":"https:\/\/www.europesays.com\/no\/wp-json\/wp\/v2\/types\/post"}],"author":[{"embeddable":true,"href":"https:\/\/www.europesays.com\/no\/wp-json\/wp\/v2\/users\/2"}],"replies":[{"embeddable":true,"href":"https:\/\/www.europesays.com\/no\/wp-json\/wp\/v2\/comments?post=116924"}],"version-history":[{"count":0,"href":"https:\/\/www.europesays.com\/no\/wp-json\/wp\/v2\/posts\/116924\/revisions"}],"wp:featuredmedia":[{"embeddable":true,"href":"https:\/\/www.europesays.com\/no\/wp-json\/wp\/v2\/media\/116925"}],"wp:attachment":[{"href":"https:\/\/www.europesays.com\/no\/wp-json\/wp\/v2\/media?parent=116924"}],"wp:term":[{"taxonomy":"category","embeddable":true,"href":"https:\/\/www.europesays.com\/no\/wp-json\/wp\/v2\/categories?post=116924"},{"taxonomy":"post_tag","embeddable":true,"href":"https:\/\/www.europesays.com\/no\/wp-json\/wp\/v2\/tags?post=116924"}],"curies":[{"name":"wp","href":"https:\/\/api.w.org\/{rel}","templated":true}]}}