{"id":116926,"date":"2025-12-18T21:41:37","date_gmt":"2025-12-18T21:41:37","guid":{"rendered":"https:\/\/www.europesays.com\/no\/116926\/"},"modified":"2025-12-18T21:41:37","modified_gmt":"2025-12-18T21:41:37","slug":"disse-kulene-kan-erstatte-fossilt-kull-i-norsk-industri","status":"publish","type":"post","link":"https:\/\/www.europesays.com\/no\/116926\/","title":{"rendered":"Disse kulene kan erstatte fossilt kull i norsk industri"},"content":{"rendered":"<p>\u2013 Utfordringen vi skal l\u00f8se, er noe man ikke kan gj\u00f8re p\u00e5 andre m\u00e5ter, sier administrerende direkt\u00f8r Cecilie Jonassen i Arbion Industries.\u00a0<\/p>\n<p>I ukens episode av podkasten Teknisk Sett forteller hun hvordan selskapet bidrar til \u00e5 gj\u00f8re norsk metallurgisk industri mer milj\u00f8vennlig.\u00a0<\/p>\n<p>Ut med fossilt kull<\/p>\n<p>Jonassen, som ogs\u00e5 er treforedlingsingeni\u00f8r, foklarer hvordan de bruker restprodukter fra skogindustrien til \u00e5 lage biokarbon, som kan erstatte fossilt kull i metallurgisk produksjon.\u00a0<\/p>\n<p>Nyvinningen legger dermed til rette for at norsk industri kan kutte store utslipp og samtidig utvikle og bygge ny virksomhet og verdiskapning i Norge.\u00a0<\/p>\n<p>Arbion produserer pellets med biokarbon, som igjen fungerer som reduksjonsmiddel i metallurgiske prosesser. Biokarbonet erstatter den historiske bruken av fossilt kull og bidrar til en betydelig reduksjon i CO2-utslipp fra en s\u00e6rdeles stor og viktig del av norsk industri.\u00a0<\/p>\n<p>Lokale fabrikker<\/p>\n<p>Den f\u00f8rste fabrikken skal opp \u00e5 st\u00e5 p\u00e5 H\u00f8nefoss, n\u00e6rmere bestemt p\u00e5 det gamle omr\u00e5det til Norske Skog p\u00e5 Follum. Det f\u00f8rste byggetrinnet vil ha en kapasitet p\u00e5 10.000 tonn, deretter planlegger de for 20.000 og 30.000 tonn. Ikke fabrikker i \u00abmega-klassen\u00bb, men som skreddersys tilgangen til r\u00e5stoff og energitilgang i n\u00e6romr\u00e5det.\u00a0<\/p>\n<p>\u2013 V\u00e5r strategi er \u00e5 etablere fabrikker der det er tilgang p\u00e5 lokalt r\u00e5stoff. Bruken av biokarbon bidrar til en betydelig reduksjon i utslipp. I tillegg brukes pyrolysegassen som energi i prosessen. Overskuddsvarmen g\u00e5r til fjernvarmenettet og gj\u00f8r at hele kjeden utnyttes, forteller Jonassen.\u00a0<\/p>\n<p>\u2013 M\u00e5let er \u00e5 beholde mer av verdien i Norge gjennom lokal produksjon og prosesseringsledd.\u00a0<\/p>\n<p><a class=\"group clear-both w-full !no-underline my-8 sm:my-12 bg-stone-50 dark:bg-brandStone-700 dark:text-brandNeutral-100 flex items-stretch flex-nowrap\" href=\"https:\/\/www.tu.no\/artikler\/industrien-frykter-mer-usikre-tider-om-eu-tollen-blir-staende\/564713\" rel=\"nofollow noopener\" target=\"_blank\"><img decoding=\"async\" class=\" object-cover h-full w-full transition-transform duration-700 ease-in-out group-hover:scale-[1.05] will-change-transform\" src=\"https:\/\/www.europesays.com\/no\/wp-content\/uploads\/2025\/12\/Ole%20Erik%20Almlid.jpg\"  alt=\"Administrerende direkt\u00f8r i NHO, Ole Erik Almlid, frykter usikre tider for norsk industri. \" loading=\"lazy\"\/><\/p>\n<p>Les ogs\u00e5:<\/p>\n<p class=\"group-hover:underline text-brandNeutral-900 dark:text-brandNeutral-100 mt-2 text-base sm:text-xl leading-5 sm:leading-6 font-bold\">Industrien frykter mer usikre tider: \u2013 Svekker norsk konkurransekraft\u00a0<\/p>\n<p><\/a><\/p>\n","protected":false},"excerpt":{"rendered":"\u2013 Utfordringen vi skal l\u00f8se, er noe man ikke kan gj\u00f8re p\u00e5 andre m\u00e5ter, sier administrerende direkt\u00f8r Cecilie&hellip;\n","protected":false},"author":2,"featured_media":116927,"comment_status":"","ping_status":"","sticky":false,"template":"","format":"standard","meta":{"footnotes":""},"categories":[56],"tags":[60,61,537,1514,14106,62,30,28,29,1270,9102],"class_list":{"0":"post-116926","1":"post","2":"type-post","3":"status-publish","4":"format-standard","5":"has-post-thumbnail","7":"category-naeringsliv","8":"tag-business","9":"tag-economy","10":"tag-industri","11":"tag-klima","12":"tag-metallurgi","13":"tag-naeringsliv","14":"tag-no","15":"tag-norge","16":"tag-norway","17":"tag-podkast","18":"tag-teknisk-sett"},"share_on_mastodon":{"url":"https:\/\/pubeurope.com\/@no\/115742748813239123","error":""},"_links":{"self":[{"href":"https:\/\/www.europesays.com\/no\/wp-json\/wp\/v2\/posts\/116926","targetHints":{"allow":["GET"]}}],"collection":[{"href":"https:\/\/www.europesays.com\/no\/wp-json\/wp\/v2\/posts"}],"about":[{"href":"https:\/\/www.europesays.com\/no\/wp-json\/wp\/v2\/types\/post"}],"author":[{"embeddable":true,"href":"https:\/\/www.europesays.com\/no\/wp-json\/wp\/v2\/users\/2"}],"replies":[{"embeddable":true,"href":"https:\/\/www.europesays.com\/no\/wp-json\/wp\/v2\/comments?post=116926"}],"version-history":[{"count":0,"href":"https:\/\/www.europesays.com\/no\/wp-json\/wp\/v2\/posts\/116926\/revisions"}],"wp:featuredmedia":[{"embeddable":true,"href":"https:\/\/www.europesays.com\/no\/wp-json\/wp\/v2\/media\/116927"}],"wp:attachment":[{"href":"https:\/\/www.europesays.com\/no\/wp-json\/wp\/v2\/media?parent=116926"}],"wp:term":[{"taxonomy":"category","embeddable":true,"href":"https:\/\/www.europesays.com\/no\/wp-json\/wp\/v2\/categories?post=116926"},{"taxonomy":"post_tag","embeddable":true,"href":"https:\/\/www.europesays.com\/no\/wp-json\/wp\/v2\/tags?post=116926"}],"curies":[{"name":"wp","href":"https:\/\/api.w.org\/{rel}","templated":true}]}}