{"id":116928,"date":"2025-12-18T21:42:12","date_gmt":"2025-12-18T21:42:12","guid":{"rendered":"https:\/\/www.europesays.com\/no\/116928\/"},"modified":"2025-12-18T21:42:12","modified_gmt":"2025-12-18T21:42:12","slug":"nascar-legenden-greg-biffle-og-hans-familie-fryktes-omkommet-etter-at-et-privatfly-styrtet-i-nord-carolina-i-usa","status":"publish","type":"post","link":"https:\/\/www.europesays.com\/no\/116928\/","title":{"rendered":"Nascar-legenden Greg Biffle og hans familie fryktes omkommet etter at et privatfly styrtet i Nord-Carolina i USA."},"content":{"rendered":"<p>Fotballegenden \u00c5ge Hareide er d\u00f8d, 72 \u00e5r gammel.<\/p>\n<p>\u00abPappa sovnet inn i kveld, hjemme sammen med familien rundt seg. N\u00e5 har han spilt sin siste kamp. Vi er evig takknemlige for all kj\u00e6rlighet vi har f\u00e5tt i tida han har v\u00e6rt syk\u00bb, skriver s\u00f8nnen Bendik i en melding til <a href=\"https:\/\/www.vg.no\/sport\/i\/BxRVGv\/aage-hareide-er-doed\" rel=\"nofollow noopener\" target=\"_blank\">VG<\/a> og <a href=\"https:\/\/www.nrk.no\/sport\/age-hareide-er-dod_-_-en-av-de-tre-store-1.17699210\" rel=\"nofollow noopener\" target=\"_blank\">NRK.<\/a><\/p>\n<p>Hadde kreft<\/p>\n<p>I november fortalte s\u00f8nnen at Hareide hadde f\u00e5tt p\u00e5vist hjernekreft.\u00a0<\/p>\n<p>&#8211; Det kom som et sjokk. Det gjorde det. For oss alle, uttalte han til flere medier da.<\/p>\n<p>        <img loading=\"lazy\" decoding=\"async\" src=\"https:\/\/www.europesays.com\/no\/wp-content\/uploads\/2025\/12\/84006370.webp\" width=\"667\" height=\"381\" title=\"HADDE HJERNEKREFT: Det fortalte s\u00f8nnen Bendik nylig i et intervju med VG og NRK. Foto: Hans A. Vedlog \/ Dagbladet\" alt=\"\" class=\"\" style=\"--aspect-ratio-image: 1.75; \"\/><\/p>\n<p>\n        HADDE HJERNEKREFT: Det fortalte s\u00f8nnen Bendik nylig i et intervju med VG og NRK. Foto: Hans A. Vedlog \/ Dagbladet\n    <\/p>\n<p>I intervjuet kom det fram at Hareide slet med taleevnen og motorikken.<\/p>\n<p>Det kom ogs\u00e5 fram at familien forsto at den tidligere landslagssjefen slet med \u00e5 gj\u00f8re seg forst\u00e5tt.\u00a0<\/p>\n<p> Etter en rekke grundige medisinske unders\u00f8kelser fikk de mistanken bekreftet 30. juli sist sommer. Da fikk de beskjeden om at det var p\u00e5vist kreft. <\/p>\n<p>Det var imidlertid ikke <a href=\"https:\/\/www.dagbladet.no\/sport\/apner-opp-om-kreftdiagnose\/83895895\" rel=\"nofollow noopener\" target=\"_blank\">f\u00f8r nylig sykdommen ble offentlig kjent<\/a>.<\/p>\n<p>&#8211; Altfor tidlig<\/p>\n<p>&#8211; Det er veldig trist. En trenerlegende som har g\u00e5tt bort altfor tidlig. Han hadde en fantastisk karriere som b\u00e5de spiller og trener, som spoleres alt for tidlig, sier tidligere landslagstrener Nils Johan Semb til Dagbladet torsdag kveld.\u00a0<\/p>\n<p>&#8211; \u00c5ge var en av norsk fotballs st\u00f8rste, b\u00e5de som spiller og trener. For meg personlig satt jeg pris p\u00e5 de mange gode samtalene vi hadde da jeg var trener i FCK\u00a0og han var landslagstrener for Danmark, og han kom innom treningene v\u00e5re. Han var ogs\u00e5 veldig st\u00f8ttende for meg da det gikk galt i EM-kvaliken. Det er fryktelig trist at \u00c5ge har g\u00e5tt bort. V\u00e5re varmeste tanker g\u00e5r til hans n\u00e6rmeste familie, sier landslagssjef St\u00e5le Solbakken til <a href=\"https:\/\/www.tv2.no\/sport\/age-hareide-er-dod-72-ar-gammel\/18293336\/\" rel=\"nofollow noopener\" target=\"_blank\">TV 2<\/a>.<\/p>\n<p>&#8211; Fotball-Norge vil savne hans temperament p\u00e5 benken, og hans raushet og varme. Med ham har Norge mistet en stor fotballspiller og trener, sier statsminister Jonas Gahr St\u00f8re til NTB.<\/p>\n<p>        <img loading=\"lazy\" decoding=\"async\" src=\"https:\/\/www.europesays.com\/no\/wp-content\/uploads\/2025\/12\/84006361.webp\" width=\"980\" height=\"559\" title=\"Nils Johan Semb. Foto: J\u00f8rn H. Moen \/ Dagbladet\" alt=\"\" class=\"\" style=\"--aspect-ratio-image: 1.75; \"\/><\/p>\n<p>\n        Nils Johan Semb. Foto: J\u00f8rn H. Moen \/ Dagbladet\n    <\/p>\n<p>Et liv i fotballen  <\/p>\n<p>\u00c5ge Hareide har et helt liv i fotballen.\u00a0<\/p>\n<p>Han ble A-lagsspiller i H\u00f8dd som 17-\u00e5ring i 1970.\u00a0<\/p>\n<p>Siden gikk han til Molde, der den solide midstopperen blant annet ble k\u00e5ret til \u00e5rets spiller.<\/p>\n<p>Da han ble hentet til engelsk fotball og Manchester City i 1981, var det som den andre norske englandsproffen (etter Einar Aas).<\/p>\n<blockquote class=\"twitter-tweet\">\n<p lang=\"da\" dir=\"ltr\">Vores tidligere landstr\u00e6ner \u00c5ge Hareide er desv\u00e6rre g\u00e5et bort alt for tidligt :broken_heart:<\/p>\n<p>\u00c6ret v\u00e6ret hans minde :pray:<\/p>\n<p>Herunder reaktion fra fodbolddirekt\u00f8r Peter M\u00f8ller:<\/p>\n<p>\u201cVi har med stor sorg modtaget beskeden om \u00c5ges alt for tidlige bortgang. \u00c5ge var et varmt og lunt menneske&#8230;&raquo;<\/p>\n<p>1\/2 <a href=\"https:\/\/t.co\/lYxumPqSX9\" rel=\"nofollow\">pic.twitter.com\/lYxumPqSX9<\/a><\/p>\n<p>\u2014 Fodboldlandsholdene :flag-dk: (@dbulandshold) <a href=\"https:\/\/twitter.com\/dbulandshold\/status\/2001755760808673548?ref_src=twsrc%5Etfw\" rel=\"nofollow noopener\" target=\"_blank\">December 18, 2025<\/a><\/p><\/blockquote>\n<p>Hareide spilte 50 landskamper og scoret fem m\u00e5l for Norge.<\/p>\n<p>Trenerkarrieren tok han fatt p\u00e5 i 1985, da han tok over Molde. Han er kanskje aller mest kjent fra Molde-tiden som trener for de tre S&#8217;ene i angrepet, Ole Gunnar Solskj\u00e6r, Ole Bj\u00f8rn Sundgot og Arild Stavrum. <\/p>\n<p>Deretter oppn\u00e5dde han \u00e5 bli seriemester i tre ulike land\u00a0(som trener for Helsingborg, Br\u00f8ndby, Rosenborg og Malm\u00f6). <\/p>\n<p>    Fakta om \u00c5ge Hareide<\/p>\n<p>Dette er fotballspiller- og treneren\u00a0\u00c5ge\u00a0Hareide:<\/p>\n<p>F\u00f8dt: 23. september 1953<\/p>\n<p>D\u00f8d: 18. desember 2025<\/p>\n<p>F\u00f8dested: Hareid<\/p>\n<p>Klubber som spiller: H\u00f8dd, Molde, Manchester City, Norwich<\/p>\n<p>A-landskamper\/m\u00e5l: 50\/5<\/p>\n<p>Klubber\/nasjoner som trener:<\/p>\n<p>* 1987-91: Molde<\/p>\n<p>* 1993-97: Molde<\/p>\n<p>* 1998-99: Helsingborg (seriemester 1999)<\/p>\n<p>* 2000-02: Br\u00f8ndby (seriemester 2002)<\/p>\n<p>* 2003: Rosenborg (seriemester 2003)<\/p>\n<p>* 2003-08: Norge<\/p>\n<p>* 2009: \u00d6rgryte<\/p>\n<p>* 2010-12: Viking<\/p>\n<p>* 2012: Helsingborg<\/p>\n<p>* 2014-15: Malm\u00f6 (seriemester 2014)<\/p>\n<p>* 2016-20 Danmark (VM-sluttspill i Russland 2018)<\/p>\n<p>* 2020-2021: Rosenborg<\/p>\n<p>* 2022: Malm\u00f6<\/p>\n<p>* 2023: Island<\/p>\n<p>Seriegull som trener:<\/p>\n<p>1999: Helsingborg<\/p>\n<p>2002: Br\u00f8ndby<\/p>\n<p>2003: Rosenborg<\/p>\n<p>2014: Malm\u00f6.<\/p>\n<p>\u00c5ge\u00a0Hareide\u00a0d\u00f8de torsdag 18. desember.<\/p>\n<p>(NTB)<\/p>\n<p>      Vis mer<br \/>\n      Vis mindre<\/p>\n<p> Hareide varslet flere ganger at det var slutt p\u00e5 trenerlivet, men hver gang endte det opp med at han kom tilbake. <\/p>\n<p>Han har ogs\u00e5 v\u00e6rt norsk landslagstrener, samt trener for det danske landslaget og det islandske landslaget.<\/p>\n<p>Trenerkarrieren ble endelig avsluttet som trener for Island.<\/p>\n<p>Hareide\u00a0er utdannet revisor, har jobbet i bank og har ogs\u00e5 ofte fungert som ekspertkommentator for ulike TV-kanaler, deriblant NRK.<\/p>\n<p><script async src=\"https:\/\/platform.twitter.com\/widgets.js\" charset=\"utf-8\"><\/script><\/p>\n","protected":false},"excerpt":{"rendered":"Fotballegenden \u00c5ge Hareide er d\u00f8d, 72 \u00e5r gammel. \u00abPappa sovnet inn i kveld, hjemme sammen med familien rundt&hellip;\n","protected":false},"author":2,"featured_media":116929,"comment_status":"","ping_status":"","sticky":false,"template":"","format":"standard","meta":{"footnotes":""},"categories":[12],"tags":[20,21,24,25,15,22,23,13,30,28,29,14,16,83,26,27,42,43,44,45],"class_list":{"0":"post-116928","1":"post","2":"type-post","3":"status-publish","4":"format-standard","5":"has-post-thumbnail","7":"category-verden","8":"tag-breaking-news","9":"tag-breakingnews","10":"tag-featured-news","11":"tag-featurednews","12":"tag-headlines","13":"tag-latest-news","14":"tag-latestnews","15":"tag-news","16":"tag-no","17":"tag-norge","18":"tag-norway","19":"tag-nyheter","20":"tag-overskrifter","21":"tag-sport","22":"tag-top-stories","23":"tag-topstories","24":"tag-verden","25":"tag-world","26":"tag-world-news","27":"tag-worldnews"},"share_on_mastodon":{"url":"https:\/\/pubeurope.com\/@no\/115742752551710428","error":""},"_links":{"self":[{"href":"https:\/\/www.europesays.com\/no\/wp-json\/wp\/v2\/posts\/116928","targetHints":{"allow":["GET"]}}],"collection":[{"href":"https:\/\/www.europesays.com\/no\/wp-json\/wp\/v2\/posts"}],"about":[{"href":"https:\/\/www.europesays.com\/no\/wp-json\/wp\/v2\/types\/post"}],"author":[{"embeddable":true,"href":"https:\/\/www.europesays.com\/no\/wp-json\/wp\/v2\/users\/2"}],"replies":[{"embeddable":true,"href":"https:\/\/www.europesays.com\/no\/wp-json\/wp\/v2\/comments?post=116928"}],"version-history":[{"count":0,"href":"https:\/\/www.europesays.com\/no\/wp-json\/wp\/v2\/posts\/116928\/revisions"}],"wp:featuredmedia":[{"embeddable":true,"href":"https:\/\/www.europesays.com\/no\/wp-json\/wp\/v2\/media\/116929"}],"wp:attachment":[{"href":"https:\/\/www.europesays.com\/no\/wp-json\/wp\/v2\/media?parent=116928"}],"wp:term":[{"taxonomy":"category","embeddable":true,"href":"https:\/\/www.europesays.com\/no\/wp-json\/wp\/v2\/categories?post=116928"},{"taxonomy":"post_tag","embeddable":true,"href":"https:\/\/www.europesays.com\/no\/wp-json\/wp\/v2\/tags?post=116928"}],"curies":[{"name":"wp","href":"https:\/\/api.w.org\/{rel}","templated":true}]}}