{"id":116930,"date":"2025-12-18T21:43:07","date_gmt":"2025-12-18T21:43:07","guid":{"rendered":"https:\/\/www.europesays.com\/no\/116930\/"},"modified":"2025-12-18T21:43:07","modified_gmt":"2025-12-18T21:43:07","slug":"legg-ned-5-av-6-sjukeheimar-i-senja-i-troms-nrk-troms-og-finnmark","status":"publish","type":"post","link":"https:\/\/www.europesays.com\/no\/116930\/","title":{"rendered":"Legg ned 5 av 6 sjukeheimar i Senja i Troms \u2013 NRK Troms og Finnmark"},"content":{"rendered":"<p>\u2013 Dette er kanskje den mest krevjande saka kommunestyret har behandla.<\/p>\n<p>Det sa ordf\u00f8rar Geir-Inge Sivertsen (H) i Senja fr\u00e5 talarstolen.<\/p>\n<p><strong>P\u00e5 tilh\u00f8yrarbenken var det fullt, da kommunestyret vedtok \u00e5 legge ned 5 av 6 sjukeheimar.<\/strong><\/p>\n<p><strong>Alle sjukeheimane i distriktet blir omgjorde til omsorgsbustader.<\/strong><\/p>\n<p>Med berre ein sjukeheim igjen i kommunen med n\u00e6rare 15.000 innbyggarar, blir ogs\u00e5 talet p\u00e5 sjukeheimsplassar halverte.<\/p>\n<p>\u00c5rsaka er at kommunen dei tre neste \u00e5ret m\u00e5 kutte 100 millionar kroner.<\/p>\n<p>Forslaget blei vedtatt med 18 mot 13 stemmer.<\/p>\n<p><img decoding=\"async\"   src=\"data:image\/gif;base64,R0lGODlhAQABAIAAAAAAAP\/\/\/yH5BAEAAAAALAAAAAABAAEAAAIBRAA7\" loading=\"eager\" alt=\"M\u00f8te med deltakere i en kommune-samling, som sitter i stoler i et rom. Flertallet av deltakerne ser mot en taler. Utsikt mot fjellene og vinduer i bakgrunnen. Noen deltakere ser ut til \u00e5 ta notater eller lytte oppmerksomt. (Bildebeskrivelsen er laget av en KI-tjeneste)\" title=\"Foto: Malin Straumsnes \/ NRK\"\/><\/p>\n<p class=\"\">Mange f\u00f8lgde budsjettdebatten i Senja kommune. <\/p>\n<p>Foto: Malin Straumsnes \/ NRK<\/p>\n<p>Oppr\u00f8rt og skuffa<\/p>\n<p>I n\u00e6rare eit halvt \u00e5r har aksjonsgruppa Sykehjemsppr\u00f8ret i Senja jobba for \u00e5 bevare sjukeheimane i distriktet.<\/p>\n<p><strong>\u2013 Det her er forferdeleg trist.<\/strong><\/p>\n<p>Det seier talsperson for aksjonistane, Herbj\u00f8rg Valv\u00e5g.<\/p>\n<p>\u2013 Vi synest skrivebordsarbeidet her har vore d\u00e5rleg. Det er ikkje gjort \u00f8konomiske utgreiingar av kva sjukeheimane betyr for distrikta. Og s\u00e5 har det blitt kommunisert d\u00e5rleg med befolkninga, seier ho.<\/p>\n<p><img decoding=\"async\"   src=\"data:image\/gif;base64,R0lGODlhAQABAIAAAAAAAP\/\/\/yH5BAEAAAAALAAAAAABAAEAAAIBRAA7\" loading=\"eager\" alt=\"Aksjonist Herbj\u00f8rg Valv\u00e5g i Sykehjemoppr\u00f8ret i Senja\" title=\"Foto: Malin Straumsnes \/ NRK\"\/><\/p>\n<p class=\"\">Aksjonist i Sykehjemsppr\u00f8ret i Senja, Herbj\u00f8rg Valv\u00e5g.<\/p>\n<p>Foto: Malin Straumsnes \/ NRK<\/p>\n<p>Aksjonisten er fr\u00e5 Stonglandseidet, ei av bygdene som n\u00e5 mistar sjukeheimen. Det skjer ogs\u00e5 i Sifjord, Gryllefjord, Skaland og Rossfjord.<\/p>\n<p>Berre sjukeheimen i kommunesenteret Finnsnes best\u00e5r.<\/p>\n<p><strong>Etter kommunestyret var Valv\u00e5g og dei andre aksjonistane oppr\u00f8rte og skuffa.<\/strong><\/p>\n<p>\u2013 Det har vore eit opplegg fr\u00e5 toppen og ned. Sist er det politikarane som har vunne fram, ogs\u00e5 har kommunisert utruleg d\u00e5rleg med folket her ute.<\/p>\n<p><img decoding=\"async\"   src=\"data:image\/gif;base64,R0lGODlhAQABAIAAAAAAAP\/\/\/yH5BAEAAAAALAAAAAABAAEAAAIBRAA7\" loading=\"eager\" alt=\"Et beplantet velkomstskilt \u00f8nsker folk velkommen til Sifjord. I bakgrunnen ser vi veien som f\u00f8rer til bygda, fjord og fjell. Det er vinter. \" title=\"Foto: Malin Straumsnes \/ NRK\"\/><\/p>\n<p class=\"\">Sifjord er ei av bygdene kor sjukeheimen blir omsorgsbustadar.<\/p>\n<p>Foto: Malin Straumsnes \/ NRK<\/p>\n<p>Fryktar knipe i framtida<\/p>\n<p>SV-politikar Kay-Erling Ludvigsen la fram eit anna forslag til vedtak, der fleire sjukeheimsplassar i distrikta fekk best\u00e5.<\/p>\n<p>Men forslaget n\u00e5dde ikkje opp.<\/p>\n<p>No er han bekymra.<\/p>\n<p><strong>\u2013 Vi g\u00e5r fr\u00e5 182 sjukeheimsplassar til 90. Eg er redd for at vi kjem til \u00e5 st\u00e5 i ei knipe i framtida. Ei knipe med for f\u00e5 plassar som kan gi hjelp til dei som treng det mest, seier SV-politikaren.<\/strong><\/p>\n<p><img decoding=\"async\"   src=\"data:image\/gif;base64,R0lGODlhAQABAIAAAAAAAP\/\/\/yH5BAEAAAAALAAAAAABAAEAAAIBRAA7\" loading=\"eager\" alt=\"M\u00f8tet omhandler omstilling av sykehjemstjenesten i Senja kommune. En taler st\u00e5r ved et podium, samtaler om utviklingen av sykehjemmet for personer med demens. Skjermen bak ham viser relevante punkter relatert til saken. Omgivelsene er en offentlig sal med murvegg. (Bildebeskrivelsen er laget av en KI-tjeneste)\" title=\"Foto: Malin Straumsnes \/ NRK\"\/><\/p>\n<p class=\"\">Lokalpolitikar for SV, Kay-Erling Ludvigsen.<\/p>\n<p>Foto: Malin Straumsnes \/ NRK<\/p>\n<p>Ordf\u00f8raren seier derimot at dei nye omsorgssentera i distrikta er framtidsretta.<\/p>\n<p>Han meiner det ogs\u00e5 kan bidra til rekruttering av tilsette.<\/p>\n<p>\u2013 Dette vil vere ein av framtidas m\u00e5tar \u00e5 kunne drifte desse tenestene ute i distriktet. Det er moglegheita kommunen har til \u00e5 gi tenester p\u00e5 dette omsorgsniv\u00e5et i distrikta, seier Sivertsen.<\/p>\n<p><img decoding=\"async\"   src=\"data:image\/gif;base64,R0lGODlhAQABAIAAAAAAAP\/\/\/yH5BAEAAAAALAAAAAABAAEAAAIBRAA7\" loading=\"eager\" alt=\"To personer st\u00e5r foran et m\u00f8terom med en skjerm i bakgrunnen. Den ene personen har p\u00e5 seg en vest og slips, mens den andre er i dress. I bakgrunnen er det flere stoler og et bord, der en tredje person sitter. Det er synlige elementer av organisasjonslogoer p\u00e5 veggen. (Bildebeskrivelsen er laget av en KI-tjeneste)\" title=\"Foto: Malin Straumsnes \/ NRK\"\/><\/p>\n<p class=\"\">Ordf\u00f8rar i Senja kommune, Geir-Inge Sivertsen (H).<\/p>\n<p>Foto: Malin Straumsnes \/ NRK<\/p>\n<p><strong>Senja-ordf\u00f8raren meiner det ogs\u00e5 kan bidra til rekruttering av tilsette.<\/strong><\/p>\n<p>Sjukepleiarstudent Hanna Margrethe Teigen Olsen er ikkje av same oppfatning.<\/p>\n<p>\u2013 Eg er bekymra for at det ikkje er bruk for arbeidskrafta mi lenger her i distriktet.<\/p>\n<p>Det sa ho til NRK tidlegare i veka.<\/p>\n<p><img decoding=\"async\"   src=\"data:image\/gif;base64,R0lGODlhAQABAIAAAAAAAP\/\/\/yH5BAEAAAAALAAAAAABAAEAAAIBRAA7\" loading=\"eager\" alt=\"En person i bl\u00e5 arbeidsdrakt st\u00e5r i en gang med dekorative lys hengende fra taket. Bak personen er det d\u00f8rer i ulike farger, samt bilder p\u00e5 veggene. Belysningen gir en varm atmosf\u00e6re i rommet. Det ser ut til \u00e5 v\u00e6re et milj\u00f8 hvor mennesker oppholder seg. (Bildebeskrivelsen er laget av en KI-tjeneste)\" title=\"Foto: Malin Straumsnes \/ NRK\"\/><\/p>\n<p class=\"\">Hanna Margrethe Teigen Olsen er sjukepleiarstudent og vil framleis bu p\u00e5 Flakstadv\u00e5g p\u00e5 Senja. Men ho er redd kroken p\u00e5 d\u00f8ra for sjukeheimen ho jobbar p\u00e5, kan gjere at bygda d\u00f8yr ut.<\/p>\n<p>Foto: Malin Straumsnes \/ NRK<\/p>\n<p>Kommunestyret skulle ogs\u00e5 ta stilling til om legekontora ute i distrikta ogs\u00e5 skulle leggast ned. Politikarane valde forel\u00f8pig \u00e5 behalde dei.<\/p>\n<p>Publisert<\/p>\n<p>18.12.2025, kl. 21.35<\/p>\n<p>Oppdatert<\/p>\n<p>18.12.2025, kl. 21.49<\/p>\n","protected":false},"excerpt":{"rendered":"\u2013 Dette er kanskje den mest krevjande saka kommunestyret har behandla. Det sa ordf\u00f8rar Geir-Inge Sivertsen (H) i&hellip;\n","protected":false},"author":2,"featured_media":116931,"comment_status":"","ping_status":"","sticky":false,"template":"","format":"standard","meta":{"footnotes":""},"categories":[10],"tags":[20,21,24,25,15,22,23,13,30,28,29,14,16,26,27],"class_list":{"0":"post-116930","1":"post","2":"type-post","3":"status-publish","4":"format-standard","5":"has-post-thumbnail","7":"category-norge","8":"tag-breaking-news","9":"tag-breakingnews","10":"tag-featured-news","11":"tag-featurednews","12":"tag-headlines","13":"tag-latest-news","14":"tag-latestnews","15":"tag-news","16":"tag-no","17":"tag-norge","18":"tag-norway","19":"tag-nyheter","20":"tag-overskrifter","21":"tag-top-stories","22":"tag-topstories"},"share_on_mastodon":{"url":"https:\/\/pubeurope.com\/@no\/115742756338685426","error":""},"_links":{"self":[{"href":"https:\/\/www.europesays.com\/no\/wp-json\/wp\/v2\/posts\/116930","targetHints":{"allow":["GET"]}}],"collection":[{"href":"https:\/\/www.europesays.com\/no\/wp-json\/wp\/v2\/posts"}],"about":[{"href":"https:\/\/www.europesays.com\/no\/wp-json\/wp\/v2\/types\/post"}],"author":[{"embeddable":true,"href":"https:\/\/www.europesays.com\/no\/wp-json\/wp\/v2\/users\/2"}],"replies":[{"embeddable":true,"href":"https:\/\/www.europesays.com\/no\/wp-json\/wp\/v2\/comments?post=116930"}],"version-history":[{"count":0,"href":"https:\/\/www.europesays.com\/no\/wp-json\/wp\/v2\/posts\/116930\/revisions"}],"wp:featuredmedia":[{"embeddable":true,"href":"https:\/\/www.europesays.com\/no\/wp-json\/wp\/v2\/media\/116931"}],"wp:attachment":[{"href":"https:\/\/www.europesays.com\/no\/wp-json\/wp\/v2\/media?parent=116930"}],"wp:term":[{"taxonomy":"category","embeddable":true,"href":"https:\/\/www.europesays.com\/no\/wp-json\/wp\/v2\/categories?post=116930"},{"taxonomy":"post_tag","embeddable":true,"href":"https:\/\/www.europesays.com\/no\/wp-json\/wp\/v2\/tags?post=116930"}],"curies":[{"name":"wp","href":"https:\/\/api.w.org\/{rel}","templated":true}]}}