{"id":116932,"date":"2025-12-18T21:44:22","date_gmt":"2025-12-18T21:44:22","guid":{"rendered":"https:\/\/www.europesays.com\/no\/116932\/"},"modified":"2025-12-18T21:44:22","modified_gmt":"2025-12-18T21:44:22","slug":"oppdaget-gigasprekk","status":"publish","type":"post","link":"https:\/\/www.europesays.com\/no\/116932\/","title":{"rendered":"Oppdaget gigasprekk"},"content":{"rendered":"<p>  E39 ved Kongeparken i Rogaland er stengt p\u00e5 grunn av fare for jordras.<\/p>\n<p>\n    SPREKKER: Brannvesenet har oppdaget sprekker i asfalten i n\u00e6rheten av brannstasjonen p\u00e5 \u00c5lg\u00e5rd. Foto: Politiet\n  <\/p>\n<p>Politiet opplyste f\u00f8rst om saken i\u00a0<a href=\"https:\/\/www.politiet.no\/politiloggen\/hendelse\/250w8p\/sor-vest-politidistrikt-var-gjesdal-kongsgata\" target=\"_blank\" rel=\"nofollow noopener\">politiloggen<\/a>\u00a0klokken 15.20 torsdag ettermiddag.<\/p>\n<p>&#8211; Brannvesenet har oppdaget sprekker i asfalten i n\u00e6rheten av brannstasjonen p\u00e5 \u00c5lg\u00e5rd. Politiet er p\u00e5 stedet. Veivesen og geolog er varslet, skriver politiet.<\/p>\n<p> E39 er stengt med omkj\u00f8ring via Figgenveien og Opstadveien. <\/p>\n<p>Politiet skriver at grunnen til at veien er stengt er at man ikke kan utelukke at det kan komme et ras ned p\u00e5 E39.<\/p>\n<p> Operasjosleder Rune Tallaksen sier til Dagbladet at trafikken flyter, men g\u00e5r noe saktere.<\/p>\n<p> Det er ingen bebyggelse som m\u00e5 evakueres, men Uno X stasjonen er stengt, skriver Tallaksen.<\/p>\n<p>&#8211; Politiet innsatsleder er ferdig med m\u00f8te med diverse akt\u00f8rer. Det er meldt at veien forel\u00f8pig vil bli stengt til i morgen ettermiddag, skriver politiet i en oppdatering klokka 19:20.<\/p>\n<p> Det vil bli foretatt videre unders\u00f8kelser i i kveld og i natt og sperringene som er satt ut vil ikke bli flyttet, opplyser politiet.<\/p>\n<p>Trafikkoperat\u00f8r i Statens vegvesen Andras Rasmussen, forteller at de enn\u00e5 ikke har mottatt noen meldinger om problemer med omkj\u00f8ringen.<\/p>\n<p>&#8211; Jeg tror det vil g\u00e5 greit i morgen ogs\u00e5, sier Rasmussen.<\/p>\n<p>Statens vegvesen skriver likevel i en pressemelding at folk b\u00f8r beregne ekstra tid om de skal kj\u00f8re denne strekningen i morgen.<\/p>\n<p> Normalt er tar denne omkj\u00f8ringa ca. 30 minutter lenger enn via E39. I morgenrushet fredag, kan omkj\u00f8ringsruta ta enda lenger tid, heter det i meldinga.<\/p>\n<p>De opplyser ogs\u00e5 om at geolog skal gj\u00f8re en ny vurdering ved 12-tida fredag. <\/p>\n","protected":false},"excerpt":{"rendered":"E39 ved Kongeparken i Rogaland er stengt p\u00e5 grunn av fare for jordras. SPREKKER: Brannvesenet har oppdaget sprekker&hellip;\n","protected":false},"author":2,"featured_media":116933,"comment_status":"","ping_status":"","sticky":false,"template":"","format":"standard","meta":{"footnotes":""},"categories":[5],"tags":[20,21,24,25,15,19,2539,22,23,17,18,13,30,28,29,14,16,26,27],"class_list":{"0":"post-116932","1":"post","2":"type-post","3":"status-publish","4":"format-standard","5":"has-post-thumbnail","7":"category-overskrifter","8":"tag-breaking-news","9":"tag-breakingnews","10":"tag-featured-news","11":"tag-featurednews","12":"tag-headlines","13":"tag-hovedoppslag","14":"tag-innenriks","15":"tag-latest-news","16":"tag-latestnews","17":"tag-main-news","18":"tag-mainnews","19":"tag-news","20":"tag-no","21":"tag-norge","22":"tag-norway","23":"tag-nyheter","24":"tag-overskrifter","25":"tag-top-stories","26":"tag-topstories"},"share_on_mastodon":{"url":"https:\/\/pubeurope.com\/@no\/115742760422581791","error":""},"_links":{"self":[{"href":"https:\/\/www.europesays.com\/no\/wp-json\/wp\/v2\/posts\/116932","targetHints":{"allow":["GET"]}}],"collection":[{"href":"https:\/\/www.europesays.com\/no\/wp-json\/wp\/v2\/posts"}],"about":[{"href":"https:\/\/www.europesays.com\/no\/wp-json\/wp\/v2\/types\/post"}],"author":[{"embeddable":true,"href":"https:\/\/www.europesays.com\/no\/wp-json\/wp\/v2\/users\/2"}],"replies":[{"embeddable":true,"href":"https:\/\/www.europesays.com\/no\/wp-json\/wp\/v2\/comments?post=116932"}],"version-history":[{"count":0,"href":"https:\/\/www.europesays.com\/no\/wp-json\/wp\/v2\/posts\/116932\/revisions"}],"wp:featuredmedia":[{"embeddable":true,"href":"https:\/\/www.europesays.com\/no\/wp-json\/wp\/v2\/media\/116933"}],"wp:attachment":[{"href":"https:\/\/www.europesays.com\/no\/wp-json\/wp\/v2\/media?parent=116932"}],"wp:term":[{"taxonomy":"category","embeddable":true,"href":"https:\/\/www.europesays.com\/no\/wp-json\/wp\/v2\/categories?post=116932"},{"taxonomy":"post_tag","embeddable":true,"href":"https:\/\/www.europesays.com\/no\/wp-json\/wp\/v2\/tags?post=116932"}],"curies":[{"name":"wp","href":"https:\/\/api.w.org\/{rel}","templated":true}]}}