{"id":116936,"date":"2025-12-18T21:47:24","date_gmt":"2025-12-18T21:47:24","guid":{"rendered":"https:\/\/www.europesays.com\/no\/116936\/"},"modified":"2025-12-18T21:47:24","modified_gmt":"2025-12-18T21:47:24","slug":"nabojul-julekonsert-inviterer-til-julekonsert-haper-folk-senker-skuldrene-og-kommer-i-julestemning","status":"publish","type":"post","link":"https:\/\/www.europesays.com\/no\/116936\/","title":{"rendered":"Nabojul, Julekonsert | Inviterer til julekonsert: \u2013 H\u00e5per folk senker skuldrene og kommer i julestemning"},"content":{"rendered":"\n<p>Med tente lys, fyr i peisen og julepynten p\u00e5 plass inviterer Lenny Kittilsen Amta hjem til seg selv i Dr\u00f8bak. I stua er det tett mellom instrumentkasser, kabler og tekopper n\u00e5r Nabojul gj\u00f8r de siste forberedelsene f\u00f8r \u00e5rets julekonsert i Dr\u00f8bak kirke.<\/p>\n<p>For tredje \u00e5ret p\u00e5 rad fyller de kirkerommet med musikk og julestemning, og for bandet har det allerede blitt en kj\u00e6r tradisjon.<\/p>\n<p><b>\u2013 Det har blitt en veldig koselig tradisjon som jeg tror og h\u00e5per at folk setter pris p\u00e5, og at de kommer i ordentlig julestemning, sier Kittilsen.<\/b><\/p>\n<p>\u00d8ving i julepyntet stue<\/p>\n<p>Ikke alle band velger \u00e5 \u00f8ve hjemme i egen stue, men for Nabojul f\u00f8les det helt naturlig.<\/p>\n<p><b>\u2013 For det f\u00f8rste er vi fra Dr\u00f8bak, s\u00e5 det er veldig praktisk. Selv om man m\u00e5 rigge opp og ned samme dag og stua blir helt full av utstyr, ler Kittilsen.<\/b><\/p>\n<p>Han blir litt ettertenksom f\u00f8r han fortsetter:<\/p>\n<p><b>\u2013 Det er noe med stemningen. Man blir jo tvunget inn i julestemning n\u00e5r man \u00f8ver i ei stue med lys, varme og julepynt.<\/b><\/p>\n<p>   <img decoding=\"async\" width=\"1284\" height=\"1452\" fetchpriority=\"low\"  loading=\"lazy\"  src=\"https:\/\/www.europesays.com\/no\/wp-content\/uploads\/2025\/12\/IMG_2192.jpeg\" alt=\"\" class=\"brick-c-cFOWSL\" style=\"--brick-image-ratio: 1284 \/ 1452;\"\/><\/p>\n<p>      GLEDER SEG: Lenny Kittilsen ser frem til julekonserten kommende l\u00f8rdag.<br \/>\n      Foto: Johannes Havig-Gjelseth\n    <\/p>\n<p>Margaret Berger nikker gjenkjennende.<\/p>\n<p><b>\u2013 Det er jo faktisk mange \u00f8vingslokaler i Norge som er mindre pene og som tar all julegleden fra deg. S\u00e5 det er helt nydelig at vi har denne muligheten, sier hun.<\/b><\/p>\n<p>Berger dukket ogs\u00e5 opp til \u00f8ving med egen tekopp.<\/p>\n<p><b>\u2013 S\u00e5 n\u00e6re bor vi faktisk hverandre. Dette er ekte nabokj\u00e6rlighet, sier hun med et smil.<\/b><\/p>\n<p>\u2013 Det lokale er viktig for oss<\/p>\n<p>Navnet Nabojul er ikke tilfeldig valgt.<\/p>\n<p><b>\u2013 Vi valgte jo \u00e5 kalle oss Nabojul fordi vi er naboer, men ogs\u00e5 fordi vi \u00f8nsker at det skal v\u00e6re koselig for alle lokale. At man kan ta med seg naboene sine p\u00e5 julekonsert, og kanskje kombinere det med en middag i fantastiske Dr\u00f8bak, sier Berger.<\/b><\/p>\n<p>Kittilsen f\u00f8lger opp:<\/p>\n<p><b>\u2013 Det er akkurat det vi \u00f8nsker. At det skjer noe mer enn bare konserten. At man bruker n\u00e6rmilj\u00f8et og skaper en god juletradisjon.<\/b><\/p>\n<p>   <img decoding=\"async\" width=\"1284\" height=\"1027\" fetchpriority=\"low\"  loading=\"lazy\"  src=\"https:\/\/www.europesays.com\/no\/wp-content\/uploads\/2025\/12\/IMG_2193.jpeg\" alt=\"\" class=\"brick-c-cFOWSL\" style=\"--brick-image-ratio: 1284 \/ 1027;\"\/><\/p>\n<p>      SISTE FORBEREDELSENE: Nabojul er snart klare for sin tredje julekonsert i Dr\u00f8bak Kirke.<br \/>\n      Foto: Johannes Havig-Gjelseth\n    <\/p>\n<p>At \u00f8nsket allerede har blitt virkelighet, varmer.<\/p>\n<p><b>\u2013 Vi vet at det er mange som allerede gj\u00f8r nettopp det, og det er veldig fint \u00e5 tenke p\u00e5 at det har blitt s\u00e5nn vi h\u00e5pet, sier Berger.<\/b><\/p>\n<p>I \u00e5r er konserten lagt til en l\u00f8rdag, noe bandet setter ekstra pris p\u00e5.<\/p>\n<p>\u2013 Da h\u00e5per vi flere f\u00e5r muligheten til \u00e5 senke skuldrene litt f\u00f8r jul, sier hun.<\/p>\n<p>Klar for konsert<\/p>\n<p>Stemningen under \u00f8vingen er avslappet, men fokusert. Kittilsen er optimistisk foran helgen.<\/p>\n<p><b>\u2013 Vi f\u00f8ler at vi er i rute. Tom, Terje, Margaret og jeg er et godt team, og dette er tredje \u00e5ret vi gj\u00f8r dette sammen.<\/b><\/p>\n<p>Han sender et sp\u00f8rrende blikk mot Tom Svenkerud og Terje Norum.<\/p>\n<p>\u2013 Synes dere vi er i rute?<\/p>\n<p>\u2013 Ja, det begynner \u00e5 komme seg, svarer Svenkerud.<\/p>\n<p><b>\u2013 Jeg t\u00f8r ikke si noe jeg, skyter Norum inn \u2013 f\u00f8r hele stua bryter ut i latter.<\/b><\/p>\n<p>  <a href=\"https:\/\/www.amta.no\/5-3-1903466\" class=\"related-teaser has-image default-story-teaser article--c-eRUmMG article--c-eRUmMG-jKCPdD-design-default\" rel=\"nofollow noopener\" target=\"_blank\"><\/p>\n<p>    <img decoding=\"async\" loading=\"lazy\"  src=\"https:\/\/www.europesays.com\/no\/wp-content\/uploads\/2025\/12\/IMG_9323.jpeg\" alt=\"\" class=\"brick-c-cFOWSL\" style=\"\"\/><\/p>\n<p>\n            Les ogs\u00e5<\/p>\n<p>              Fra naboer til lokal tradisjon: \u2013 Det vil skje noen forandringer\n        <\/p>\n<p>  <\/a><\/p>\n<p>  <a href=\"https:\/\/www.amta.no\/5-3-1548865\" class=\"related-teaser has-image default-feature-teaser article--c-eRUmMG article--c-eRUmMG-jKCPdD-design-default\" rel=\"nofollow noopener\" target=\"_blank\"><\/p>\n<p>    <img decoding=\"async\" loading=\"lazy\"  src=\"https:\/\/www.europesays.com\/no\/wp-content\/uploads\/2025\/12\/IMG_3832.jpg\" alt=\"\" class=\"brick-c-cFOWSL\" style=\"\"\/><\/p>\n<p>\n            Les ogs\u00e5<\/p>\n<p>              Naboene i Dr\u00f8bak ble overrasket: \u2013 Tok oss p\u00e5 senga\n        <\/p>\n<p>  <\/a><\/p>\n<p>  <a href=\"https:\/\/www.amta.no\/5-3-1357521\" class=\"related-teaser has-image default-story-teaser article--c-eRUmMG article--c-eRUmMG-jKCPdD-design-default\" rel=\"nofollow noopener\" target=\"_blank\"><\/p>\n<p>    <img decoding=\"async\" loading=\"lazy\"  src=\"https:\/\/www.europesays.com\/no\/wp-content\/uploads\/2025\/12\/1C3A8848.JPG\" alt=\"\" class=\"brick-c-cFOWSL\" style=\"\"\/><\/p>\n<p>\n            Les ogs\u00e5<\/p>\n<p>              Margaret og Lenny fylte Dr\u00f8bak kirke: \u2013 Krysser av p\u00e5 \u00abbucket list\u00bb-en\n        <\/p>\n<p>  <\/a><\/p>\n","protected":false},"excerpt":{"rendered":"Med tente lys, fyr i peisen og julepynten p\u00e5 plass inviterer Lenny Kittilsen Amta hjem til seg selv&hellip;\n","protected":false},"author":2,"featured_media":116937,"comment_status":"","ping_status":"","sticky":false,"template":"","format":"standard","meta":{"footnotes":""},"categories":[58],"tags":[36,3592,14110,71,8032,5593,9157,14109,30,28,29,14,1510,72],"class_list":{"0":"post-116936","1":"post","2":"type-post","3":"status-publish","4":"format-standard","5":"has-post-thumbnail","7":"category-underholdning","8":"tag-art","9":"tag-drobak","10":"tag-drobak-kirke","11":"tag-entertainment","12":"tag-frogn","13":"tag-jul","14":"tag-julekonsert","15":"tag-nabojul","16":"tag-no","17":"tag-norge","18":"tag-norway","19":"tag-nyheter","20":"tag-story","21":"tag-underholdning"},"share_on_mastodon":{"url":"https:\/\/pubeurope.com\/@no\/115742772103143155","error":""},"_links":{"self":[{"href":"https:\/\/www.europesays.com\/no\/wp-json\/wp\/v2\/posts\/116936","targetHints":{"allow":["GET"]}}],"collection":[{"href":"https:\/\/www.europesays.com\/no\/wp-json\/wp\/v2\/posts"}],"about":[{"href":"https:\/\/www.europesays.com\/no\/wp-json\/wp\/v2\/types\/post"}],"author":[{"embeddable":true,"href":"https:\/\/www.europesays.com\/no\/wp-json\/wp\/v2\/users\/2"}],"replies":[{"embeddable":true,"href":"https:\/\/www.europesays.com\/no\/wp-json\/wp\/v2\/comments?post=116936"}],"version-history":[{"count":0,"href":"https:\/\/www.europesays.com\/no\/wp-json\/wp\/v2\/posts\/116936\/revisions"}],"wp:featuredmedia":[{"embeddable":true,"href":"https:\/\/www.europesays.com\/no\/wp-json\/wp\/v2\/media\/116937"}],"wp:attachment":[{"href":"https:\/\/www.europesays.com\/no\/wp-json\/wp\/v2\/media?parent=116936"}],"wp:term":[{"taxonomy":"category","embeddable":true,"href":"https:\/\/www.europesays.com\/no\/wp-json\/wp\/v2\/categories?post=116936"},{"taxonomy":"post_tag","embeddable":true,"href":"https:\/\/www.europesays.com\/no\/wp-json\/wp\/v2\/tags?post=116936"}],"curies":[{"name":"wp","href":"https:\/\/api.w.org\/{rel}","templated":true}]}}