{"id":116938,"date":"2025-12-18T21:50:14","date_gmt":"2025-12-18T21:50:14","guid":{"rendered":"https:\/\/www.europesays.com\/no\/116938\/"},"modified":"2025-12-18T21:50:14","modified_gmt":"2025-12-18T21:50:14","slug":"hydro-kraft-hydro-inngar-ny-langsiktig-kraftavtale","status":"publish","type":"post","link":"https:\/\/www.europesays.com\/no\/116938\/","title":{"rendered":"Hydro, Kraft | Hydro inng\u00e5r ny langsiktig kraftavtale"},"content":{"rendered":"\n<p>Dette er den \u00e5ttende langsiktige kraftavtalen inng\u00e5tt mellom Hafslund og Hydro siden 2020, med et totalt volum p\u00e5 10 TWh.<\/p>\n<p>Den nye avtalen sikrer en \u00e5rlig leveranse p\u00e5 350 GWh over en fem\u00e5rsperiode. Kraften fra Hafslund vil bli levert i prisomr\u00e5det NO3, som er Midt-Norge.<\/p>\n<p>&#8211; Denne avtalen er et viktig steg som sikrer deler av Hydros kraftbehov og muliggj\u00f8r videre utvikling av v\u00e5re aluminiumsverk i Norge, inkludert investeringer i ny teknologi. Hafslund er et kraftselskap som bidrar til at norsk industri kan fortsette \u00e5 lede an innen lavkarbonprodukter og l\u00f8sninger som Europa ettersp\u00f8r, og vi er sv\u00e6rt forn\u00f8yde med \u00e5 ha Hafslund som partner, sier Kari Th\u00f8rud, konserndirekt\u00f8r for Hydro Energi, i en pressemelding torsdag morgen.<\/p>\n<p>Basert p\u00e5 fornybar energi kan Hydro produsere aluminium i Norge med et karbonavtrykk som er om lag 75 prosent lavere enn det globale gjennomsnittet. Fornybar energi er ogs\u00e5 n\u00f8kkelen for at Hydro skal lykkes <a href=\"https:\/\/www.hydro.com\/no\/global\/sustainability\/roadmap-to-net-zero\/\" rel=\"nofollow noopener\" target=\"_blank\">med dekarbonisering av aluminiumsproduksjonen<\/a> og n\u00e5 m\u00e5let om nullutslipp innen 2050.<\/p>\n<p>Hydro jobber aktivt langs flere spor for \u00e5 dekke kraftbehovet fremover, skriver selskapet i presssemeldingen. <\/p>\n","protected":false},"excerpt":{"rendered":"Dette er den \u00e5ttende langsiktige kraftavtalen inng\u00e5tt mellom Hafslund og Hydro siden 2020, med et totalt volum p\u00e5&hellip;\n","protected":false},"author":2,"featured_media":16699,"comment_status":"","ping_status":"","sticky":false,"template":"","format":"standard","meta":{"footnotes":""},"categories":[56],"tags":[36,60,61,4958,537,2276,62,30,28,29,1510,5032],"class_list":{"0":"post-116938","1":"post","2":"type-post","3":"status-publish","4":"format-standard","5":"has-post-thumbnail","7":"category-naeringsliv","8":"tag-art","9":"tag-business","10":"tag-economy","11":"tag-hydro","12":"tag-industri","13":"tag-kraft","14":"tag-naeringsliv","15":"tag-no","16":"tag-norge","17":"tag-norway","18":"tag-story","19":"tag-sunndal"},"share_on_mastodon":{"url":"https:\/\/pubeurope.com\/@no\/115742784034405830","error":""},"_links":{"self":[{"href":"https:\/\/www.europesays.com\/no\/wp-json\/wp\/v2\/posts\/116938","targetHints":{"allow":["GET"]}}],"collection":[{"href":"https:\/\/www.europesays.com\/no\/wp-json\/wp\/v2\/posts"}],"about":[{"href":"https:\/\/www.europesays.com\/no\/wp-json\/wp\/v2\/types\/post"}],"author":[{"embeddable":true,"href":"https:\/\/www.europesays.com\/no\/wp-json\/wp\/v2\/users\/2"}],"replies":[{"embeddable":true,"href":"https:\/\/www.europesays.com\/no\/wp-json\/wp\/v2\/comments?post=116938"}],"version-history":[{"count":0,"href":"https:\/\/www.europesays.com\/no\/wp-json\/wp\/v2\/posts\/116938\/revisions"}],"wp:featuredmedia":[{"embeddable":true,"href":"https:\/\/www.europesays.com\/no\/wp-json\/wp\/v2\/media\/16699"}],"wp:attachment":[{"href":"https:\/\/www.europesays.com\/no\/wp-json\/wp\/v2\/media?parent=116938"}],"wp:term":[{"taxonomy":"category","embeddable":true,"href":"https:\/\/www.europesays.com\/no\/wp-json\/wp\/v2\/categories?post=116938"},{"taxonomy":"post_tag","embeddable":true,"href":"https:\/\/www.europesays.com\/no\/wp-json\/wp\/v2\/tags?post=116938"}],"curies":[{"name":"wp","href":"https:\/\/api.w.org\/{rel}","templated":true}]}}