{"id":116939,"date":"2025-12-18T21:51:11","date_gmt":"2025-12-18T21:51:11","guid":{"rendered":"https:\/\/www.europesays.com\/no\/116939\/"},"modified":"2025-12-18T21:51:11","modified_gmt":"2025-12-18T21:51:11","slug":"feil-forstaelse-av-ordet-intifada","status":"publish","type":"post","link":"https:\/\/www.europesays.com\/no\/116939\/","title":{"rendered":"Feil forst\u00e5else av ordet intifada"},"content":{"rendered":"\n<p class=\"_paragraph_o9xde_4 _paragraph_xtcu6_10 layout-component text-serif-m layout-normal text-serif-m layout-padded\"><a href=\"https:\/\/tv.nrk.no\/serie\/dagsrevyen\/sesong\/202512\/episode\/NNFA19121525\" class=\"_link_o9xde_39\" rel=\"nofollow noopener\" target=\"_blank\">I Dagsrevyen<\/a> fors\u00f8kte nylig forstander i Det mosaiske trossamfund, Marius Gaarder, \u00e5 forklare hva intifada betyr, og at uttrykket forst\u00e5s av ham og mange j\u00f8der som en oppfordring til (fysiske) angrep p\u00e5 alle j\u00f8der. <\/p>\n<p class=\"_paragraph_o9xde_4 _paragraph_xtcu6_10 layout-component text-serif-m layout-normal text-serif-m layout-padded\">Samme forst\u00e5else har ogs\u00e5 Ester Nafstad og Louise Kahn i kronikken <a href=\"https:\/\/www.vg.no\/nyheter\/i\/Pd3be0\/en-global-intifada\" data-track-element-type=\"Link\" data-track-id=\"link:Pd3be0\" class=\"_link_o9xde_39\" rel=\"nofollow noopener\" target=\"_blank\">\u00abEn global intifada\u00bb<\/a> i VG. <\/p>\n<p class=\"_paragraph_o9xde_4 _paragraph_xtcu6_10 layout-component text-serif-m layout-normal text-serif-m layout-padded\">Denne forst\u00e5elsen er fundamentalt forfeilet. Det er en pro-israelsk tolkning som utgj\u00f8r et propagandaangrep p\u00e5 hele den internasjonale solidaritetsbevegelsen for Palestina.<\/p>\n<p class=\"_paragraph_o9xde_4 _paragraph_xtcu6_10 layout-component text-serif-m layout-normal text-serif-m layout-padded\">Intifada har den arabiske grunnbetydningen\u00a0\u00e5 bli ristet,\u00a0riste seg\u00a0eller\u00a0riste av seg noe. <\/p>\n<p class=\"_paragraph_o9xde_4 _paragraph_xtcu6_10 layout-component text-serif-m layout-normal text-serif-m layout-padded\">Den f\u00f8rste intifadaen, fra 1987 til 1993, handlet nettopp om dette. Det var et palestinsk fors\u00f8k p\u00e5 \u00e5 riste av seg den israelske okkupasjonen av Vestbredden og Gaza. <\/p>\n<p class=\"_paragraph_o9xde_4 _paragraph_xtcu6_10 layout-component text-serif-m layout-normal text-serif-m layout-padded\">Dette var et ikke-milit\u00e6rt oppr\u00f8r som omfattet demonstrasjoner, skattenekt, alternativ undervisning n\u00e5r skoler og universiteter ble stengt osv., samt ungdom som konfronterte israelske tanks med slagord og stein. <\/p>\n<p class=\"_paragraph_o9xde_4 _paragraph_xtcu6_10 layout-component text-serif-m layout-normal text-serif-m layout-padded\">Ordet intifada ble synonymt med (et palestinsk) oppr\u00f8r \u2013 en grasrotbevegelse som kom overraskende p\u00e5 det palestinske lederskapet i eksil. <\/p>\n<p class=\"_paragraph_o9xde_4 _paragraph_xtcu6_10 layout-component text-serif-m layout-normal text-serif-m layout-padded\">Det la ogs\u00e5 grunnlaget for etableringen av Hamas, men i f\u00f8rste omgang fokuserte ogs\u00e5 Hamas lite p\u00e5 v\u00e6pnede angrep.<\/p>\n<p class=\"_paragraph_o9xde_4 _paragraph_xtcu6_10 layout-component text-serif-m layout-normal text-serif-m layout-padded\">Med Oslo-prosessen brant den f\u00f8rste intifadaen ut.<\/p>\n<p class=\"_paragraph_o9xde_4 _paragraph_xtcu6_10 layout-component text-serif-m layout-normal text-serif-m layout-padded\">Palestinerne fikk forventninger om at forhandlinger skulle lede til en reelt suveren palestinsk stat. Frustrasjonene over manglende framgang f\u00f8rte til den andre intifadaen i 2000. <\/p>\n<p class=\"_paragraph_o9xde_4 _paragraph_xtcu6_10 layout-component text-serif-m layout-normal text-serif-m layout-padded\">Dette oppr\u00f8ret ble utnyttet av deler av det palestinske lederskapet til v\u00e6pnede angrep p\u00e5 israelere.<\/p>\n<p class=\"_paragraph_o9xde_4 _paragraph_xtcu6_10 layout-component text-serif-m layout-normal text-serif-m layout-padded\">En intifada, eller et oppr\u00f8r, kan ta mange former og har gjerne mer enn \u00e9n \u00e5rsak. <\/p>\n<p class=\"_paragraph_o9xde_4 _paragraph_xtcu6_10 layout-component text-serif-m layout-normal text-serif-m layout-padded\">Sikkert er at intifada ikke betyr \u00abangrep p\u00e5 j\u00f8der fordi de er j\u00f8der\u00bb. <\/p>\n<p class=\"_paragraph_o9xde_4 _paragraph_xtcu6_10 layout-component text-serif-m layout-normal text-serif-m layout-padded\">Intifadaene i Palestina retter seg mot okkupasjon, undertrykkelse og apartheid, mot etnisk rensing og tyveri av land. <\/p>\n<p><img alt=\"15 mennesker ble drept i terrorangrepet p\u00e5 den ber\u00f8mte stranden i Sydney.   Foto: Steven Markham \/ AP \/ NTB\" class=\"_image_qp4xg_65 layout-component layout-normal\" data-fullscreen- data-track-element-type=\"Article image fullscreen\" data-track-name=\"ImageFullscreen\" decoding=\"async\" loading=\"lazy\" height=\"4629\" itemprop=\"image\"  src=\"https:\/\/www.europesays.com\/no\/wp-content\/uploads\/2025\/12\/34a27712-eb01-4299-a5b7-4555ac8b6022\"  style=\"object-position:0% 0%\" width=\"6944\"\/>15 mennesker ble drept i terrorangrepet p\u00e5 den ber\u00f8mte stranden i Sydney.   Foto: Steven Markham \/ AP \/ NTB<\/p>\n<p class=\"_paragraph_o9xde_4 _paragraph_xtcu6_10 layout-component text-serif-m layout-normal text-serif-m layout-padded\">Over tid har oppr\u00f8ret omfattet mange ulike elementer \u2013 inkludert boikott av israelske varer som sendes inn i de okkuperte omr\u00e5dene.<\/p>\n<p class=\"_paragraph_o9xde_4 _paragraph_xtcu6_10 layout-component text-serif-m layout-normal text-serif-m layout-padded\">Det palestinske sivilsamfunnet har bedt om internasjonal st\u00f8tte \u2013 og f\u00e5tt det, ogs\u00e5 gjennom bevegelsen for boikott, desinvesteringer og sanksjoner (BDS). <\/p>\n<p class=\"_paragraph_o9xde_4 _paragraph_xtcu6_10 layout-component text-serif-m layout-normal text-serif-m layout-padded\">Dette er en ikkevoldelig internasjonal solidaritetsform som intet har med hat mot, eller angrep p\u00e5, j\u00f8der fordi de er j\u00f8der \u00e5 gj\u00f8re. Det handler om press p\u00e5 staten <a href=\"https:\/\/www.vg.no\/tag\/israel?utm_source=vg-article&amp;utm_medium=auto-tagger&amp;utm_campaign=5pV9v1\" class=\"_link_o9xde_39\" rel=\"nofollow noopener\" target=\"_blank\">Israel<\/a>.<\/p>\n<p class=\"_paragraph_o9xde_4 _paragraph_xtcu6_10 layout-component text-serif-m layout-normal text-serif-m layout-padded\">Den internasjonale solidaritetsbevegelsen er mangslungen. <\/p>\n<p class=\"_paragraph_o9xde_4 _paragraph_xtcu6_10 layout-component text-serif-m layout-normal layout-padded\"><strong class=\"_strong_o9xde_25\">Les ogs\u00e5:<\/strong> <a href=\"https:\/\/www.vg.no\/i\/Pd3be0\" data-track-element-type=\"Link\" data-track-id=\"link:Pd3be0\" class=\"_link_o9xde_39\" rel=\"nofollow noopener\" target=\"_blank\">Kronikk: En global intifada<\/a><\/p>\n<p class=\"_paragraph_o9xde_4 _paragraph_xtcu6_10 layout-component text-serif-m layout-normal text-serif-m layout-padded\">Store deler har vokst ut av en radikal venstreside som ser den palestinske motstanden mot Israel og Israels st\u00f8ttespillere som en del av en videre global kamp for internasjonal rettferdighet og sosial utjevning, og mot vestlig imperialisme og kolonialistisk politikk. <\/p>\n<p class=\"_paragraph_o9xde_4 _paragraph_xtcu6_10 layout-component text-serif-m layout-normal text-serif-m layout-padded\">Slagordet \u00abglobaliser intifadaen\u00bb uttrykker b\u00e5de st\u00f8tte til palestinernes kamp og en oppfordring til et internasjonalt oppr\u00f8r for en annerledes verden. <\/p>\n<p class=\"_paragraph_o9xde_4 _paragraph_xtcu6_10 layout-component text-serif-m layout-normal text-serif-m layout-padded\">En slik global intifada kan ogs\u00e5 ta mange former, inkludert solidaritet med v\u00e6pnede grupper og nasjonale frigj\u00f8ringsbevegelser.<\/p>\n<p class=\"_paragraph_o9xde_4 _paragraph_xtcu6_10 layout-component text-serif-m layout-normal text-serif-m layout-padded\">\u00abGlobaliser intifadaen\u00bb er derfor ikke en oppfordring til drap p\u00e5 j\u00f8der. <\/p>\n<p class=\"_paragraph_o9xde_4 _paragraph_xtcu6_10 layout-component text-serif-m layout-normal text-serif-m layout-padded\">En slik forst\u00e5else av uttrykket er i beste fall en uvitenhet om hva som skjer i den internasjonale solidaritetsbevegelsen, og i verste fall en bevisst fordreining av hva dette handler om.<\/p>\n<p class=\"_paragraph_o9xde_4 _paragraph_xtcu6_10 layout-component text-serif-m layout-normal text-serif-m layout-padded\">Likevel, noen innenfor denne bevegelsen klarer ikke \u00e5 skille mellom frigj\u00f8ringsbevegelser og motstandsbevegelser. <\/p>\n<p class=\"_paragraph_o9xde_4 _paragraph_xtcu6_10 layout-component text-serif-m layout-normal text-serif-m layout-padded\">Motstandsbevegelser mot okkupasjon og undertrykkelse, som Hamas, kan selv v\u00e6re undertrykkende. St\u00f8tte til slike grupper er\u00a0ikke\u00a0st\u00f8tte til frigj\u00f8ring. <\/p>\n<p class=\"_paragraph_o9xde_4 _paragraph_xtcu6_10 layout-component text-serif-m layout-normal text-serif-m layout-padded\">Slik st\u00f8tte utgj\u00f8r ogs\u00e5 en fare for at skillet mellom Israel som stat og j\u00f8der som j\u00f8der viskes ut. Da st\u00e5r man i fare for \u00e5 ytre seg antisemittisk. <\/p>\n<p class=\"_paragraph_o9xde_4 _paragraph_xtcu6_10 layout-component text-serif-m layout-normal text-serif-m layout-padded\">Det er ikke solidaritet med palestinerne. For palestinere flest vil ikke bytte ut israelsk undertrykkelse med et islamistisk eller autorit\u00e6rt nasjonalistisk diktatur.<\/p>\n<p class=\"_paragraph_o9xde_4 _paragraph_xtcu6_10 layout-component text-serif-m layout-normal text-serif-m layout-padded\">B\u00e5de Israels st\u00f8ttespillere og j\u00f8der i Norge, s\u00e5 vel som deler av den propalestinske solidaritetsbevegelsen, b\u00f8r opptre forsiktig og nyansert i diskusjonen. <\/p>\n<p class=\"_paragraph_o9xde_4 _paragraph_xtcu6_10 layout-component text-serif-m layout-normal text-serif-m layout-padded\">Uten \u00e5 velge en uriktig anklagende retorikk, eller en retorikk som omfatter antisemittiske stereotype forestillinger om j\u00f8der.<\/p>\n<p>   Dette er en kronikk. Kronikken gir uttrykk for skribentens holdning. Du kan sende inn kronikker og debattinnlegg til <a class=\"_link_jv5ak_10\" href=\"https:\/\/www.vg.no\/nyheter\/i\/5pV9v1\/mailto:debatt@vg.no\" rel=\"nofollow noopener\" target=\"_blank\">debatt@vg.no<\/a>. <\/p>\n","protected":false},"excerpt":{"rendered":"I Dagsrevyen fors\u00f8kte nylig forstander i Det mosaiske trossamfund, Marius Gaarder, \u00e5 forklare hva intifada betyr, og at&hellip;\n","protected":false},"author":2,"featured_media":116940,"comment_status":"","ping_status":"","sticky":false,"template":"","format":"standard","meta":{"footnotes":""},"categories":[12],"tags":[20,21,24,25,53,566,15,52,22,23,13,30,28,29,14,16,26,27,42,43,44,45],"class_list":{"0":"post-116939","1":"post","2":"type-post","3":"status-publish","4":"format-standard","5":"has-post-thumbnail","7":"category-verden","8":"tag-breaking-news","9":"tag-breakingnews","10":"tag-featured-news","11":"tag-featurednews","12":"tag-gaza","13":"tag-hamas","14":"tag-headlines","15":"tag-israel","16":"tag-latest-news","17":"tag-latestnews","18":"tag-news","19":"tag-no","20":"tag-norge","21":"tag-norway","22":"tag-nyheter","23":"tag-overskrifter","24":"tag-top-stories","25":"tag-topstories","26":"tag-verden","27":"tag-world","28":"tag-world-news","29":"tag-worldnews"},"share_on_mastodon":{"url":"https:\/\/pubeurope.com\/@no\/115742787954727001","error":""},"_links":{"self":[{"href":"https:\/\/www.europesays.com\/no\/wp-json\/wp\/v2\/posts\/116939","targetHints":{"allow":["GET"]}}],"collection":[{"href":"https:\/\/www.europesays.com\/no\/wp-json\/wp\/v2\/posts"}],"about":[{"href":"https:\/\/www.europesays.com\/no\/wp-json\/wp\/v2\/types\/post"}],"author":[{"embeddable":true,"href":"https:\/\/www.europesays.com\/no\/wp-json\/wp\/v2\/users\/2"}],"replies":[{"embeddable":true,"href":"https:\/\/www.europesays.com\/no\/wp-json\/wp\/v2\/comments?post=116939"}],"version-history":[{"count":0,"href":"https:\/\/www.europesays.com\/no\/wp-json\/wp\/v2\/posts\/116939\/revisions"}],"wp:featuredmedia":[{"embeddable":true,"href":"https:\/\/www.europesays.com\/no\/wp-json\/wp\/v2\/media\/116940"}],"wp:attachment":[{"href":"https:\/\/www.europesays.com\/no\/wp-json\/wp\/v2\/media?parent=116939"}],"wp:term":[{"taxonomy":"category","embeddable":true,"href":"https:\/\/www.europesays.com\/no\/wp-json\/wp\/v2\/categories?post=116939"},{"taxonomy":"post_tag","embeddable":true,"href":"https:\/\/www.europesays.com\/no\/wp-json\/wp\/v2\/tags?post=116939"}],"curies":[{"name":"wp","href":"https:\/\/api.w.org\/{rel}","templated":true}]}}