{"id":116945,"date":"2025-12-18T22:04:20","date_gmt":"2025-12-18T22:04:20","guid":{"rendered":"https:\/\/www.europesays.com\/no\/116945\/"},"modified":"2025-12-18T22:04:20","modified_gmt":"2025-12-18T22:04:20","slug":"dode-i-bilulykke-tragisk","status":"publish","type":"post","link":"https:\/\/www.europesays.com\/no\/116945\/","title":{"rendered":"D\u00f8de i bilulykke: &#8211; Tragisk"},"content":{"rendered":"<p>  &#8211; Vi er knust over det tragiske bortfallet, skriver Premier League-klubben.<\/p>\n<p>\n    TRIST NYHET: Ethan McLeod d\u00f8de i en bilulykke tirsdag kveld. Foto: X\/Wolves\n  <\/p>\n<p>Fotballspiller Ethan McLeod (21) d\u00f8de tirsdag kveld i en bilulykke p\u00e5 motorveien M1. Det melder <a href=\"https:\/\/www.bbc.com\/sport\/football\/articles\/c5yj8094202o\" rel=\"nofollow noopener\" target=\"_blank\">BBC<\/a> og <a href=\"https:\/\/www.skysports.com\/football\/news\/11095\/13484814\/macclesfield-player-ethan-mcleod-passes-away-after-car-accident\" rel=\"nofollow noopener\" target=\"_blank\">Sky Sports<\/a>. Ulykken skjedde mens Macclesfield-spilleren var p\u00e5 vei hjem fra kamp borte mot Bedford Town.<\/p>\n<p>Klubben beskriver McLeod som \u00abekstremt talentfull\u00bb og et \u00abh\u00f8yt respektert medlem\u00bb av troppen. <\/p>\n<p>&#8211; De dype mentale arrene etter Ethans bortgang vil aldri gro. Men \u00e9n ting er sikkert: Ethans sterke og livlige arv vil aldri falme, uansett hvor mye tid som g\u00e5r, skriver klubben. <\/p>\n<blockquote class=\"twitter-tweet\">\n<p lang=\"en\" dir=\"ltr\">With the heaviest of hearts and an overwhelming sense of surrealism that Macclesfield FC can confirm the passing of 21-year-old forward Ethan McLeod.<\/p>\n<p>Travelling back from Bedford Town last night, Ethan was involved in a car accident on the M1 which tragically took his life.\u2026 <a href=\"https:\/\/t.co\/DWpTqVuFzT\" rel=\"nofollow\">pic.twitter.com\/DWpTqVuFzT<\/a><\/p>\n<p>\u2014 Macclesfield FC (C) (@thesilkmen) <a href=\"https:\/\/twitter.com\/thesilkmen\/status\/2001269648658989147?ref_src=twsrc%5Etfw\" rel=\"nofollow noopener\" target=\"_blank\">December 17, 2025<\/a><\/p><\/blockquote>\n<p> Som ung spiller tilbrakte McLeod ti \u00e5r i Premier League-klubben Wolverhampton Wanderers\u2019 akademi. <\/p>\n<p class=\"font-weight-bold m-font-weight-bold\" data-lab-font_weight=\"font-weight-bold\">&#8211; Vi er knust over det tragiske bortfallet til Ethan McLeod, bare 21 \u00e5r gammel. Ethan kom til Wolves-akademiet som sju\u00e5ring og signerte senere en profesjonell kontrakt med klubben, f\u00f8r han forlot oss i september 2024, skriver Wolves p\u00e5 <a href=\"https:\/\/x.com\/Wolves\/status\/2001294880782397533\" rel=\"nofollow\">X<\/a>.<\/p>\n<p>&#8211; V\u00e5re tanker og v\u00e5r kj\u00e6rlighet g\u00e5r til Ethans familie, venner og alle i Macclesfield. Ethans yngre bror Conor er for tida en del av v\u00e5rt U21-lag, og hele klubben vil gi st\u00f8tte og omsorg til ham og familien, heter det videre.<\/p>\n<p> Premier League-klubben opplyser at det vil bli holdt ett minutts stillhet i kampen mot Brentford l\u00f8rdag for \u00e5 minnes og hedre Ethan.<\/p>\n<p>    <a itemprop=\"url\" href=\"https:\/\/www.dagbladet.no\/sport\/knust-av-sorg\/83990584\" rel=\"nofollow noopener\" target=\"_blank\"><\/p>\n<p>        <img loading=\"lazy\" decoding=\"async\" src=\"https:\/\/www.europesays.com\/no\/wp-content\/uploads\/2025\/12\/83990590.webp\" width=\"980\" height=\"441\" title=\"Knust av sorg\" alt=\"\" class=\"lazyload\" style=\"--aspect-ratio-image: 2.22; \"\/><\/p>\n<p>        Knust av sorg<\/p>\n<p>    <\/a><\/p>\n<p>FA Cupens <a href=\"https:\/\/x.com\/EmiratesFACup\/status\/2001283688558928317\" rel=\"nofollow\">X-konto<\/a> kommer med f\u00f8lgende melding:\u00a0<\/p>\n<p>&#8211; Vi er dypt preget av denne tragiske nyheten. V\u00e5re tanker g\u00e5r til Ethan McLeods familie, venner og alle i Macclesfield FC i denne sv\u00e6rt vanskelige tida. <\/p>\n<p> Flere Premier League-klubber har ogs\u00e5 sendt sine kondolanser.\u00a0<\/p>\n<p>&#8211; Alle i Arsenal er dypt ber\u00f8rt over \u00e5 h\u00f8re om Ethan McLeods tragiske bortgang, og sender sine kondolanser til hans familie, venner og hele Macclesfield FC i denne tida. Hvil i fred, skriver Arsenal p\u00e5 <a href=\"https:\/\/x.com\/Arsenal\/status\/2001305866784448554\" rel=\"nofollow\">X<\/a>.<\/p>\n<p><script async src=\"https:\/\/platform.twitter.com\/widgets.js\" charset=\"utf-8\"><\/script><\/p>\n","protected":false},"excerpt":{"rendered":"&#8211; Vi er knust over det tragiske bortfallet, skriver Premier League-klubben. TRIST NYHET: Ethan McLeod d\u00f8de i en&hellip;\n","protected":false},"author":2,"featured_media":116946,"comment_status":"","ping_status":"","sticky":false,"template":"","format":"standard","meta":{"footnotes":""},"categories":[12],"tags":[20,21,24,25,92,15,22,23,13,30,28,29,14,16,83,26,27,42,43,44,45],"class_list":{"0":"post-116945","1":"post","2":"type-post","3":"status-publish","4":"format-standard","5":"has-post-thumbnail","7":"category-verden","8":"tag-breaking-news","9":"tag-breakingnews","10":"tag-featured-news","11":"tag-featurednews","12":"tag-fotball","13":"tag-headlines","14":"tag-latest-news","15":"tag-latestnews","16":"tag-news","17":"tag-no","18":"tag-norge","19":"tag-norway","20":"tag-nyheter","21":"tag-overskrifter","22":"tag-sport","23":"tag-top-stories","24":"tag-topstories","25":"tag-verden","26":"tag-world","27":"tag-world-news","28":"tag-worldnews"},"share_on_mastodon":{"url":"https:\/\/pubeurope.com\/@no\/115742839250680397","error":""},"_links":{"self":[{"href":"https:\/\/www.europesays.com\/no\/wp-json\/wp\/v2\/posts\/116945","targetHints":{"allow":["GET"]}}],"collection":[{"href":"https:\/\/www.europesays.com\/no\/wp-json\/wp\/v2\/posts"}],"about":[{"href":"https:\/\/www.europesays.com\/no\/wp-json\/wp\/v2\/types\/post"}],"author":[{"embeddable":true,"href":"https:\/\/www.europesays.com\/no\/wp-json\/wp\/v2\/users\/2"}],"replies":[{"embeddable":true,"href":"https:\/\/www.europesays.com\/no\/wp-json\/wp\/v2\/comments?post=116945"}],"version-history":[{"count":0,"href":"https:\/\/www.europesays.com\/no\/wp-json\/wp\/v2\/posts\/116945\/revisions"}],"wp:featuredmedia":[{"embeddable":true,"href":"https:\/\/www.europesays.com\/no\/wp-json\/wp\/v2\/media\/116946"}],"wp:attachment":[{"href":"https:\/\/www.europesays.com\/no\/wp-json\/wp\/v2\/media?parent=116945"}],"wp:term":[{"taxonomy":"category","embeddable":true,"href":"https:\/\/www.europesays.com\/no\/wp-json\/wp\/v2\/categories?post=116945"},{"taxonomy":"post_tag","embeddable":true,"href":"https:\/\/www.europesays.com\/no\/wp-json\/wp\/v2\/tags?post=116945"}],"curies":[{"name":"wp","href":"https:\/\/api.w.org\/{rel}","templated":true}]}}