{"id":116947,"date":"2025-12-18T22:05:13","date_gmt":"2025-12-18T22:05:13","guid":{"rendered":"https:\/\/www.europesays.com\/no\/116947\/"},"modified":"2025-12-18T22:05:13","modified_gmt":"2025-12-18T22:05:13","slug":"ingen-blir-fodt-en-god-leder-e24","status":"publish","type":"post","link":"https:\/\/www.europesays.com\/no\/116947\/","title":{"rendered":"\u2013 Ingen blir f\u00f8dt en god leder \u2013 E24"},"content":{"rendered":"<p class=\"fullWidthDesktop hyperion-css-71ztg2\" data-test-tag=\"lead-text\">Hun bruker pilates for \u00e5 koble av, elsker skrekkfilmer og kombinerer teknologi og b\u00e6rekraft i avfallsh\u00e5ndtering.<\/p>\n<p><img decoding=\"async\" class=\"image-asset hyperion-css-ycwogy\" data-test-tag=\"image-asset\" src=\"https:\/\/www.europesays.com\/no\/wp-content\/uploads\/2025\/12\/6c4aa536-7cc4-4488-a8ee-2e0d2f0149e7\"  alt=\"PALLPLASS: Nora Johanne S\u00f8rsdahl er en av de topp tre i E24s Ledertalentene. Her viser hun hvordan avfallssortering kan fungere, med seg selv som eksempel, sortert i \u00abmatavfall\u00bb. \"  loading=\"eager\" fetchpriority=\"high\" style=\"aspect-ratio:1900 \/ 1267\"\/>PALLPLASS: Nora Johanne S\u00f8rsdahl er en av de topp tre i E24s Ledertalentene. Her viser hun hvordan avfallssortering kan fungere, med seg selv som eksempel, sortert i \u00abmatavfall\u00bb. Foto: Skjalg B\u00f8hmer VoldPublisert: Publisert: <\/p>\n<p>For mindre enn 20 minutter siden<\/p>\n<p>Kortversjonen<\/p>\n<ul class=\"hyperion-css-pkq1ci\" data-test-tag=\"list\">\n<li class=\"hyperion-css-12h2ush\">Nora Johanne S\u00f8rsdahl (32) tok andreplass i E24s k\u00e5ring Ledertalentene 2025 og leder avfallsbedriften Reen i Larvik.<\/li>\n<li class=\"hyperion-css-12h2ush\">Hun brenner for \u00e5 kombinere teknologi og b\u00e6rekraft, og mener gode ledere t\u00f8r \u00e5 v\u00e6re s\u00e5rbare.<\/li>\n<li class=\"hyperion-css-12h2ush\">Tidligere triatlet og n\u00e5 pilates-entusiast, bruker hun sport og skrekkfilmer til \u00e5 koble av fra lederrollen.<\/li>\n<\/ul>\n<p class=\"hyperion-css-10lbhat\">Oppsummeringen er laget av AI-verkt\u00f8yet ChatGPT og kvalitetssikret av E24s journalister<\/p>\n<p>Vis mer <\/p>\n<ul class=\"hyperion-css-pte5x0\">\n<li aria-label=\"link\" class=\"narrow-button hyperion-css-1sz7d3n\">Kopier lenke<\/li>\n<li aria-label=\"link\" class=\"wide-button hyperion-css-1sz7d3n\">Kopier lenke<\/li>\n<li aria-label=\"facebook\" class=\"narrow-button hyperion-css-1sz7d3n\">Del p\u00e5 Facebook<\/li>\n<li aria-label=\"facebook\" class=\"wide-button hyperion-css-1sz7d3n\">Del p\u00e5 Facebook<\/li>\n<li aria-label=\"email\" class=\"narrow-button hyperion-css-1sz7d3n\">Del med e-post<\/li>\n<li aria-label=\"email\" class=\"wide-button hyperion-css-1sz7d3n\">Del med e-post<\/li>\n<\/ul>\n<p class=\"hyperion-css-1lemvax\">\u2013 Amerikanerne l\u00e6rte meg \u00e5 prestere p\u00e5 kort tid og ha selvtillit. At man m\u00e5 v\u00e6re mer uredd.<\/p>\n<p class=\"hyperion-css-1lemvax\">Det forteller Nora Johanne S\u00f8rsdahl (32). Det er langt fra USA til Larvik, hvor vi m\u00f8ter henne en desembermorgen.<\/p>\n<p class=\"hyperion-css-1lemvax\">Der jobber hun som toppsjef i selskapet Reen, som leverer sensorbaserte l\u00f8sninger for effektiv og b\u00e6rekraftig avfallsh\u00e5ndtering.<\/p>\n<p class=\"hyperion-css-1lemvax\">Tirsdag fikk hun andreplass i<a data-test-tag=\"internal-link\" href=\"https:\/\/e24.no\/karriere-og-ledelse\/i\/ln120e\/aarets-ledertalent-er-thea-witzoe-johannessen-27\" class=\"hyperion-css-1rezu2g\" rel=\"nofollow noopener\" target=\"\" aria-label=\" E24s k\u00e5ring Ledertalentene 2025\"> E24s k\u00e5ring Ledertalentene 2025<\/a>. <\/p>\n<p class=\"hyperion-css-1lemvax\">Den unge lederen er egentlig fra Oslo, men hun har flyttet p\u00e5 seg for \u00e5 v\u00e6re n\u00e6rmere jobben. Hun forklarer det at hvis hun f\u00f8rst g\u00e5r inn i noe, gj\u00f8r hun det hundre prosent.<\/p>\n<p class=\"hyperion-css-1lemvax\">\u2013 Jeg synes det er kjempespennende \u00e5 jobbe med forskjellige typer mennesker og kompetanse. Det f\u00e5r du virkelig brynet deg ekstra p\u00e5 n\u00e5r man jobber med teknologi, og spesielt innenfor et industrielt omr\u00e5de.<\/p>\n<p><img decoding=\"async\" class=\"image-asset hyperion-css-u06ts1\" data-test-tag=\"image-asset\" src=\"https:\/\/www.europesays.com\/no\/wp-content\/uploads\/2025\/12\/c10d2cfd-611e-42ad-96c8-544628175e21\"  alt=\"IKKE REDD: En av S\u00f8rsdahls leverregler er etter Solan Gundersen. \u2013 Det vanskelige er en bagatell og det umulige er en utfordring.\"  loading=\"eager\" fetchpriority=\"high\" style=\"aspect-ratio:1900 \/ 1267\"\/>IKKE REDD: En av S\u00f8rsdahls leverregler er etter Solan Gundersen. \u2013 Det vanskelige er en bagatell og det umulige er en utfordring. Foto: Skjalg B\u00f8hmer Vold\u2013 Det har nok ikke alltid v\u00e6rt en dr\u00f8m \u00e5 jobbe med avfall<\/p>\n<p class=\"hyperion-css-1lemvax\">\u2013 Jeg har alltid hatt et sterkt \u00f8nske om \u00e5 bidra, men det har nok ikke alltid v\u00e6rt dr\u00f8mmen \u00e5 jobbe med avfall, forteller S\u00f8rsdahl. <\/p>\n<p class=\"hyperion-css-1lemvax\">S\u00e5 hvordan havner man i Larvik med avfallssensorer? F\u00f8rst drar man til Boston for \u00e5 studere biokjemi, og plukker opp litt l\u00e6rdom p\u00e5 veien.<\/p>\n<p class=\"hyperion-css-1lemvax\">S\u00f8rsdahl sammenligner det med at hun ble mer som Solan GundersenSolan GundersenKarakter fra Fl\u00e5klypa etter USA.<\/p>\n<p class=\"hyperion-css-1lemvax\">\u2013 Det vanskelige er en bagatell og det umulige er en utfordring. <\/p>\n<p class=\"hyperion-css-1lemvax\">Hun beskriver det som en herlig naivitet. Etter USA flyttet hun til Frankrike og Grenoble for \u00e5 skrive masteroppgave. <\/p>\n<p class=\"hyperion-css-1lemvax\">\u2013 Franskmenn er nok bedre p\u00e5 \u00e5 lytte enn amerikanere. De fikk meg til \u00e5 bli litt jordn\u00e6r igjen og mer lyttende.<\/p>\n<p><img decoding=\"async\" class=\"image-asset hyperion-css-1jzei2i\" data-test-tag=\"image-asset\" src=\"https:\/\/www.europesays.com\/no\/wp-content\/uploads\/2025\/12\/54d6be67-ea13-42c7-a636-7c5b644860ff\"  alt=\"MOTIVERT: S\u00f8rsdahl blir motivert av \u00e5 se andre lykkes. Her poserende p\u00e5 noen s\u00f8ppeldunker etter E24s \u00f8nske.\"  loading=\"eager\" fetchpriority=\"high\" style=\"aspect-ratio:1900 \/ 1267\"\/>MOTIVERT: S\u00f8rsdahl blir motivert av \u00e5 se andre lykkes. Her poserende p\u00e5 noen s\u00f8ppeldunker etter E24s \u00f8nske. Foto: Skjalg B\u00f8hmer VoldToppsjef i en alder av 28<\/p>\n<p class=\"hyperion-css-1lemvax\">Da S\u00f8rsdahl var 28 \u00e5r ble hun toppsjef i Reen. Det var hennes f\u00f8rste rolle i selskapet, men reisen startet allerede i 2018, da hun jobbet med Reen som analytiker i NG Nordic. <\/p>\n<p class=\"hyperion-css-1lemvax\">\u2013 Det har nok ikke alltid v\u00e6rt en dr\u00f8m \u00e5 jobbe med avfall, sier S\u00f8rsdahl og ler. <\/p>\n<p class=\"hyperion-css-1lemvax\">\u2013 Men jeg liker veldig godt folka og utfordringene. <\/p>\n<p class=\"hyperion-css-1lemvax\">Hun legger til at det er noe spesielt med skj\u00e6ringspunktet hvor de jobber med klima- og gassutslippsreduserende tiltak og med \u00e5 v\u00e6re effektive. <\/p>\n<p class=\"hyperion-css-1lemvax\">S\u00f8rsdahl har ansvar for 53 ansatte i Reen, fordelt utover 4 kontorer i Norge, Sverige, Finland og England. <\/p>\n<p class=\"hyperion-css-1lemvax\">Men at hun er ganske ung til \u00e5 v\u00e6re toppsjef, det tenker hun aldri p\u00e5.<\/p>\n<p><a data-test-tag=\"teaser-small:link-internal\" href=\"https:\/\/e24.no\/karriere-og-ledelse\/i\/73X78w\/lederutviklerens-tips-til-ferske-ledere\" class=\"imagePosition-top inline hyperion-css-6238vu\" rel=\"nofollow noopener\" target=\"\" aria-label=\"Lederutviklerens tips til ferske ledere\"><\/p>\n<p>Les p\u00e5 E24+<\/p>\n<p>Lederutviklerens tips til ferske ledere<\/p>\n<p><\/a><\/p>\n<p class=\"hyperion-css-1lemvax\">\u2013 Hvorfor gj\u00f8r jeg ikke det? Jeg tenker aldri p\u00e5 alderen min eller kj\u00f8nnet mitt eller bakgrunnen min. Jeg tenker heller hvordan kan jeg v\u00e6re med \u00e5 bidra til at vi gj\u00f8r s\u00e5 god jobb som overhodet mulig, og at vi n\u00e5r m\u00e5lene v\u00e5re og samtidig har forn\u00f8yde ansatte, og ikke minst kunder.<\/p>\n<p class=\"hyperion-css-1lemvax\">Det hun liker best med \u00e5 v\u00e6re leder er \u00e5 bidra til at kollegaene rundt henne f\u00e5r mestringsf\u00f8lelse. <\/p>\n<p class=\"hyperion-css-1lemvax\">\u2013 Det tror jeg er det kuleste med \u00e5 v\u00e6re leder, at du ser at de har en unik utvikling. Det synes jeg er d\u00f8dskult, det blir jeg kjempetrigget av.<\/p>\n<p class=\"hyperion-css-1lemvax\">S\u00f8rsdahl understreker at hun blir motivert av \u00e5 se andre lykkes p\u00e5 jobben. <\/p>\n<p class=\"hyperion-css-1lemvax\">\u2013 I begynnelsen la jeg utrolig mye p\u00e5 meg selv for at de rundt meg skulle lykkes. <\/p>\n<p class=\"hyperion-css-1lemvax\">Hun forklarer det som at hun tenkte at hvis hun skulle v\u00e6re en god leder, m\u00e5tte hun til enhver tid hjelpe kollegaene sine s\u00e5 mye hun kunne. <\/p>\n<p class=\"hyperion-css-1lemvax\">\u2013 Men over tid har jeg blitt bedre til \u00e5 vise omsorg gjennom konstruktive tilbakemeldinger og forventningsavklaringer. Jeg passer p\u00e5 at jeg ikke bryr meg for mye fordi det er ikke noe bra for hverken dem eller meg hvis jeg bryr meg for mye og blir oppfattet som kontrollerende. <\/p>\n<p class=\"hyperion-css-1lemvax\">Hun h\u00e5per medarbeiderne beskriver henne som ydmyk og at hun pusher dem fremover. <\/p>\n<p class=\"hyperion-css-1lemvax\">\u2013 Jeg er 90 prosent veldig engasjert og glad, ogs\u00e5 er det kanskje ti prosent hvor jeg ikke er forn\u00f8yd. Men da er det av god grunn. <\/p>\n<p><img decoding=\"async\" class=\"image-asset hyperion-css-5y4kpg\" data-test-tag=\"image-asset\" src=\"https:\/\/www.europesays.com\/no\/wp-content\/uploads\/2025\/12\/e8792f02-e014-4478-b86b-d5c6f1f3701e\"  alt=\"THE CONJURING: Nora Johanne S\u00f8rsdahl bruker pilates og skrekkfilmer for \u00e5 koble av fra jobben. Favorittfilmen er The Conjuring. \"  loading=\"eager\" fetchpriority=\"high\" style=\"aspect-ratio:1900 \/ 1267\"\/>THE CONJURING: Nora Johanne S\u00f8rsdahl bruker pilates og skrekkfilmer for \u00e5 koble av fra jobben. Favorittfilmen er The Conjuring. Foto: Skjalg B\u00f8hmer VoldHva gj\u00f8r at man blir en god leder?<\/p>\n<p class=\"hyperion-css-1lemvax\">If\u00f8lge S\u00f8rsdahl er det ingen som er f\u00f8dt en god leder. Det er noe man blir.<\/p>\n<p class=\"hyperion-css-1lemvax\">\u2013 Vi gj\u00f8r alle sammen feil, og jeg tror den som anerkjenner det, er en god leder.<\/p>\n<p class=\"hyperion-css-1lemvax\">Hun drar frem at man t\u00f8r \u00e5 vise at man er s\u00e5rbar, og at man t\u00f8r \u00e5 ta de vanskelige samtalene som er det beste for teamet og bedriften. <\/p>\n<p class=\"hyperion-css-1lemvax\">\u2013 Man m\u00e5 t\u00f8rre \u00e5 ta de samtalene som er ubehagelige, raskt, for det vil bare mer og mer ubehagelig for deg selv og den du m\u00e5 ha samtalen med. Og det kan g\u00e5 utover momentet til bedriften. <\/p>\n<p><img decoding=\"async\" class=\"image-asset hyperion-css-1y7p3tt\" data-test-tag=\"image-asset\" src=\"https:\/\/www.europesays.com\/no\/wp-content\/uploads\/2025\/12\/b6414d9b-7354-4ad7-bc12-09c00edc4e93\"  alt=\"LEDER: S\u00f8rsdahl mener at en god leder er en som klarer \u00e5 anerkjenne at de gj\u00f8r feil. \"  loading=\"eager\" fetchpriority=\"high\" style=\"aspect-ratio:1900 \/ 1267\"\/>LEDER: S\u00f8rsdahl mener at en god leder er en som klarer \u00e5 anerkjenne at de gj\u00f8r feil. Foto: Skjalg B\u00f8hmer VoldKunsten \u00e5 ikke bli utbrent <\/p>\n<p class=\"hyperion-css-1lemvax\">\u2013 Hva gj\u00f8r du for \u00e5 ikke bli stresset eller utbrent?<\/p>\n<p class=\"hyperion-css-1lemvax\">\u2013 Jeg er nok heldig i den forstand at det skal veldig mye til f\u00f8r jeg blir skikkelig stresset. Det har nok sammenheng med at jeg har drevet med sport og blir eksponert for konkurranse.<\/p>\n<p class=\"hyperion-css-1lemvax\">Da S\u00f8rsdahl var yngre, konkurrerte hun i triatlon. Der samlet hun opp to NM-titler i juniorklassen og to NM-gull som en del av stafettlaget for kvinner.<\/p>\n<p class=\"hyperion-css-1lemvax\">Selv om det ikke er tid til triatlon i S\u00f8rsdahls liv lenger, mener hun at det er viktig \u00e5 finne noe som engasjerer en utenfor jobb. <\/p>\n<p class=\"hyperion-css-1lemvax\">\u2013 Hvis hele identiteten din blir jobb s\u00e5 klarer du aldri \u00e5 slippe den. Da blir man sliten og klarer ikke \u00e5 reflektere mer, og da kan man ende opp med \u00e5 ta d\u00e5rlige beslutninger.<\/p>\n<p class=\"hyperion-css-1lemvax\">Selv beskriver S\u00f8rsdahl det som engasjerer henne som ganske \u00abbasic girl\u00bb. Blant annet liker hun \u00e5 l\u00f8pe, pilates og yoga, i tillegg til \u00e5 se p\u00e5 skrekkfilmer. <\/p>\n<p class=\"hyperion-css-1lemvax\">Fellesnevneren er at hun ikke rekker \u00e5 tenke p\u00e5 jobb og ikke kan se p\u00e5 telefonen sin.<\/p>\n<p class=\"hyperion-css-1lemvax\">\u2013 Det har v\u00e6rt kjempeviktig. Sunn kropp, sunt hode. Det har jeg veldig tro p\u00e5.<\/p>\n<p class=\"hyperion-css-1lemvax\">Les mer om Ledertalentene og se\u00a0<a aria-label=\"alle vinnerne her.\" class=\"default hyperion-css-1rezu2g\" href=\"https:\/\/e24.no\/ledertalentene\" rel=\"noopener nofollow\" data-test-tag=\"external-link\" target=\"_blank\">alle vinnerne her.<\/a><\/p>\n<p>Dette sier Ledertalentjuryen om Nora Johanne S\u00f8rsdahl <\/p>\n<p class=\"hyperion-css-ffjyk2\">Nora Johanne S\u00f8rsdahl har allerede levert resultater p\u00e5 et niv\u00e5 som vanligvis tilh\u00f8rer toppledere langt senere i karrieren. Som CEO i REEN har Nora ledet avfallsh\u00e5ndteringsselskapet fra tidlig vekstfase til over 400 kunder p\u00e5 tvers av Norden, UK og Benelux, med en kraftig \u00f8kning i inntekter og sv\u00e6rt h\u00f8y medarbeidertilfredshet. Under hennes ledelse har REEN levert sv\u00e6rt lav turnover, sterkt arbeidsmilj\u00f8 og vekst.<br \/>Nora utmerker seg med klare resultater, sterk p\u00e5virkningskraft og modig nytenkning, og hun leder an i digital transformasjon av avfallsbransjen med l\u00f8sninger som endrer hvordan sektoren jobber. Samtidig viser hun et sjeldent talent for \u00e5 utvikle mennesker og en refleksjonsevne som peker mot et enda st\u00f8rre lederpotensial fremover.<br \/>De som har jobbet med Nora beskriver henne som et eksepsjonelt ledertalent som kombinerer varme og tydelighet, og som bygger en prestasjonskultur der ingen faller utenfor.<\/p>\n<p>Vis mer<\/p>\n","protected":false},"excerpt":{"rendered":"Hun bruker pilates for \u00e5 koble av, elsker skrekkfilmer og kombinerer teknologi og b\u00e6rekraft i avfallsh\u00e5ndtering. PALLPLASS: Nora&hellip;\n","protected":false},"author":2,"featured_media":116948,"comment_status":"","ping_status":"","sticky":false,"template":"","format":"standard","meta":{"footnotes":""},"categories":[10],"tags":[20,21,24,25,15,22,23,13,30,28,29,14,16,26,27],"class_list":{"0":"post-116947","1":"post","2":"type-post","3":"status-publish","4":"format-standard","5":"has-post-thumbnail","7":"category-norge","8":"tag-breaking-news","9":"tag-breakingnews","10":"tag-featured-news","11":"tag-featurednews","12":"tag-headlines","13":"tag-latest-news","14":"tag-latestnews","15":"tag-news","16":"tag-no","17":"tag-norge","18":"tag-norway","19":"tag-nyheter","20":"tag-overskrifter","21":"tag-top-stories","22":"tag-topstories"},"share_on_mastodon":{"url":"https:\/\/pubeurope.com\/@no\/115742842822142877","error":""},"_links":{"self":[{"href":"https:\/\/www.europesays.com\/no\/wp-json\/wp\/v2\/posts\/116947","targetHints":{"allow":["GET"]}}],"collection":[{"href":"https:\/\/www.europesays.com\/no\/wp-json\/wp\/v2\/posts"}],"about":[{"href":"https:\/\/www.europesays.com\/no\/wp-json\/wp\/v2\/types\/post"}],"author":[{"embeddable":true,"href":"https:\/\/www.europesays.com\/no\/wp-json\/wp\/v2\/users\/2"}],"replies":[{"embeddable":true,"href":"https:\/\/www.europesays.com\/no\/wp-json\/wp\/v2\/comments?post=116947"}],"version-history":[{"count":0,"href":"https:\/\/www.europesays.com\/no\/wp-json\/wp\/v2\/posts\/116947\/revisions"}],"wp:featuredmedia":[{"embeddable":true,"href":"https:\/\/www.europesays.com\/no\/wp-json\/wp\/v2\/media\/116948"}],"wp:attachment":[{"href":"https:\/\/www.europesays.com\/no\/wp-json\/wp\/v2\/media?parent=116947"}],"wp:term":[{"taxonomy":"category","embeddable":true,"href":"https:\/\/www.europesays.com\/no\/wp-json\/wp\/v2\/categories?post=116947"},{"taxonomy":"post_tag","embeddable":true,"href":"https:\/\/www.europesays.com\/no\/wp-json\/wp\/v2\/tags?post=116947"}],"curies":[{"name":"wp","href":"https:\/\/api.w.org\/{rel}","templated":true}]}}