{"id":116953,"date":"2025-12-18T22:12:42","date_gmt":"2025-12-18T22:12:42","guid":{"rendered":"https:\/\/www.europesays.com\/no\/116953\/"},"modified":"2025-12-18T22:12:42","modified_gmt":"2025-12-18T22:12:42","slug":"skal-de-ukrainske-soldatene-stemme-i-skyttergravene","status":"publish","type":"post","link":"https:\/\/www.europesays.com\/no\/116953\/","title":{"rendered":"Skal de ukrainske soldatene stemme i skyttergravene?"},"content":{"rendered":"\n<p>Arve B\u00f8rstad  Tidligere valgveileder og valgobservat\u00f8r i OSSE<\/p>\n<p>Publisert:<br \/>\n  18. desember 2025 kl. 12:14<br \/>\n  Oppdatert:<br \/>\n  18. desember 2025 kl. 12:14\n <\/p>\n<p>Dette er et debattinnlegg. Det gir uttrykk for debattantens egen holdning.<\/p>\n<p><strong>Det kan se ut<\/strong> som om \u00abkoalisjonen av villige\u00bb, 31 land inkludert Norge, har kommet et skritt videre i retning av samtaler mellom Ukraina, Russland og USA\/Europa. Eller har de det? Og hva inneb\u00e6rer viktige punkter i eventuelt kommende forhandlinger? President Trump krever at Ukraina, ved en v\u00e5penhvile, avholder valg innen 100 dager.<\/p>\n<p>\u00abDe bruker krigen til ikke \u00e5 holde et valg, men jeg mener det ukrainske folket burde ha den muligheten. Og kanskje Zelenskyj kommer til \u00e5 vinne. Jeg vet ikke hvem som vil vinne. Men de har ikke hatt valg p\u00e5 lenge. Du vet, de snakker om demokrati, men det kommer til et punkt hvor det ikke er noe demokrati lenger\u00bb, uttalte den amerikanske presidenten.<\/p>\n<p><strong>G\u00e5r det an<\/strong> \u00e5 uttrykke det mer frekt og provoserende? Overfor et land der over 20 prosent av landomr\u00e5det er okkupert og delvis lagt i ruiner. Hvilke standarder legger han til grunn for gjennomf\u00f8ring av valg?<\/p>\n<p>Iallfall ikke FNs internasjonale standarder for frie og rettferdige valg. Muligens standarder lik de som okkupantene av Luhansk og Donetsk \u00f8st i Ukraina brukte etter intervensjonen i 2014, der folk ble truet til \u00e5 stemme, og p\u00e5 Krym. Eller skal ikke de f\u00e5 stemme?<\/p>\n<p><img decoding=\"async\" src=\"data:image\/gif;base64,R0lGODlhEAAJAIAAAP\/\/\/wAAACH5BAEAAAAALAAAAAAQAAkAAAIKhI+py+0Po5yUFQA7\" alt=\"\"\/><br \/>\n  Arve B\u00f8rstad har deltatt som internasjonal valgobservat\u00f8r i OSSE ved de fire siste valgene i Ukraina. Han var engasjert av OSSE og EU som valgveileder og observat\u00f8r i perioden 1997\u20132023.<br \/>\n  <strong>Foto:<\/strong> Privat<\/p>\n<p><strong>Hva med<\/strong> de 11 millioner ukrainere som har flyktet til utlandet, og de if\u00f8lge IOM (International Organization for Migration) cirka 4 millioner internt fordrevne? I de russisk-okkuperte omr\u00e5dene krever myndighetene at tilbakevendte ukrainske flyktninger m\u00e5 framvise russisk pass for \u00e5 f\u00e5 blant annet jobb og helsebehandling.<\/p>\n<p>Og hva med soldatene, skal de de stemme i skyttergravene? Droner og missiler dreper daglig sivile i store deler av landet. 37 sivile ble drept 26. november i byen Ternopil helt vest i landet. Over 90 ble alvorlig skadet. For de fleste av oss gikk tragedien under radaren.<\/p>\n<p><strong>Hvilke sikkerhetsgarantier<\/strong> er Ukraina avhengig av \u00e5 f\u00e5, og hvilke er realistiske for at befolkningen skal kunne g\u00e5 trygt til stemmeurnene? Zelenskyj sier landet er villig til \u00e5 holde valg innen 60\u201390 dager, gitt sikkerhetsgarantier fra Europa og USA.<\/p>\n<p>F\u00e5 land i \u00abkoalisjonen av villige\u00bb tilbyr fredsbevarende personell s\u00e5 langt. Ukraina er Europas nest st\u00f8rste land. Organisasjonen for samarbeid og sikkerhet i Europa (OSSE) fordelte inntil 2000 valgobservat\u00f8rer omkring i landet ved noen av de siste valgene. OSSE har per i dag neppe kapasitet til \u00e5 kunne foreta en grundig nok og trygg valgobservasjon.<\/p>\n<p>Valg m\u00e5 komme, men ikke som nytt\u00e5rsgave til angriperen.<\/p>\n<p>NB! Innleggsforfatteren har v\u00e6rt valgobservat\u00f8r for OSSE ved de fire siste valgene i Ukraina.<\/p>\n<p><strong>Hva mener du? Send inn din tekst til\u00a0<a href=\"https:\/\/www.adressa.no\/debatt\/i\/8pwg3W\/mailto:debatt@adresseavisen.no\" rel=\"noopener nofollow\" target=\"_blank\">debatt@adresseavisen.no<\/a>\u00a0eller delta i debatten i kommentarfeltet nederst \u2013 og husk fullt navn!<\/strong><\/p>\n","protected":false},"excerpt":{"rendered":"Arve B\u00f8rstad Tidligere valgveileder og valgobservat\u00f8r i OSSE Publisert: 18. desember 2025 kl. 12:14 Oppdatert: 18. desember 2025&hellip;\n","protected":false},"author":2,"featured_media":116954,"comment_status":"","ping_status":"","sticky":false,"template":"","format":"standard","meta":{"footnotes":""},"categories":[12],"tags":[20,21,37,1388,279,274,24,25,15,179,22,23,13,30,28,29,14,14112,16,188,26,27,489,50,518,42,43,44,45],"class_list":{"0":"post-116953","1":"post","2":"type-post","3":"status-publish","4":"format-standard","5":"has-post-thumbnail","7":"category-verden","8":"tag-breaking-news","9":"tag-breakingnews","10":"tag-debatt","11":"tag-demokrati","12":"tag-eu","13":"tag-europa","14":"tag-featured-news","15":"tag-featurednews","16":"tag-headlines","17":"tag-krigen-i-ukraina","18":"tag-latest-news","19":"tag-latestnews","20":"tag-news","21":"tag-no","22":"tag-norge","23":"tag-norway","24":"tag-nyheter","25":"tag-osse","26":"tag-overskrifter","27":"tag-russland","28":"tag-top-stories","29":"tag-topstories","30":"tag-ukraina","31":"tag-usa","32":"tag-valg","33":"tag-verden","34":"tag-world","35":"tag-world-news","36":"tag-worldnews"},"share_on_mastodon":{"url":"https:\/\/pubeurope.com\/@no\/115742870380434675","error":""},"_links":{"self":[{"href":"https:\/\/www.europesays.com\/no\/wp-json\/wp\/v2\/posts\/116953","targetHints":{"allow":["GET"]}}],"collection":[{"href":"https:\/\/www.europesays.com\/no\/wp-json\/wp\/v2\/posts"}],"about":[{"href":"https:\/\/www.europesays.com\/no\/wp-json\/wp\/v2\/types\/post"}],"author":[{"embeddable":true,"href":"https:\/\/www.europesays.com\/no\/wp-json\/wp\/v2\/users\/2"}],"replies":[{"embeddable":true,"href":"https:\/\/www.europesays.com\/no\/wp-json\/wp\/v2\/comments?post=116953"}],"version-history":[{"count":0,"href":"https:\/\/www.europesays.com\/no\/wp-json\/wp\/v2\/posts\/116953\/revisions"}],"wp:featuredmedia":[{"embeddable":true,"href":"https:\/\/www.europesays.com\/no\/wp-json\/wp\/v2\/media\/116954"}],"wp:attachment":[{"href":"https:\/\/www.europesays.com\/no\/wp-json\/wp\/v2\/media?parent=116953"}],"wp:term":[{"taxonomy":"category","embeddable":true,"href":"https:\/\/www.europesays.com\/no\/wp-json\/wp\/v2\/categories?post=116953"},{"taxonomy":"post_tag","embeddable":true,"href":"https:\/\/www.europesays.com\/no\/wp-json\/wp\/v2\/tags?post=116953"}],"curies":[{"name":"wp","href":"https:\/\/api.w.org\/{rel}","templated":true}]}}