{"id":116957,"date":"2025-12-18T22:24:08","date_gmt":"2025-12-18T22:24:08","guid":{"rendered":"https:\/\/www.europesays.com\/no\/116957\/"},"modified":"2025-12-18T22:24:08","modified_gmt":"2025-12-18T22:24:08","slug":"sammenstot-mellom-buss-og-politibil-i-trondheim","status":"publish","type":"post","link":"https:\/\/www.europesays.com\/no\/116957\/","title":{"rendered":"Sammenst\u00f8t mellom buss og politibil i Trondheim"},"content":{"rendered":"\n<p class=\"_paragraph_o9xde_4 _paragraph_xtcu6_10 layout-component text-serif-m layout-normal text-serif-m layout-padded\">Patruljen var p\u00e5 vei til et slagsm\u00e5l i St. Olavs gate da den krasjet med en buss i Fjordgata. <\/p>\n<p class=\"_paragraph_o9xde_4 _paragraph_xtcu6_10 layout-component text-serif-m layout-normal text-serif-m layout-padded\">If\u00f8lge politiet var det flere personer involvert i slagsm\u00e5let. <\/p>\n<p class=\"_paragraph_o9xde_4 _paragraph_xtcu6_10 layout-component text-serif-m layout-normal text-serif-m layout-padded\">\u2013 Det er behov for berging av buss og patruljebil. Ingen i bussen er skadet, forteller operasjonsleder Einar Arnesen hos politiet i Tr\u00f8ndelag til NTB.<\/p>\n<p class=\"_paragraph_o9xde_4 _paragraph_xtcu6_10 layout-component text-serif-m layout-normal text-serif-m layout-padded\">\u2013 Det har v\u00e6rt et kraftig sammenst\u00f8t. Airbagene er utl\u00f8st i politibilen, og det bra hull i siden p\u00e5 bussen, sier frilanser Bertil L\u00e6rnes, som er p\u00e5 stedet.<\/p>\n<p class=\"_paragraph_o9xde_4 _paragraph_xtcu6_10 layout-component text-serif-m layout-normal text-serif-m layout-padded\">Trafikken flyter h\u00f8velig greit, men andre busser blir dirigert rundt, sier han til VG.<\/p>\n<p class=\"_paragraph_o9xde_4 _paragraph_xtcu6_10 layout-component text-serif-m layout-normal text-serif-m layout-padded\">Politibilen fikk store skader og er ikke kj\u00f8rbar, skriver NTB.<\/p>\n<p class=\"_paragraph_o9xde_4 _paragraph_xtcu6_10 layout-component text-serif-m layout-normal text-serif-m layout-padded\">Til <a href=\"https:\/\/www.adressa.no\/nyheter\/trondheim\/i\/d4O59X\/flere-personer-i-slagsmaal\" class=\"_link_o9xde_39\" rel=\"nofollow noopener\" target=\"_blank\">Adresseavisen<\/a> bekrefter brannvesenet at det ingen personer ble skadet i ulykken.<\/p>\n<p class=\"_paragraph_o9xde_4 _paragraph_xtcu6_10 layout-component text-serif-m layout-normal text-serif-m layout-padded\">\u2013 Det er en del skader p\u00e5 politibilen, sier vaktleder Andr\u00e9 Lindgjerdet ved 110-sentralen.<\/p>\n","protected":false},"excerpt":{"rendered":"Patruljen var p\u00e5 vei til et slagsm\u00e5l i St. Olavs gate da den krasjet med en buss i&hellip;\n","protected":false},"author":2,"featured_media":116958,"comment_status":"","ping_status":"","sticky":false,"template":"","format":"standard","meta":{"footnotes":""},"categories":[10],"tags":[20,21,24,25,15,22,23,13,30,28,29,14,16,26,27],"class_list":{"0":"post-116957","1":"post","2":"type-post","3":"status-publish","4":"format-standard","5":"has-post-thumbnail","7":"category-norge","8":"tag-breaking-news","9":"tag-breakingnews","10":"tag-featured-news","11":"tag-featurednews","12":"tag-headlines","13":"tag-latest-news","14":"tag-latestnews","15":"tag-news","16":"tag-no","17":"tag-norge","18":"tag-norway","19":"tag-nyheter","20":"tag-overskrifter","21":"tag-top-stories","22":"tag-topstories"},"share_on_mastodon":{"url":"https:\/\/pubeurope.com\/@no\/115742917525135988","error":""},"_links":{"self":[{"href":"https:\/\/www.europesays.com\/no\/wp-json\/wp\/v2\/posts\/116957","targetHints":{"allow":["GET"]}}],"collection":[{"href":"https:\/\/www.europesays.com\/no\/wp-json\/wp\/v2\/posts"}],"about":[{"href":"https:\/\/www.europesays.com\/no\/wp-json\/wp\/v2\/types\/post"}],"author":[{"embeddable":true,"href":"https:\/\/www.europesays.com\/no\/wp-json\/wp\/v2\/users\/2"}],"replies":[{"embeddable":true,"href":"https:\/\/www.europesays.com\/no\/wp-json\/wp\/v2\/comments?post=116957"}],"version-history":[{"count":0,"href":"https:\/\/www.europesays.com\/no\/wp-json\/wp\/v2\/posts\/116957\/revisions"}],"wp:featuredmedia":[{"embeddable":true,"href":"https:\/\/www.europesays.com\/no\/wp-json\/wp\/v2\/media\/116958"}],"wp:attachment":[{"href":"https:\/\/www.europesays.com\/no\/wp-json\/wp\/v2\/media?parent=116957"}],"wp:term":[{"taxonomy":"category","embeddable":true,"href":"https:\/\/www.europesays.com\/no\/wp-json\/wp\/v2\/categories?post=116957"},{"taxonomy":"post_tag","embeddable":true,"href":"https:\/\/www.europesays.com\/no\/wp-json\/wp\/v2\/tags?post=116957"}],"curies":[{"name":"wp","href":"https:\/\/api.w.org\/{rel}","templated":true}]}}