{"id":116959,"date":"2025-12-18T22:25:22","date_gmt":"2025-12-18T22:25:22","guid":{"rendered":"https:\/\/www.europesays.com\/no\/116959\/"},"modified":"2025-12-18T22:25:22","modified_gmt":"2025-12-18T22:25:22","slug":"justis-og-beredskapsdepartementet-forlenger-ikke-berostillelsen-av-asylsaker-fra-syria","status":"publish","type":"post","link":"https:\/\/www.europesays.com\/no\/116959\/","title":{"rendered":"Justis- og beredskapsdepartementet forlenger ikke berostillelsen av asylsaker fra Syria"},"content":{"rendered":"<p>\n                    Justis- og beredskapsdepartementet har besluttet at behandlingen av s\u00f8knader om beskyttelse (asyl) fra personer fra Syria kan gjenopptas fra 25. desember 2025. Berostillelsen forlenges ikke.\n                <\/p>\n<p>Den 24. juni 2025 besluttet departementet \u00e5 stille behandlingen av asyls\u00f8knader fra syriske statsborgere og statsl\u00f8se fra Syria i bero i inntil seks m\u00e5neder, frem til 24. desember 2025. Utlendingsloven \u00e5pner for at berostillelsen kan forlenges \u00e9n gang, i ytterligere seks m\u00e5neder. Departementet har etter n\u00e6rmere vurdering kommet til at det ikke er behov for en slik forlengelse, og at berostillelsen skal opph\u00f8re fra og med 25. desember 2025. Det betyr at departementets instruks <a href=\"https:\/\/www.regjeringen.no\/no\/dokumenter\/gi-072025-berostillelse-av-syria-saker-beskyttelse-og-andre-saker\/id3111202\/\" rel=\"nofollow noopener\" target=\"_blank\">GI-07\/2025<\/a> faller bort fra samme dato.\u00a0\u00a0<\/p>\n<p>Bakgrunnen for berostillelsen var den uavklarte situasjonen i Syria etter maktovertakelsen i desember i fjor. Utlendingsdirektoratet (UDI) har fulgt situasjonen i landet tett, og direktoratet mener det n\u00e5 foreligger tilstrekkelig informasjon om forholdene i Syria til at saksbehandlingen kan gjenopptas.<\/p>\n<p>Det har n\u00e5 g\u00e5tt over ett \u00e5r siden Assad-regimets fall. Ettervirkningene av borgerkrigen preger fortsatt den syriske sivilbefolkningen. Det er mangel p\u00e5 tilgang til str\u00f8m, vann og andre grunnleggende tjenester, og store landomr\u00e5der ligger i ruiner. Til tross for utfordringene er det flere indikasjoner p\u00e5 bedring av situasjonen i landet. Det er en \u00f8kende grad av dialog og utveksling mellom syriske styresmakter og det internasjonale samfunnet, noe som tyder p\u00e5 at landet er p\u00e5 vei mot en stabilisering og \u00f8kt deltakelse i internasjonale fora. I tillegg bidrar mange land med viktig humanit\u00e6r bistand til Syria. Norge er ett av disse landene, og vi har i 2025 gitt over 500 millioner kroner i bistand og til gjenoppbygging i landet.<\/p>\n<p>Det er et sterkt h\u00e5p blant mange om en bedre fremtid for Syria, og if\u00f8lge tall fra FN har omtrent 1,3 millioner syrere vendt tilbake siden maktovertakelsen i fjor, b\u00e5de fra naboland og fra Europa. Syrere som har opphold i Norge og som \u00f8nsker \u00e5 vende tilbake, kan f\u00e5 st\u00f8tte til dette fra UDI gjennom ordningen for tilbakevending. Syrere som har en s\u00f8knad om beskyttelse til behandling, eller som har f\u00e5tt avslag p\u00e5 s\u00f8knaden om beskyttelse, kan s\u00f8ke UDI om assistert retur.<\/p>\n","protected":false},"excerpt":{"rendered":"Justis- og beredskapsdepartementet har besluttet at behandlingen av s\u00f8knader om beskyttelse (asyl) fra personer fra Syria kan gjenopptas&hellip;\n","protected":false},"author":2,"featured_media":33288,"comment_status":"","ping_status":"","sticky":false,"template":"","format":"standard","meta":{"footnotes":""},"categories":[5],"tags":[20,21,24,25,15,19,22,23,17,18,13,30,28,29,14,16,26,27],"class_list":{"0":"post-116959","1":"post","2":"type-post","3":"status-publish","4":"format-standard","5":"has-post-thumbnail","7":"category-overskrifter","8":"tag-breaking-news","9":"tag-breakingnews","10":"tag-featured-news","11":"tag-featurednews","12":"tag-headlines","13":"tag-hovedoppslag","14":"tag-latest-news","15":"tag-latestnews","16":"tag-main-news","17":"tag-mainnews","18":"tag-news","19":"tag-no","20":"tag-norge","21":"tag-norway","22":"tag-nyheter","23":"tag-overskrifter","24":"tag-top-stories","25":"tag-topstories"},"share_on_mastodon":{"url":"https:\/\/pubeurope.com\/@no\/115742921408712867","error":""},"_links":{"self":[{"href":"https:\/\/www.europesays.com\/no\/wp-json\/wp\/v2\/posts\/116959","targetHints":{"allow":["GET"]}}],"collection":[{"href":"https:\/\/www.europesays.com\/no\/wp-json\/wp\/v2\/posts"}],"about":[{"href":"https:\/\/www.europesays.com\/no\/wp-json\/wp\/v2\/types\/post"}],"author":[{"embeddable":true,"href":"https:\/\/www.europesays.com\/no\/wp-json\/wp\/v2\/users\/2"}],"replies":[{"embeddable":true,"href":"https:\/\/www.europesays.com\/no\/wp-json\/wp\/v2\/comments?post=116959"}],"version-history":[{"count":0,"href":"https:\/\/www.europesays.com\/no\/wp-json\/wp\/v2\/posts\/116959\/revisions"}],"wp:featuredmedia":[{"embeddable":true,"href":"https:\/\/www.europesays.com\/no\/wp-json\/wp\/v2\/media\/33288"}],"wp:attachment":[{"href":"https:\/\/www.europesays.com\/no\/wp-json\/wp\/v2\/media?parent=116959"}],"wp:term":[{"taxonomy":"category","embeddable":true,"href":"https:\/\/www.europesays.com\/no\/wp-json\/wp\/v2\/categories?post=116959"},{"taxonomy":"post_tag","embeddable":true,"href":"https:\/\/www.europesays.com\/no\/wp-json\/wp\/v2\/tags?post=116959"}],"curies":[{"name":"wp","href":"https:\/\/api.w.org\/{rel}","templated":true}]}}