{"id":116960,"date":"2025-12-18T22:32:17","date_gmt":"2025-12-18T22:32:17","guid":{"rendered":"https:\/\/www.europesays.com\/no\/116960\/"},"modified":"2025-12-18T22:32:17","modified_gmt":"2025-12-18T22:32:17","slug":"har-det-etter-forholdene-bra-nrk-sport-sportsnyheter-resultater-og-sendeplan","status":"publish","type":"post","link":"https:\/\/www.europesays.com\/no\/116960\/","title":{"rendered":"\u2013 Har det etter forholdene bra \u2013 NRK Sport \u2013 Sportsnyheter, resultater og sendeplan"},"content":{"rendered":"<p><strong>\u2013 Fredrik er kraftig forsl\u00e5tt og mistet 2 tenner, og har det etter forholdene bra, opplyser alpinlandslagets lege Marc Strauss via sportssjef Claus Ryste.<\/strong><\/p>\n<p>I utforrennet torsdag ettermiddag falt Fredrik M\u00f8ller da han mistet kontrollen over de to hoppene som kalles \u00abKamelpuklene\u00bb, og m\u00e5tte fraktes ut med b\u00e5re.<\/p>\n<p>\u2013 Han f\u00e5r tett oppf\u00f8lgning fra sykehuset og Skiforbundets helseteam videre for \u00e5 utelukke skader etter en s\u00e5 kraftig krasj som han har v\u00e6rt gjennom, sier Strauss.<\/p>\n<p>NRKs alpinekspert Lars Elton Myhre m\u00e5tte lide seg igjennom det stygge fallet til Fredrik M\u00f8ller i den beryktede l\u00f8ypa i Val Gardena tidligere torsdag.<\/p>\n<p><strong>\u2013 N\u00e5r du ser et s\u00e5nt fall, s\u00e5 g\u00e5r det bare kaldt gjennom hele kroppen, sier Elton Myhre.<\/strong><\/p>\n<p><img decoding=\"async\"   src=\"data:image\/gif;base64,R0lGODlhAQABAIAAAAAAAP\/\/\/yH5BAEAAAAALAAAAAABAAEAAAIBRAA7\" loading=\"eager\" alt=\"Fredrik M\u00f8ller\" title=\"Foto: Cornelius Poppe \/ NTB\"\/><\/p>\n<p class=\"\">FRAKTET BORT: Fredrik M\u00f8ller ble liggende igjen i utfortraseen i Val Gardena. Han klarte etter hvert \u00e5 rulle seg over p\u00e5 siden, og ble fraktet ut p\u00e5 b\u00e5re. Dette bildet er tatt under trening i S\u00f6lden i h\u00f8st.<\/p>\n<p>Foto: Cornelius Poppe \/ NTB<\/p>\n<p>Ble fraktet med luftambulanse<\/p>\n<p>Etter M\u00f8ller traff bakken, seilet han et stykke nedover henget.<\/p>\n<p><strong>25-\u00e5ringen mottok medisinsk assistanse i traseen, men klarte \u00e5 kare seg opp i knest\u00e5ende.<\/strong><\/p>\n<p>Den norske alpinisten ble fraktet ut til ventende transport til sykehus med luftambulanse.<\/p>\n<p><strong>\u2013 Det er fryktelig \u00e5 se p\u00e5. Det er et av de partiene gjennom sesongen hvor det b\u00e5de er det h\u00f8yeste og lengste svevet. Det er en fart p\u00e5 rundt 120 kilometer i timen. Og da er det fryktelig \u00e5 se en ut\u00f8ver som havner i ubalanse, fanger luft og blir trukket mer og mer bakp\u00e5, sier Elton Myhre.<\/strong><\/p>\n<p><img decoding=\"async\"   src=\"data:image\/gif;base64,R0lGODlhAQABAIAAAAAAAP\/\/\/yH5BAEAAAAALAAAAAABAAEAAAIBRAA7\" loading=\"eager\" alt=\"Fredrik M\u00f8ller fraktes ut p\u00e5 b\u00e5re\" title=\"Foto: Skjermdump \/ V Sport 3\"\/><\/p>\n<p class=\"\">LUFTAMBULANSE: Her blir Fredrik M\u00f8ller fraktet ut av l\u00f8ypa p\u00e5 b\u00e5re. Bakerst i bildet st\u00e5r et helikopter.<\/p>\n<p>Foto: Skjermdump \/ V Sport 3<\/p>\n<p>Medaljekandidat i OL<\/p>\n<p>Elton Myhre er full av lovord om oppdalingen og h\u00e5per han kommer seg raskt p\u00e5 beina igjen.<\/p>\n<p><strong>\u2013 Fredrik M\u00f8ller er en ut\u00f8ver som har hatt en kjempeframgang de siste \u00e5rene. Han har bare seilt opp og vunnet renn. Han har hatt en fin start p\u00e5 sesongen og ville ha v\u00e6rt en medaljekandidat i b\u00e5de utfor og super G inn i OL, mener han.<\/strong><\/p>\n<p>M\u00f8ller ble nummer to i super-G i Beaver Creek den 5. desember. Tidligere har han ogs\u00e5 en verdenscupseier i samme gren fra Bormio.<\/p>\n<p><img decoding=\"async\"   src=\"data:image\/gif;base64,R0lGODlhAQABAIAAAAAAAP\/\/\/yH5BAEAAAAALAAAAAABAAEAAAIBRAA7\" loading=\"eager\" alt=\"Det norske laget kunne slippe jubelen l\u00f8s.\" title=\"Foto: GEPA PICTURES\"\/><\/p>\n<p class=\"\">\u00c9N VERDENSCUPSEIER: Fredrik M\u00f8llers eneste triumf i verdenscupen kom i desember, 2024.<\/p>\n<p>Foto: GEPA PICTURES<\/p>\n<p>Tykk t\u00e5ke<\/p>\n<p>Det var vanskelige forhold i Val Gardena. Konkurransen ble utsatt flere ganger grunnet tykk t\u00e5ke.<\/p>\n<p><strong>Marco Odermatt vant rennet, 15 hundredeler foran landsmann Franjo von Allmen. Italieneren Dominik Paris ble nummer tre.<\/strong><\/p>\n<p>Alexander Aamodt Kilde er tilbake fra sitt skadefrav\u00e6r. Torsdag fikk han ikke ting til \u00e5 stemme. Han fikk blant annet problemer i det samme partiet som M\u00f8ller.\n<\/p>\n<p>Aleksander Aamodt Kilde kom langt bakp\u00e5 p\u00e5 samme hopp som Fredrik M\u00f8ller senere falt p\u00e5 under utforen i Val Gardena.<\/p>\n<p>Til slutt var han i m\u00e5l hele 1,56 sekunder bak Odermatt. Det bet\u00f8d at han falt utenfor lista over de 40 beste l\u00f8perne.<\/p>\n<p>33-\u00e5ringen er tilbake i verdenscupsirkuset etter nesten to \u00e5r p\u00e5 sidelinjen. Han skadet seg stygt i Wengen i januar 2024.<\/p>\n<p>Rennet i Val Gardena er n\u00e5 avsluttet. Aamodt Kilde ble til slutt nummer 42. Adrian Smiseth Sejersted ble nummer 27.<\/p>\n<p>Publisert<\/p>\n<p>18.12.2025, kl. 14.59<\/p>\n<p>Oppdatert<\/p>\n<p>18.12.2025, kl. 19.10<\/p>\n","protected":false},"excerpt":{"rendered":"\u2013 Fredrik er kraftig forsl\u00e5tt og mistet 2 tenner, og har det etter forholdene bra, opplyser alpinlandslagets lege&hellip;\n","protected":false},"author":2,"featured_media":116647,"comment_status":"","ping_status":"","sticky":false,"template":"","format":"standard","meta":{"footnotes":""},"categories":[5],"tags":[20,21,24,25,15,19,22,23,17,18,13,30,28,29,14,16,26,27],"class_list":{"0":"post-116960","1":"post","2":"type-post","3":"status-publish","4":"format-standard","5":"has-post-thumbnail","7":"category-overskrifter","8":"tag-breaking-news","9":"tag-breakingnews","10":"tag-featured-news","11":"tag-featurednews","12":"tag-headlines","13":"tag-hovedoppslag","14":"tag-latest-news","15":"tag-latestnews","16":"tag-main-news","17":"tag-mainnews","18":"tag-news","19":"tag-no","20":"tag-norge","21":"tag-norway","22":"tag-nyheter","23":"tag-overskrifter","24":"tag-top-stories","25":"tag-topstories"},"share_on_mastodon":{"url":"https:\/\/pubeurope.com\/@no\/115742948921969630","error":""},"_links":{"self":[{"href":"https:\/\/www.europesays.com\/no\/wp-json\/wp\/v2\/posts\/116960","targetHints":{"allow":["GET"]}}],"collection":[{"href":"https:\/\/www.europesays.com\/no\/wp-json\/wp\/v2\/posts"}],"about":[{"href":"https:\/\/www.europesays.com\/no\/wp-json\/wp\/v2\/types\/post"}],"author":[{"embeddable":true,"href":"https:\/\/www.europesays.com\/no\/wp-json\/wp\/v2\/users\/2"}],"replies":[{"embeddable":true,"href":"https:\/\/www.europesays.com\/no\/wp-json\/wp\/v2\/comments?post=116960"}],"version-history":[{"count":0,"href":"https:\/\/www.europesays.com\/no\/wp-json\/wp\/v2\/posts\/116960\/revisions"}],"wp:featuredmedia":[{"embeddable":true,"href":"https:\/\/www.europesays.com\/no\/wp-json\/wp\/v2\/media\/116647"}],"wp:attachment":[{"href":"https:\/\/www.europesays.com\/no\/wp-json\/wp\/v2\/media?parent=116960"}],"wp:term":[{"taxonomy":"category","embeddable":true,"href":"https:\/\/www.europesays.com\/no\/wp-json\/wp\/v2\/categories?post=116960"},{"taxonomy":"post_tag","embeddable":true,"href":"https:\/\/www.europesays.com\/no\/wp-json\/wp\/v2\/tags?post=116960"}],"curies":[{"name":"wp","href":"https:\/\/api.w.org\/{rel}","templated":true}]}}