{"id":116961,"date":"2025-12-18T22:37:20","date_gmt":"2025-12-18T22:37:20","guid":{"rendered":"https:\/\/www.europesays.com\/no\/116961\/"},"modified":"2025-12-18T22:37:20","modified_gmt":"2025-12-18T22:37:20","slug":"kultur-julekonsert-holdt-sin-aller-siste-julekonsert-for-fullsatt-kirke-dette-er-arets-hoydepunkt","status":"publish","type":"post","link":"https:\/\/www.europesays.com\/no\/116961\/","title":{"rendered":"Kultur, Julekonsert | Holdt sin aller siste julekonsert for fullsatt kirke: \u2013 Dette er \u00e5rets h\u00f8ydepunkt"},"content":{"rendered":"\n<p>Neste \u00e5r legges Sanne skole ned og dermed er 25 \u00e5rs samarbeid mellom kirken, elever, foreldre og l\u00e6rere historie. Hvert \u00e5r i forkant av skolens juleavslutninger har elever bidratt til \u00e5 gi kjente og kj\u00e6re en magisk julestemning.<\/p>\n<p>\u00c5rets konsert var intet unntak, snarere tvert imot.<\/p>\n<p>\u2013 Dette er \u00e5rets h\u00f8ydepunkt. Det er trist \u00e5 vite at dette er siste gang, sa kulturansvarlig for s\u00f8sterkirkene Kari R\u00f8ken Alm da hun \u00f8nsket alle velkommen.<\/p>\n<p>Hun takket for et helt unikt samarbeid og en tradisjon som kan referere til sangen \u00abDeilig er Jorden\u00bb og om slekters gang.<\/p>\n<p>   <img decoding=\"async\" width=\"4000\" height=\"3000\" fetchpriority=\"low\"  loading=\"lazy\"  src=\"https:\/\/www.europesays.com\/no\/wp-content\/uploads\/2025\/12\/ebf3a852-6240-4ffa-9dfe-142253555629.bin\" alt=\"\" class=\"brick-c-cFOWSL\" style=\"--brick-image-ratio: 4000 \/ 3000;\"\/><\/p>\n<p>      REKTOR: Rektor ved Sanne skole Kari Alm Berget holdt en fin takketale. B\u00e5de for samarbeid med kirken og andre viktige personer igjennom de 25 \u00e5rene de har hatt konsert.<br \/>\n      Foto: Anne May Strand\n    <\/p>\n<p>  Mange timers \u00f8ving gir resultater<\/p>\n<p>Det hele startet med at koret, best\u00e5ende av b\u00e5de elever og l\u00e6rere, kom g\u00e5ende opp kirkegulvet mens de sang Santa Lucia. Deretter stilte de seg opp p\u00e5 rekker og s\u00e5 like profesjonelle ut som et hvilket som helst trent kor. Dette vitnet om mange timers \u00f8ving og finpuss for \u00e5 f\u00e5 alt til \u00e5 g\u00e5 knirkefritt.<\/p>\n<p>   <img decoding=\"async\" width=\"4000\" height=\"3000\" fetchpriority=\"low\"  loading=\"lazy\"  src=\"https:\/\/www.europesays.com\/no\/wp-content\/uploads\/2025\/12\/cb968c76-d9f9-43a0-b810-c9fdc0df7214.bin\" alt=\"\" class=\"brick-c-cFOWSL\" style=\"--brick-image-ratio: 4000 \/ 3000;\"\/><\/p>\n<p>      VAKKERT: Sanne skoles elever og l\u00e6rere pent oppstilt i Nicolaikirken.<br \/>\n      Foto: Anne May Strand\n    <\/p>\n<p>Tidligere ansatt ved Sanne skole, Mette Krogh Stensrud, dirigerte koret gjennom mange kjente julesanger. B\u00e5de tradisjonelle eldre sanger som \u00abJeg er s\u00e5 glad hver julekveld\u00bb, \u00abJulekveldsvisa\u00bb og \u00abTenn lys\u00bb, men ogs\u00e5 nyere julel\u00e5ter fra Wenche Myhres Julepotpurri og Freddy Kalas sin \u00abHey Ho\u00bb.<\/p>\n<p>Elevene og l\u00e6rere sang for full hals, og solistene imponerte med klokkeklare stemmer og formidabel framf\u00f8ring.<\/p>\n<p>\n          Stopp video<br \/>\n          Sl\u00e5 p\u00e5 lyd<br \/>\n          <video data-standalone=\"false\" preload=\"none\" muted=\"\" loop=\"\" playsinline=\"\" autoplay=\"\"><\/p>\n<p>          <\/video>\n        <\/p>\n<p>    Juleskuespill med humoristisk vri<\/p>\n<p>Humor er en viktig del av livet, og kan godt blandes inn i tradisjonsrike fortellinger. Det bevitnet Sanne skoles tolkning av Juleevangeliet. Det var humring og latter i kirkerommet da de med god innlevelse framf\u00f8rte sin versjon av Jesusbarnet som ble f\u00f8dt i en stall, og historien om de tre vise menn. S\u00e5 sang de \u00abEt barn er f\u00f8dt i Betlehem.\u00bb<\/p>\n<p>   <img decoding=\"async\" width=\"4000\" height=\"3000\" fetchpriority=\"low\"  loading=\"lazy\"  src=\"https:\/\/www.europesays.com\/no\/wp-content\/uploads\/2025\/12\/c597582e-474e-4d40-8ae4-e2351f93ad43.bin\" alt=\"\" class=\"brick-c-cFOWSL\" style=\"--brick-image-ratio: 4000 \/ 3000;\"\/><\/p>\n<p>      SKUESPILLERNE:Elevene spilte Josef, Maria og Jesusbarnet med resten av skuespillerene i bakgrunnen.<br \/>\n      Foto: Anne May Strand\n    <\/p>\n<p>Videre sang de sangen \u00abJulehjerte\u00bb og noen av elevene sang og pyntet juletreet med r\u00f8de hjerter mens resten av koret sang i bakgrunnen. Denne sangen r\u00f8rer ved f\u00f8lelser, og kanskje ekstra mye n\u00e5 i f\u00f8rjulstiden. Mange var preget av vemod over epoken som n\u00e5 er over.<\/p>\n<p>Flere av de tidligere ansatte hadde m\u00f8tt opp for \u00e5 f\u00e5 med seg denne seansen. De kunne fortelle at de f\u00f8r konserten var samlet p\u00e5 Granavolden Gj\u00e6stgiveri for \u00e5 spise og kjenne p\u00e5 samholdet de har hatt ved skolen f\u00f8r \u00e5rets store h\u00f8ydepunkt.<\/p>\n<p>\u2013 Det blir ikke jul uten denne tradisjonen, s\u00e5 jeg vet ikke helt hva jeg skal gj\u00f8re neste \u00e5r, var et utsagn fra en av dem, med en blanding av humor og alvor i stemmen.<\/p>\n<p>   <img decoding=\"async\" width=\"4000\" height=\"3000\" fetchpriority=\"low\"  loading=\"lazy\"  src=\"https:\/\/www.europesays.com\/no\/wp-content\/uploads\/2025\/12\/6867818a-1d30-4a0c-82f0-0df3a122b6e3.bin\" alt=\"\" class=\"brick-c-cFOWSL\" style=\"--brick-image-ratio: 4000 \/ 3000;\"\/><\/p>\n<p>      H\u00d8YDEPUNKT: Disse damene er alle tidligere ansatte ved Sanne skole. F\u00f8r konserten var de sammen p\u00e5 Granavolden Gjestgiveri for mimring og samhold f\u00f8r \u00e5rets store h\u00f8ydepunktet. Heidi Helmen, Mari Brunstad, Mette Krogh Stensrud, Lisbeth Tomteberget, Linda Moksnes og Astrid Korslund. &#8211; Dette blir rart, at det er siste gangen. Men det har v\u00e6rt en helt fantastisk kveld kunne de meddele.<br \/>\n      Foto: Anne May Strand\n    <\/p>\n<p>  Viktig \u00e5 skape nye minner<\/p>\n<p>Avslutningsvis var det rektor ved Sanne skole Kari Alm Berget som \u00f8nsket \u00e5 si noen ord. Hun hyllet elever og ansatte, tidligere ansatte og andre som har viktige roller for \u00e5 f\u00e5 til en s\u00e5nn vakker og fin tradisjon. Noen av de hun trakk spesielt fram var kveldens pianist Reidun Helmen, som har lang fartstid fra Sanne skole. Helmen har v\u00e6rt med helt siden starten p\u00e5 konsertene i Nicolaikirken. En annen var Liv Kari Melbostad som ble beskrevet som primus motor.<\/p>\n<p>   <img decoding=\"async\" width=\"4000\" height=\"3000\" fetchpriority=\"low\"  loading=\"lazy\"  src=\"https:\/\/www.europesays.com\/no\/wp-content\/uploads\/2025\/12\/dee07a63-0499-4cf3-8ef4-6e9e847d0854.bin\" alt=\"\" class=\"brick-c-cFOWSL\" style=\"--brick-image-ratio: 4000 \/ 3000;\"\/><\/p>\n<p>      MUSIKERE: T.v pianist Reidun Helmen, organist Liv Kari Melbostad, lydtekniker Erik Lynne, dirigent Mette Krogh Stensrud og foran gitarist Morten Nordlund.<br \/>\n      Foto: Anne May Strand\n    <\/p>\n<p>Alm Berget var ogs\u00e5 tydelig p\u00e5 at det er viktig \u00e5 ta med seg alle minner og at jula kommer hvert \u00e5r likevel.<\/p>\n<p>\u2013 Det er viktig for oss alle sammen at vi skaper nye minner, det skylder vi hverandre, sa hun som et siste budskap.<\/p>\n<p>Da Sanne skoles avslutningsnummer med den velkjente \u00abDeilig er jorden\u00bb ble framf\u00f8rt var det applaus og t\u00e5rer om hverandre i kirkerommet. Alle reiste seg mens elever og l\u00e6rere gikk ut av kirken, etterfulgt av sine familier, og ferden gikk videre til skolen for juleavslutning.<\/p>\n","protected":false},"excerpt":{"rendered":"Neste \u00e5r legges Sanne skole ned og dermed er 25 \u00e5rs samarbeid mellom kirken, elever, foreldre og l\u00e6rere&hellip;\n","protected":false},"author":2,"featured_media":116962,"comment_status":"","ping_status":"","sticky":false,"template":"","format":"standard","meta":{"footnotes":""},"categories":[12],"tags":[36,20,21,24,25,1973,15,5593,9157,410,22,23,13,30,28,29,14,16,14113,1510,26,27,42,43,44,45],"class_list":{"0":"post-116961","1":"post","2":"type-post","3":"status-publish","4":"format-standard","5":"has-post-thumbnail","7":"category-verden","8":"tag-art","9":"tag-breaking-news","10":"tag-breakingnews","11":"tag-featured-news","12":"tag-featurednews","13":"tag-gran","14":"tag-headlines","15":"tag-jul","16":"tag-julekonsert","17":"tag-kultur","18":"tag-latest-news","19":"tag-latestnews","20":"tag-news","21":"tag-no","22":"tag-norge","23":"tag-norway","24":"tag-nyheter","25":"tag-overskrifter","26":"tag-sanne-skole","27":"tag-story","28":"tag-top-stories","29":"tag-topstories","30":"tag-verden","31":"tag-world","32":"tag-world-news","33":"tag-worldnews"},"share_on_mastodon":{"url":"https:\/\/pubeurope.com\/@no\/115742968792361948","error":""},"_links":{"self":[{"href":"https:\/\/www.europesays.com\/no\/wp-json\/wp\/v2\/posts\/116961","targetHints":{"allow":["GET"]}}],"collection":[{"href":"https:\/\/www.europesays.com\/no\/wp-json\/wp\/v2\/posts"}],"about":[{"href":"https:\/\/www.europesays.com\/no\/wp-json\/wp\/v2\/types\/post"}],"author":[{"embeddable":true,"href":"https:\/\/www.europesays.com\/no\/wp-json\/wp\/v2\/users\/2"}],"replies":[{"embeddable":true,"href":"https:\/\/www.europesays.com\/no\/wp-json\/wp\/v2\/comments?post=116961"}],"version-history":[{"count":0,"href":"https:\/\/www.europesays.com\/no\/wp-json\/wp\/v2\/posts\/116961\/revisions"}],"wp:featuredmedia":[{"embeddable":true,"href":"https:\/\/www.europesays.com\/no\/wp-json\/wp\/v2\/media\/116962"}],"wp:attachment":[{"href":"https:\/\/www.europesays.com\/no\/wp-json\/wp\/v2\/media?parent=116961"}],"wp:term":[{"taxonomy":"category","embeddable":true,"href":"https:\/\/www.europesays.com\/no\/wp-json\/wp\/v2\/categories?post=116961"},{"taxonomy":"post_tag","embeddable":true,"href":"https:\/\/www.europesays.com\/no\/wp-json\/wp\/v2\/tags?post=116961"}],"curies":[{"name":"wp","href":"https:\/\/api.w.org\/{rel}","templated":true}]}}