{"id":116963,"date":"2025-12-18T22:39:11","date_gmt":"2025-12-18T22:39:11","guid":{"rendered":"https:\/\/www.europesays.com\/no\/116963\/"},"modified":"2025-12-18T22:39:11","modified_gmt":"2025-12-18T22:39:11","slug":"barack-obama-avslorer-joachim-triers-film-som-norsk-favoritt","status":"publish","type":"post","link":"https:\/\/www.europesays.com\/no\/116963\/","title":{"rendered":"Barack Obama avsl\u00f8rer Joachim Triers film som norsk favoritt"},"content":{"rendered":"<p> \u00c5ge Hareide, en av Norges st\u00f8rste fotballpersonligheter gjennom tidene, er d\u00f8d. I november fortalte s\u00f8nnen at Hareide hadde f\u00e5tt p\u00e5vist hjernekreft.<\/p>\n<p>\u00abPappa sovnet inn i kveld, hjemme sammen med familien rundt seg. N\u00e5 har han spilt sin siste kamp. Vi er evig takknemlige for all kj\u00e6rlighet vi har f\u00e5tt i tida han har v\u00e6rt syk\u00bb, skriver s\u00f8nnen Bendik i en melding til\u00a0<a href=\"https:\/\/www.vg.no\/sport\/i\/BxRVGv\/aage-hareide-er-doed\" rel=\"nofollow noopener\" target=\"_blank\">VG<\/a>\u00a0og\u00a0<a href=\"https:\/\/www.nrk.no\/sport\/age-hareide-er-dod_-_-en-av-de-tre-store-1.17699210\" rel=\"nofollow noopener\" target=\"_blank\">NRK.<\/a><\/p>\n<p>Den triste nyheten fikk B-laget, best\u00e5ende av Simen Stams\u00f8 M\u00f8ller, Marius Skjelb\u00e6k og Jesper Mathisen, vite da de holdt juleshow p\u00e5 Sentrum Scene i Oslo torsdag kveld.<\/p>\n<p class=\"font-weight-bold m-font-weight-bold\" data-lab-font_weight=\"font-weight-bold\">&#8211; Da det gjensto litt av showet, forsto vi at noe hadde skjedd &#8211; da publikum begynte \u00e5 vise screenshots. Da vi gikk av scenen &#8211; f\u00f8r ekstranumrene &#8211; s\u00e5 vi selv at \u00c5ge hadde g\u00e5tt bort, sier Skjelb\u00e6k til Dagbladet.<\/p>\n<p>    <a itemprop=\"url\" href=\"https:\/\/www.dagbladet.no\/sport\/en-av-de-aller-storste\/84006396\" rel=\"nofollow noopener\" target=\"_blank\"><\/p>\n<p>        <img loading=\"lazy\" decoding=\"async\" src=\"https:\/\/www.europesays.com\/no\/wp-content\/uploads\/2025\/12\/84006431.webp\" width=\"980\" height=\"441\" title=\"- En av de aller st\u00f8rste\" alt=\"\" class=\"\" style=\"--aspect-ratio-image: 2.22; \"\/><\/p>\n<p>        &#8211; En av de aller st\u00f8rste<\/p>\n<p>    <\/a><\/p>\n<p>Han fortsetter:<\/p>\n<p>&#8211; Vi bestemte oss for \u00e5 hedre ham som siste nummer. Med Bernt Hulsker, Petter Northug og resten av B-laget, var det eneste riktige \u00e5 synge \u00abAlt for Norge\u00bb og avslutte med \u00abAlt for \u00c5ge\u00bb. Han betydde mye for oss alle. Han hadde karisma og en \u00e6rlighet som oste \u00c5ge &#8211; uansett hvilken setting man m\u00f8tte ham i.\u00a0<\/p>\n<p>        LEGENDE: \u00c5ge Hareide vil huskes som en legende i norsk fotball. Video: Ljosland, Dagbladet TV-sporten<\/p>\n<p> Skjelb\u00e6k sier videre at deres tanker g\u00e5r til n\u00e6rmeste familie, Annbj\u00f8rg, Bendik og Anne Henrikke. <\/p>\n","protected":false},"excerpt":{"rendered":"\u00c5ge Hareide, en av Norges st\u00f8rste fotballpersonligheter gjennom tidene, er d\u00f8d. I november fortalte s\u00f8nnen at Hareide hadde&hellip;\n","protected":false},"author":2,"featured_media":116964,"comment_status":"","ping_status":"","sticky":false,"template":"","format":"standard","meta":{"footnotes":""},"categories":[5],"tags":[5513,14114,20,21,24,25,15,19,479,22,23,17,18,13,30,28,29,14,16,26,27],"class_list":{"0":"post-116963","1":"post","2":"type-post","3":"status-publish","4":"format-standard","5":"has-post-thumbnail","7":"category-overskrifter","8":"tag-affeksjonsverdi","9":"tag-barak-obama","10":"tag-breaking-news","11":"tag-breakingnews","12":"tag-featured-news","13":"tag-featurednews","14":"tag-headlines","15":"tag-hovedoppslag","16":"tag-kjendis","17":"tag-latest-news","18":"tag-latestnews","19":"tag-main-news","20":"tag-mainnews","21":"tag-news","22":"tag-no","23":"tag-norge","24":"tag-norway","25":"tag-nyheter","26":"tag-overskrifter","27":"tag-top-stories","28":"tag-topstories"},"share_on_mastodon":{"url":"https:\/\/pubeurope.com\/@no\/115742976620465872","error":""},"_links":{"self":[{"href":"https:\/\/www.europesays.com\/no\/wp-json\/wp\/v2\/posts\/116963","targetHints":{"allow":["GET"]}}],"collection":[{"href":"https:\/\/www.europesays.com\/no\/wp-json\/wp\/v2\/posts"}],"about":[{"href":"https:\/\/www.europesays.com\/no\/wp-json\/wp\/v2\/types\/post"}],"author":[{"embeddable":true,"href":"https:\/\/www.europesays.com\/no\/wp-json\/wp\/v2\/users\/2"}],"replies":[{"embeddable":true,"href":"https:\/\/www.europesays.com\/no\/wp-json\/wp\/v2\/comments?post=116963"}],"version-history":[{"count":0,"href":"https:\/\/www.europesays.com\/no\/wp-json\/wp\/v2\/posts\/116963\/revisions"}],"wp:featuredmedia":[{"embeddable":true,"href":"https:\/\/www.europesays.com\/no\/wp-json\/wp\/v2\/media\/116964"}],"wp:attachment":[{"href":"https:\/\/www.europesays.com\/no\/wp-json\/wp\/v2\/media?parent=116963"}],"wp:term":[{"taxonomy":"category","embeddable":true,"href":"https:\/\/www.europesays.com\/no\/wp-json\/wp\/v2\/categories?post=116963"},{"taxonomy":"post_tag","embeddable":true,"href":"https:\/\/www.europesays.com\/no\/wp-json\/wp\/v2\/tags?post=116963"}],"curies":[{"name":"wp","href":"https:\/\/api.w.org\/{rel}","templated":true}]}}