{"id":116967,"date":"2025-12-18T23:14:14","date_gmt":"2025-12-18T23:14:14","guid":{"rendered":"https:\/\/www.europesays.com\/no\/116967\/"},"modified":"2025-12-18T23:14:14","modified_gmt":"2025-12-18T23:14:14","slug":"zelenskyj-med-bonn-til-eu","status":"publish","type":"post","link":"https:\/\/www.europesays.com\/no\/116967\/","title":{"rendered":"Zelenskyj med b\u00f8nn til EU"},"content":{"rendered":"<p class=\"kicker t15 font-weight-bold m-font-weight-bold color_mobile_no_bg_color quaternary color_mobile_quaternary font-Trim text-case-transform-upper mobile-hasTextPadding\" style=\"\">Nyheter<\/p>\n<p>    Ukrainas president Volodymyr Zelenskyj b\u00f8nnfaller EU-landene om \u00e5 gi fryste russiske midler i l\u00e5n til Ukraina.<\/p>\n<p>\n        B\u00d8NN: Volodymyr Zelenskyj b\u00f8nnfaller EU-landene om bli enige om \u00e5 gi fryste russiske midler i l\u00e5n til Ukraina.<br \/>\n        Foto: Geert Vanden Wijngaert, NTB\n    <\/p>\n<p>\u2013 Vi kjemper for v\u00e5rt liv, sier Zelenskyj.<\/p>\n<p>Han kom selv til EU-toppm\u00f8tet i Brussel torsdag for \u00e5 understreke alvoret i situasjonen. I Brussel skal EU-lederne bestemme seg for hvordan finansieringen av Ukraina skal sikres de neste \u00e5rene.<\/p>\n<p>If\u00f8lge Zelenskyj trenger Ukraina 45\u201350 milliarder euro til neste \u00e5r.<\/p>\n<p>EU-landene strides om russiske midler som ligger fryst i europeiske banker kan gis i et s\u00e5kalt reparasjonsl\u00e5n til Ukraina. I alt er det snakk om 210 milliarder euro, dr\u00f8yt 2500 milliarder kroner, fordelt p\u00e5 flere \u00e5r.<\/p>\n<p>\u2013 Vil gj\u00f8re oss tryggere<\/p>\n<p>\u2013 Dette instrumentet vil gj\u00f8re oss tryggere ved forhandlingsbordet. Og det vil sende et viktig signal til Russland. Vedtaket er s\u00e5nn sett st\u00f8rre enn pengene, sier Zelenskyj, som mener avgj\u00f8relsen senest m\u00e5 komme innen utgangen av \u00e5ret.<\/p>\n<p>Ellers vil Ukrainas muligheter p\u00e5 slagmarken bli kraftig redusert.<\/p>\n<p>Belgia, der mesteparten av midlene befinner seg, har s\u00e5 langt satt foten ned for reparasjonsl\u00e5net av frykt for russiske represalier.<\/p>\n<p>Zelenskyj m\u00f8tte torsdag Belgias statsminister Bart De Wever ansikt til ansikt.<\/p>\n<p>\u2013 Vi fikk sagt det vi \u00f8nsket til hverandre. Var det produktivt? Vi f\u00e5r se, sier Zelenskyj.<\/p>\n<p>\u2013 Rettferdig<\/p>\n<p>P\u00e5 sp\u00f8rsm\u00e5l om hvordan han svarer p\u00e5 Belgias bekymringer, sier han:<\/p>\n<p>\u2013 Russland \u00f8delegger oss. Det er helt rettferdig at vi f\u00e5r disse pengene. \u00c5 m\u00f8te Russland i retten er ikke like skremmende som \u00e5 ha dem p\u00e5 grensa.<\/p>\n<p>\u2013 Gud velsigne, jeg h\u00e5per reparasjonsl\u00e5net blir en realitet, sier den ukrainske presidenten.<\/p>\n","protected":false},"excerpt":{"rendered":"Nyheter Ukrainas president Volodymyr Zelenskyj b\u00f8nnfaller EU-landene om \u00e5 gi fryste russiske midler i l\u00e5n til Ukraina. B\u00d8NN:&hellip;\n","protected":false},"author":2,"featured_media":116968,"comment_status":"","ping_status":"","sticky":false,"template":"","format":"standard","meta":{"footnotes":""},"categories":[12],"tags":[20,21,24,25,15,22,23,13,30,28,29,14,16,26,27,42,43,44,45],"class_list":{"0":"post-116967","1":"post","2":"type-post","3":"status-publish","4":"format-standard","5":"has-post-thumbnail","7":"category-verden","8":"tag-breaking-news","9":"tag-breakingnews","10":"tag-featured-news","11":"tag-featurednews","12":"tag-headlines","13":"tag-latest-news","14":"tag-latestnews","15":"tag-news","16":"tag-no","17":"tag-norge","18":"tag-norway","19":"tag-nyheter","20":"tag-overskrifter","21":"tag-top-stories","22":"tag-topstories","23":"tag-verden","24":"tag-world","25":"tag-world-news","26":"tag-worldnews"},"share_on_mastodon":{"url":"https:\/\/pubeurope.com\/@no\/115743114060556401","error":""},"_links":{"self":[{"href":"https:\/\/www.europesays.com\/no\/wp-json\/wp\/v2\/posts\/116967","targetHints":{"allow":["GET"]}}],"collection":[{"href":"https:\/\/www.europesays.com\/no\/wp-json\/wp\/v2\/posts"}],"about":[{"href":"https:\/\/www.europesays.com\/no\/wp-json\/wp\/v2\/types\/post"}],"author":[{"embeddable":true,"href":"https:\/\/www.europesays.com\/no\/wp-json\/wp\/v2\/users\/2"}],"replies":[{"embeddable":true,"href":"https:\/\/www.europesays.com\/no\/wp-json\/wp\/v2\/comments?post=116967"}],"version-history":[{"count":0,"href":"https:\/\/www.europesays.com\/no\/wp-json\/wp\/v2\/posts\/116967\/revisions"}],"wp:featuredmedia":[{"embeddable":true,"href":"https:\/\/www.europesays.com\/no\/wp-json\/wp\/v2\/media\/116968"}],"wp:attachment":[{"href":"https:\/\/www.europesays.com\/no\/wp-json\/wp\/v2\/media?parent=116967"}],"wp:term":[{"taxonomy":"category","embeddable":true,"href":"https:\/\/www.europesays.com\/no\/wp-json\/wp\/v2\/categories?post=116967"},{"taxonomy":"post_tag","embeddable":true,"href":"https:\/\/www.europesays.com\/no\/wp-json\/wp\/v2\/tags?post=116967"}],"curies":[{"name":"wp","href":"https:\/\/api.w.org\/{rel}","templated":true}]}}