{"id":116972,"date":"2025-12-18T23:25:27","date_gmt":"2025-12-18T23:25:27","guid":{"rendered":"https:\/\/www.europesays.com\/no\/116972\/"},"modified":"2025-12-18T23:25:27","modified_gmt":"2025-12-18T23:25:27","slug":"nyhet-kjendis-vill-festing-bak-kulissene-ikke-en-avholdskveld","status":"publish","type":"post","link":"https:\/\/www.europesays.com\/no\/116972\/","title":{"rendered":"Nyhet, Kjendis | Vill festing bak kulissene: \u2013 Ikke \u00e9n avholdskveld"},"content":{"rendered":"\n<p><a href=\"https:\/\/www.nettavisen.no\/kjendis\/vill-festing-bak-kulissene-ikke-n-avholdskveld\/s\/5-95-2786588\" rel=\"Follow nofollow noopener\" target=\"_blank\">Nettavisen: <\/a>\u2013 Har det v\u00e6rt noe r\u00f8veri? De er jo s\u00e5 ordentlige.<\/p>\n<p>Det sier \u00abSkal vi danse\u00bb-programlederne Helene Olafsen (35) og Anders Hoff (49) til Nettavisen.<\/p>\n<p>I alle \u00e5r har det florert rykter om fyll, fanteri og morsomme p\u00e5funn bak kulissene i \u00abSkal vi danse\u00bb.<\/p>\n<p>Men i jubileumssesongen har det v\u00e6rt p\u00e5fallende rolig.<\/p>\n<p>  <a href=\"https:\/\/www.oblad.no\/5-68-1750643\" class=\"related-teaser has-image default-story-teaser article--c-eRUmMG article--c-eRUmMG-jKCPdD-design-default\" rel=\"nofollow noopener\" target=\"_blank\"><\/p>\n<p>    <img decoding=\"async\" loading=\"lazy\"  src=\"https:\/\/www.europesays.com\/no\/wp-content\/uploads\/2025\/12\/Danse+Trygve1-1.jpg\" alt=\"\" class=\"brick-c-cFOWSL\" style=\"\"\/><\/p>\n<p>\n            Les ogs\u00e5<\/p>\n<p>              Trygve (23) var redd for \u00e5 sette norgesrekord i reality\n        <\/p>\n<p>  <\/a><br \/>\n  Etterlyser mer sprell<\/p>\n<p>Helene Olafsen og Anders Hoff har ledet \u00abSkal vi danse\u00bb sammen i tre sesonger. Hoff har totalt ledet \u00e5tte sesonger siden 2017, og Olafsen vant selv konkurransen i 2017.<\/p>\n<p>Med andre ord har de sett det meste \u2013 ogs\u00e5 det som ikke havner p\u00e5 TV.<\/p>\n<p>If\u00f8lge programlederne er kontrasten stor til tidligere sesonger.<\/p>\n<p>\u2013 De r\u00f8vet litt mer i gamle dager, sier Hoff til Nettavisen.<\/p>\n<p>   <img decoding=\"async\" width=\"4500\" height=\"3000\" fetchpriority=\"low\"  loading=\"lazy\"  src=\"https:\/\/www.europesays.com\/no\/wp-content\/uploads\/2025\/12\/Helene+Olafsen+og+Anders+Hoff.bin\" alt=\"Helene Olafsen og Anders Hoff under program 11 av Skal vi danse 2025.\" class=\"brick-c-cFOWSL\" style=\"--brick-image-ratio: 4500 \/ 3000;\"\/><\/p>\n<p>      FINEKLARE: Helene Olafsen og Anders Hoff skal snart lede finalen i den 20. sesongen av \u00abSkal vi danse\u00bb.<br \/>\n      Foto: Thomas Andersen (TV 2(\n    <\/p>\n<p>Da Olafsen var deltaker i 2017, l\u00e5ste deltakerne seg inne p\u00e5 dansesenteret en fuktig kveld. Det f\u00f8rte til kraftige reaksjoner fra produksjonen.<\/p>\n<p>\u2013 Vi l\u00e5ste oss inne p\u00e5 dansesenteret, vi. Da fikk vi masse kjeft. Jeg tror de har f\u00e5tt lite kjeft i \u00e5r, sier Olafsen.<\/p>\n<p>Minnene f\u00e5r Hoff til \u00e5 le, spesielt n\u00e5r han tenker tilbake p\u00e5 den gangen produksjonen m\u00e5tte gripe inn.<\/p>\n<p>\u2013 Det var en sesong hvor de m\u00e5tte ta vekk sakkosekkene. De ble brukt, godt brukt, sier Hoff.<\/p>\n<p>   <img decoding=\"async\" width=\"5472\" height=\"3648\" fetchpriority=\"low\"  loading=\"lazy\"  src=\"https:\/\/www.europesays.com\/no\/wp-content\/uploads\/2025\/12\/1766100324_938_NTB_7P_rcTwfh8U.jpg\" alt=\"Oslo  20170808.&#10;Lansering av h\u00f8stens Skal vi danse-kjendiser.&#10;Her er deltagere: Cengiz Al  Skuespiller (SKAM)&#10;Hedda Kise  Programleder&#10;Helene Olafsen  Snowboarder&#10;Erlend Elias  Stylist&#10;Tommy Steine  Komiker&#10;Trude Drevland  Politiker&#10;Anna Rasmussen  Blogger&#10;Grunde Myhrer  Realitystjerne (Paradise Hotel)&#10;Ida Gran-Jansen  Kjendisbaker&#10;Geir Schau  Radiostjerne&#10;Erik Follestad  Iskrigerne&#10;Jorun Stiansen  Idol-vinner&#10;Foto: Vidar Ruud \/ NTB\" class=\"brick-c-cFOWSL\" style=\"--brick-image-ratio: 5472 \/ 3648;\"\/><\/p>\n<p>      DELTAKER OG PROGRAMLEDER: Helene Olafsen vant \u00abSkal vi danse\u00bb i 2017. I 2022 ble hun programleder. Her sammen med de andre deltakerne fra hennes sesong.<br \/>\n      Foto: Vidar Ruud\n    <\/p>\n<p>Sakkosekkene inne p\u00e5 dansesenteret skal alts\u00e5 ha blitt brukt p\u00e5 nattetid.<\/p>\n<p>\u2013 Det var veldig mange som sov i disse sakkosekkene, sier Hoff med et lurt smil.<\/p>\n<p>\u2013 Alene?<\/p>\n<p>\u2013 Kanskje danseparene sov sammen da, hvis det ikke var nok stoler. Da sov de kanskje sammen i sakkosekkene, fortsetter han.<\/p>\n<p>Olafsen innr\u00f8mmer ogs\u00e5 at hun selv gjorde det samme.<\/p>\n<p>\u2013 Jeg sov opp\u00e5 Erik, faktisk.<\/p>\n<p>  <a href=\"https:\/\/www.oblad.no\/5-68-1758036\" class=\"related-teaser has-image default-story-teaser article--c-eRUmMG article--c-eRUmMG-jKCPdD-design-default\" rel=\"nofollow noopener\" target=\"_blank\"><\/p>\n<p>    <img decoding=\"async\" loading=\"lazy\"  src=\"https:\/\/www.europesays.com\/no\/wp-content\/uploads\/2025\/12\/1766100324_454_5_68_1475762_unnamed__48__1.jpg\" alt=\"\" class=\"brick-c-cFOWSL\" style=\"\"\/><\/p>\n<p>\n            Les ogs\u00e5<\/p>\n<p>              Vrakes fra programleder-jobb: Deltar i ny reality\n        <\/p>\n<p>  <\/a><br \/>\n  \u2013 Ikke en avholdskveld<\/p>\n<p>If\u00f8lge duoen handler nedgangen i antall fester delvis om hvor deltakerne n\u00e5 trener.<\/p>\n<p>\u2013 Jeg tror det har litt med beliggenhet \u00e5 gj\u00f8re ogs\u00e5, det er ikke s\u00e5 mange fristelser rundt her kanskje, sier Olafsen.<\/p>\n<p>Dansesenteret ligger n\u00e5 p\u00e5 Myrens Verksted p\u00e5 Torshov. Tidligere trente deltakerne p\u00e5 Bislett.<\/p>\n<p>Olafsen peker samtidig p\u00e5 at flere av de tidligere proffdanserne bidro til litt ekstra sprell etter trening.<\/p>\n<p>\u2013 F\u00f8r var det ogs\u00e5 proffene, du kan tenke deg Tom-Erik og Egor, den gjengen der. De var ikke fremmed for en liten \u00f8l nede p\u00e5 Bislett.<\/p>\n<p>   <img decoding=\"async\" width=\"1600\" height=\"900\" fetchpriority=\"low\"  loading=\"lazy\"  src=\"https:\/\/www.europesays.com\/no\/wp-content\/uploads\/2025\/12\/1766100325_610_BeFunky-collage+%28100%29.jpg\" alt=\"\" class=\"brick-c-cFOWSL\" style=\"--brick-image-ratio: 1600 \/ 900;\"\/><\/p>\n<p>      PROFFDANSERNE: Tom-Erik Nilsen og Egor Filipenko skal if\u00f8lge Olafsen og Hoff bydd p\u00e5 mye sprell.<br \/>\n      Foto: Espen Solli (TV 2)\n    <\/p>\n<p>Hoff f\u00f8lger opp og mener det var mer tr\u00f8kk tidligere.<\/p>\n<p>\u2013 Nei, de var mere tr\u00f8kk i de gamle proffene. Benjamin var heller ikke vanskelig \u00e5 be. Og Bj\u00f8rn da? Herregud, for en gjeng. De var jo ikke t\u00f8rr kveld.<\/p>\n<p>\u2013 Det var faktisk ikke det. Jeg hadde ikke \u00e9n avholdskveld da jeg var med, svarer Olafsen.<\/p>\n<p>  <a href=\"https:\/\/www.oblad.no\/5-68-1756352\" class=\"related-teaser has-image default-story-teaser article--c-eRUmMG article--c-eRUmMG-jKCPdD-design-default\" rel=\"nofollow noopener\" target=\"_blank\"><\/p>\n<p>    <img decoding=\"async\" loading=\"lazy\"  src=\"https:\/\/www.europesays.com\/no\/wp-content\/uploads\/2025\/12\/Sandbukta+6.jpg\" alt=\"\" class=\"brick-c-cFOWSL\" style=\"\"\/><\/p>\n<p>\n            Les ogs\u00e5<\/p>\n<p>              Olafsen (35) kj\u00f8pte enebolig til 20 mill. \u2013 ny murpipe blir for dyrt\n        <\/p>\n<p>  <\/a><\/p>\n<p>   <img decoding=\"async\" width=\"1600\" height=\"900\" fetchpriority=\"low\"  loading=\"lazy\"  src=\"https:\/\/www.europesays.com\/no\/wp-content\/uploads\/2025\/12\/1766100326_829_BeFunky-collage+-+2025-12-18T132348.667.jpg\" alt=\"\" class=\"brick-c-cFOWSL\" style=\"--brick-image-ratio: 1600 \/ 900;\"\/><\/p>\n<p>      SPRELL: Bj\u00f8rn Wettre Holthe og Benjamin Jayakoddy har v\u00e6rt proffdansere i \u00abSkal vi danse\u00bb gjennom flere sesonger. N\u00e5 jobber de begge i kulissene.<br \/>\n      Foto: Thomas Andersen \/ Espen Solli (TV 2)\n    <\/p>\n<p>  Danser mer enn noen gang<\/p>\n<p>Samtidig som Olafsen og Hoff etterlyser litt mer sprell, understreker de at innsatsen er stor blant \u00e5rets deltakere.<\/p>\n<p>\u2013 De har kost seg, det er ikke det. Men de danser p\u00e5, og det er jo det som gj\u00f8r de flinke ogs\u00e5 da, sier Hoff til Nettavisen.<\/p>\n<p>   <img decoding=\"async\" width=\"4500\" height=\"3000\" fetchpriority=\"low\"  loading=\"lazy\"  src=\"https:\/\/www.europesays.com\/no\/wp-content\/uploads\/2025\/12\/1766100327_711_NTB_DswJ4xMIAIE.jpg\" alt=\"Tiril Eckhoff, Viggo Venn og Tale Torjussen er klar for finale av Skal vi danse 2025.&#10;Foto: Thomas Andersen \/ TV 2\" class=\"brick-c-cFOWSL\" style=\"--brick-image-ratio: 4500 \/ 3000;\"\/><\/p>\n<p>      FINALEKLARE: Tale Torjussen, Viggo Venn og Tiril Eckhoff er klare for finalen av \u00abSkal vi danse\u00bb 2025.<br \/>\n      Foto: Thomas Andersen \/ TV 2\n    <\/p>\n<p>If\u00f8lge Olafsen er belastningen st\u00f8rre enn f\u00f8r.<\/p>\n<p>\u2013 Det er lange dager, ogs\u00e5 danser de jo faktisk enda mer i \u00e5r enn tidligere sesonger. De danser mer enn noen gang, sier Olafsen.<\/p>\n<p>Programlederne mener niv\u00e5et i \u00e5r er h\u00f8yt.<\/p>\n<p>\u2013 Det er veldig mange flinke i \u00e5r, som gj\u00f8r at de pusher hverandre, sier Hoff f\u00f8r Olafsen legger til:<\/p>\n<p>\u2013 Og opplevelsen av at dette er viktig. Det betyr jo masse for dem.<\/p>\n","protected":false},"excerpt":{"rendered":"Nettavisen: \u2013 Har det v\u00e6rt noe r\u00f8veri? De er jo s\u00e5 ordentlige. Det sier \u00abSkal vi danse\u00bb-programlederne Helene&hellip;\n","protected":false},"author":2,"featured_media":116973,"comment_status":"","ping_status":"","sticky":false,"template":"","format":"standard","meta":{"footnotes":""},"categories":[58],"tags":[36,71,2292,479,30,28,29,447,2280,1510,207,72],"class_list":{"0":"post-116972","1":"post","2":"type-post","3":"status-publish","4":"format-standard","5":"has-post-thumbnail","7":"category-underholdning","8":"tag-art","9":"tag-entertainment","10":"tag-helene-olafsen","11":"tag-kjendis","12":"tag-no","13":"tag-norge","14":"tag-norway","15":"tag-nyhet","16":"tag-skal-vi-danse","17":"tag-story","18":"tag-tv","19":"tag-underholdning"},"share_on_mastodon":{"url":"https:\/\/pubeurope.com\/@no\/115743157606779420","error":""},"_links":{"self":[{"href":"https:\/\/www.europesays.com\/no\/wp-json\/wp\/v2\/posts\/116972","targetHints":{"allow":["GET"]}}],"collection":[{"href":"https:\/\/www.europesays.com\/no\/wp-json\/wp\/v2\/posts"}],"about":[{"href":"https:\/\/www.europesays.com\/no\/wp-json\/wp\/v2\/types\/post"}],"author":[{"embeddable":true,"href":"https:\/\/www.europesays.com\/no\/wp-json\/wp\/v2\/users\/2"}],"replies":[{"embeddable":true,"href":"https:\/\/www.europesays.com\/no\/wp-json\/wp\/v2\/comments?post=116972"}],"version-history":[{"count":0,"href":"https:\/\/www.europesays.com\/no\/wp-json\/wp\/v2\/posts\/116972\/revisions"}],"wp:featuredmedia":[{"embeddable":true,"href":"https:\/\/www.europesays.com\/no\/wp-json\/wp\/v2\/media\/116973"}],"wp:attachment":[{"href":"https:\/\/www.europesays.com\/no\/wp-json\/wp\/v2\/media?parent=116972"}],"wp:term":[{"taxonomy":"category","embeddable":true,"href":"https:\/\/www.europesays.com\/no\/wp-json\/wp\/v2\/categories?post=116972"},{"taxonomy":"post_tag","embeddable":true,"href":"https:\/\/www.europesays.com\/no\/wp-json\/wp\/v2\/tags?post=116972"}],"curies":[{"name":"wp","href":"https:\/\/api.w.org\/{rel}","templated":true}]}}