{"id":117005,"date":"2025-12-19T00:27:10","date_gmt":"2025-12-19T00:27:10","guid":{"rendered":"https:\/\/www.europesays.com\/no\/117005\/"},"modified":"2025-12-19T00:27:10","modified_gmt":"2025-12-19T00:27:10","slug":"tiktok-har-undertegnet-avtale-om-salg-til-amerikanske-investorer","status":"publish","type":"post","link":"https:\/\/www.europesays.com\/no\/117005\/","title":{"rendered":"TikTok har undertegnet avtale om salg til amerikanske investorer"},"content":{"rendered":"\n<p class=\"_lead_o9xde_2 _lead_xtcu6_50 layout-component text-serif-m layout-normal text-serif-l layout-component layout-wide layout-padded _wide_17hqh_1 layout-padded\">TikTok amerikanske del skal selges til flere investorer. <\/p>\n<p><img alt=\"Tiktoks amerikanske virksomhet blir solgt til en gruppe investorer og avtalen skal v\u00e6re inng\u00e5tt 22. januar, if\u00f8lge et internt notat.  Foto: Anjum Naveed \/ AP \/ NTB\" class=\"_image_qp4xg_65 layout-component layout-wide\" data-fullscreen- data-track-element-type=\"Article image fullscreen\" data-track-name=\"ImageFullscreen\" fetchpriority=\"high\" decoding=\"sync\" loading=\"eager\" height=\"3153\" itemprop=\"image\"  src=\"https:\/\/www.europesays.com\/no\/wp-content\/uploads\/2025\/12\/0aea256b-0706-4c65-bef7-cf348fca227e\"  style=\"object-position:0% 0%\" width=\"4593\"\/>Tiktoks amerikanske virksomhet blir solgt til en gruppe investorer og avtalen skal v\u00e6re inng\u00e5tt 22. januar, if\u00f8lge et internt notat.  Foto: Anjum Naveed \/ AP \/ NTB<\/p>\n<ul aria-hidden=\"true\" class=\"_images_ntbth_112\">\n<li><a class=\"_link_ntbth_117\" href=\"https:\/\/www.vg.no\/forfatter\/ntb\" style=\"z-index:1\" title=\"NTB\" rel=\"nofollow noopener\" target=\"_blank\"><img alt=\"Bilde av NTB\" class=\"_image_ntbth_93\" fetchpriority=\"low\" loading=\"lazy\" decoding=\"async\" itemprop=\"image\"  src=\"https:\/\/www.europesays.com\/no\/wp-content\/uploads\/2025\/12\/1766104030_753_c33980b0-5d07-4027-84a1-813f90a7c8d6\"  width=\"480\"\/><\/a><\/li>\n<\/ul>\n<p> Oppdatert fredag 19. desember kl. 00:41     <\/p>\n<p class=\"_paragraph_o9xde_4 _paragraph_xtcu6_10 layout-component text-serif-m layout-normal text-serif-m layout-padded\"><a href=\"https:\/\/www.vg.no\/tag\/tiktok?utm_source=vg-article&amp;utm_medium=auto-tagger&amp;utm_campaign=2pGnWy\" class=\"_link_o9xde_39\" rel=\"nofollow noopener\" target=\"_blank\">TikTok<\/a> har undertegnet en avtale med amerikanske investorer om \u00e5 selge selskapets amerikanske del.<\/p>\n<p class=\"_paragraph_o9xde_4 _paragraph_xtcu6_10 layout-component text-serif-m layout-normal text-serif-m layout-padded\">Det dreier seg om en avtale om salg av Tiktoks amerikanske del til et join venturejoin ventureEt joint venture er et samarbeid mellom to eller flere selskaper for \u00e5 oppn\u00e5 et bestemt forretningsm\u00e5l, hvor de deler eierskap, risiko og fortjeneste. under kontroll av amerikanske investorer, skriver <a href=\"https:\/\/www.axios.com\/2025\/12\/18\/tiktok-sale\" class=\"_link_o9xde_39\" rel=\"nofollow noopener\" target=\"_blank\">Axios<\/a>, som har f\u00e5tt se et internt notat.<\/p>\n<p class=\"_paragraph_o9xde_4 _paragraph_xtcu6_10 layout-component text-serif-m layout-normal text-serif-m layout-padded\">Ogs\u00e5 nyhetsbyr\u00e5et Reuters har f\u00e5tt se notatet, som er f\u00f8rt i pennen av Tiktoks daglige leder Shou Chew.<\/p>\n<p>Skal drives uavhengig<\/p>\n<p class=\"_paragraph_o9xde_4 _paragraph_xtcu6_10 layout-component text-serif-m layout-normal text-serif-m layout-padded\">I notatet fremg\u00e5r det at Oracle, Silver Lake og Abu Dhabi-baserte MGX til sammen skal eie 45 prosent av joint venture-samarbeidet. <\/p>\n<p class=\"_paragraph_o9xde_4 _paragraph_xtcu6_10 layout-component text-serif-m layout-normal text-serif-m layout-padded\">Nesten en tredel av selskapet skal eies av investorer som er tilknyttet noen av investorene i Tiktoks n\u00e5v\u00e6rende kinesiske eierselskap ByteDance, og 19,9 prosent skal eies av ByteDance selv.<\/p>\n<p class=\"_paragraph_o9xde_4 _paragraph_xtcu6_10 layout-component text-serif-m layout-normal text-serif-m layout-padded\">Det amerikanske joint venture-samarbeidet skal drives som uavhengig enhet og ha ansvar for blant annet databeskyttelse, sikkerhet og moderering av innhold.<\/p>\n<p>Flere \u00e5rs strid<\/p>\n<p class=\"_paragraph_o9xde_4 _paragraph_xtcu6_10 layout-component text-serif-m layout-normal text-serif-m layout-padded\">Avtalen skal v\u00e6re p\u00e5 plass 22. januar, if\u00f8lge notatet.<\/p>\n<p class=\"_paragraph_o9xde_4 _paragraph_xtcu6_10 layout-component text-serif-m layout-normal text-serif-m layout-padded\">Det hvite hus og kinesiske myndigheter ble i september enige om en prinsippavtale om \u00e5 selge Tiktoks amerikanske del til et joint venture kontrollert av en amerikansk investorgruppe best\u00e5ende av Andreessen Horowitz, Silver Lake, og Oracle.<\/p>\n<p class=\"_paragraph_o9xde_4 _paragraph_xtcu6_10 layout-component text-serif-m layout-normal text-serif-m layout-padded\">Striden rundt Tiktoks virksomhet i USA g\u00e5r flere \u00e5r tilbake i tid og har v\u00e6rt knyttet til bekymringer for USAs nasjonale sikkerhet. <\/p>\n","protected":false},"excerpt":{"rendered":"TikTok amerikanske del skal selges til flere investorer. Tiktoks amerikanske virksomhet blir solgt til en gruppe investorer og&hellip;\n","protected":false},"author":2,"featured_media":117006,"comment_status":"","ping_status":"","sticky":false,"template":"","format":"standard","meta":{"footnotes":""},"categories":[12],"tags":[20,21,14116,24,25,15,22,23,62,13,30,28,29,14,14115,16,2046,26,27,42,43,44,45],"class_list":{"0":"post-117005","1":"post","2":"type-post","3":"status-publish","4":"format-standard","5":"has-post-thumbnail","7":"category-verden","8":"tag-breaking-news","9":"tag-breakingnews","10":"tag-bytedance","11":"tag-featured-news","12":"tag-featurednews","13":"tag-headlines","14":"tag-latest-news","15":"tag-latestnews","16":"tag-naeringsliv","17":"tag-news","18":"tag-no","19":"tag-norge","20":"tag-norway","21":"tag-nyheter","22":"tag-oracle","23":"tag-overskrifter","24":"tag-tiktok","25":"tag-top-stories","26":"tag-topstories","27":"tag-verden","28":"tag-world","29":"tag-world-news","30":"tag-worldnews"},"share_on_mastodon":{"url":"https:\/\/pubeurope.com\/@no\/115743401267113400","error":""},"_links":{"self":[{"href":"https:\/\/www.europesays.com\/no\/wp-json\/wp\/v2\/posts\/117005","targetHints":{"allow":["GET"]}}],"collection":[{"href":"https:\/\/www.europesays.com\/no\/wp-json\/wp\/v2\/posts"}],"about":[{"href":"https:\/\/www.europesays.com\/no\/wp-json\/wp\/v2\/types\/post"}],"author":[{"embeddable":true,"href":"https:\/\/www.europesays.com\/no\/wp-json\/wp\/v2\/users\/2"}],"replies":[{"embeddable":true,"href":"https:\/\/www.europesays.com\/no\/wp-json\/wp\/v2\/comments?post=117005"}],"version-history":[{"count":0,"href":"https:\/\/www.europesays.com\/no\/wp-json\/wp\/v2\/posts\/117005\/revisions"}],"wp:featuredmedia":[{"embeddable":true,"href":"https:\/\/www.europesays.com\/no\/wp-json\/wp\/v2\/media\/117006"}],"wp:attachment":[{"href":"https:\/\/www.europesays.com\/no\/wp-json\/wp\/v2\/media?parent=117005"}],"wp:term":[{"taxonomy":"category","embeddable":true,"href":"https:\/\/www.europesays.com\/no\/wp-json\/wp\/v2\/categories?post=117005"},{"taxonomy":"post_tag","embeddable":true,"href":"https:\/\/www.europesays.com\/no\/wp-json\/wp\/v2\/tags?post=117005"}],"curies":[{"name":"wp","href":"https:\/\/api.w.org\/{rel}","templated":true}]}}