{"id":117041,"date":"2025-12-19T02:07:13","date_gmt":"2025-12-19T02:07:13","guid":{"rendered":"https:\/\/www.europesays.com\/no\/117041\/"},"modified":"2025-12-19T02:07:13","modified_gmt":"2025-12-19T02:07:13","slug":"masseskyting-knyttes-til-professordrap","status":"publish","type":"post","link":"https:\/\/www.europesays.com\/no\/117041\/","title":{"rendered":"Masseskyting knyttes til professordrap"},"content":{"rendered":"<p>    Kort fortalt<\/p>\n<ul lang=\"nb-NO\">\n<li>To personer ble drept og ni skadd i en masseskyting p\u00e5 Brown University i Rhode Island.<\/li>\n<li>Politiet mistenker en forbindelse til drapet p\u00e5 MIT-professor Nuno F.G. Loureiro i Boston to dager seinere. De mener ogs\u00e5 at de har identiteten til en mistenkt.<\/li>\n<li>Gjerningspersonen er fortsatt p\u00e5 frifot, og politiet har bedt om hjelp fra publikum.<\/li>\n<li>Det er sjelden at gjerningspersoner unng\u00e5r p\u00e5gripelse etter slike angrep.<\/li>\n<\/ul>\n<p class=\"italic ai-disclaimer\" data-lab-italic=\"italic\">Sammendraget er laget av ChatGPT og godkjent av Dagbladet.<\/p>\n<p>      Vis mer<br \/>\n      Vis mindre<\/p>\n<p>NEW YORK (Dagbladet): To personer ble drept og ni skadd i masseskytingen p\u00e5 eliteuniversitetet i Rhode Island forrige helg. Gjerningspersonen er fortsatt p\u00e5 frifot og n\u00e5 melder flere medier, blant annet <a href=\"https:\/\/www.cnn.com\/us\/live-news\/brown-university-shooting-suspect-12-18-25\" rel=\"nofollow noopener\" target=\"_blank\">CNN<\/a>, <a href=\"https:\/\/www.reuters.com\/world\/us\/police-probe-links-between-brown-university-shooting-killing-mit-professor-2025-12-18\/\" rel=\"nofollow noopener\" target=\"_blank\">Reuters<\/a> og <a href=\"https:\/\/apnews.com\/article\/brown-university-shooting-investigation-5b0b254442dd77d9056111bad902de33\" rel=\"nofollow noopener\" target=\"_blank\">AP<\/a> at politiet mistenker en forbindelse til et annet drap to dager seinere p\u00e5 en MIT-professor.\u00a0<\/p>\n<p class=\"font-weight-bold m-font-weight-bold\" data-lab-font_weight=\"font-weight-bold\">De mener ogs\u00e5 at de har identiteten til den antatte gjerningspersonen.<\/p>\n<p>    <a itemprop=\"url\" href=\"https:\/\/www.dagbladet.no\/nyheter\/overlevde-enda-en-masseskyting\/83983729\" rel=\"nofollow noopener\" target=\"_blank\"><\/p>\n<p>        <img loading=\"lazy\" decoding=\"async\" src=\"https:\/\/www.europesays.com\/no\/wp-content\/uploads\/2025\/12\/83983733.webp\" width=\"980\" height=\"441\" title=\"Overlevde enda en masseskyting\" alt=\"\" class=\"lazyload\" style=\"--aspect-ratio-image: 2.22; \"\/><\/p>\n<p>        Overlevde enda en masseskyting<\/p>\n<p>    <\/a><\/p>\n<p>\u00c5tte mil unna\t<\/p>\n<p>Masseskytingen rystet Brown University forrige l\u00f8rdag. Gjerningsmannen stormet inn i et klasserom i bygningen som huser ingeni\u00f8rstudenter og begynte \u00e5 skyte. Deretter kom han seg unna til fots.<\/p>\n<p>        <img loading=\"lazy\" decoding=\"async\" src=\"https:\/\/www.europesays.com\/no\/wp-content\/uploads\/2025\/12\/83981655.webp\" width=\"980\" height=\"559\" title=\"MISTENKT: Politiet mistenker at personen p\u00e5 dette overv\u00e5kingsbildet st\u00e5r bak masseskytingen p\u00e5 Brown University forrige helg. Foto: NTB\" alt=\"\" class=\"\" style=\"--aspect-ratio-image: 1.75; \"\/><\/p>\n<p>\n        MISTENKT: Politiet mistenker at personen p\u00e5 dette overv\u00e5kingsbildet st\u00e5r bak masseskytingen p\u00e5 Brown University forrige helg. Foto: NTB\n    <\/p>\n<p class=\"font-weight-bold m-font-weight-bold\" data-lab-font_weight=\"font-weight-bold\">Mandag kveld ble professor Nuno F.G. Loureiro (47) skutt og drept i sitt eget hjem i Boston-forstaden Brookline. Det er om lag \u00e5tte mil nord for Brown University. Loureiro underviste i fysikk ved et annet prestisjeuniversitet, Massachusetts Institute of Technology (MIT).<\/p>\n<p>Tidligere har FBI opplyst at de ikke kjente til noen forbindelse mellom de to sakene.<\/p>\n<p>Det er snart ei uke siden skytingen p\u00e5 Brown og frustrasjonen og frykten har vokst i Providence i Rhode Island ettersom gjerningspersonen enn\u00e5 ikke er tatt. Politiet har ikke en gang klart \u00e5 frambringe et bilde av ansiktet til vedkommende, skriver AP.\u00a0<\/p>\n<p class=\"font-weight-bold m-font-weight-bold\" data-lab-font_weight=\"font-weight-bold\">Politiet p\u00e5grep f\u00f8rst en mann dagen etter skytingen p\u00e5 universitetet. Han ble imidlertid l\u00f8slatt seinere samme dag.\u00a0<\/p>\n<p>Politiet har siden saumfart omr\u00e5det p\u00e5 jakt etter spor. De har ogs\u00e5 bedt publikum om hjelp ved \u00e5 se om de har bilder eller videoopptak som kan vise noe fra omr\u00e5dene rundt \u00e5stedet i uka f\u00f8r angrepet, skriver Reuters.\u00a0<\/p>\n<p>    <a itemprop=\"url\" href=\"https:\/\/www.dagbladet.no\/nyheter\/si-det-til-datteren-min\/83981607\" rel=\"nofollow noopener\" target=\"_blank\"><\/p>\n<p>        <img loading=\"lazy\" decoding=\"async\" src=\"https:\/\/www.europesays.com\/no\/wp-content\/uploads\/2025\/12\/1766110033_180_83981621.webp\" width=\"980\" height=\"441\" title=\"- Si det til datteren min\" alt=\"\" class=\"lazyload\" style=\"--aspect-ratio-image: 2.22; \"\/><\/p>\n<p>        &#8211; Si det til datteren min<\/p>\n<p>    <\/a><\/p>\n<p>Politiet har ogs\u00e5 offentliggjort flere videoer fra tida f\u00f8r og etter angrepet med en person de mener er av interesse. Vedkommende er imidlertid maskert i alle opptakene.\u00a0\u00a0<\/p>\n<p>Sv\u00e6rt sjelden\t<\/p>\n<p>Det er sv\u00e6rt sjelden at gjerningspersoner klarer \u00e5 komme seg unna etter masseskytinger som dette.\u00a0<\/p>\n<p class=\"font-weight-bold m-font-weight-bold\" data-lab-font_weight=\"font-weight-bold\">&#8211; I slike m\u00e5lrettede og sv\u00e6rt offentlige angrep tar skytteren vanligvis enten sitt eget liv eller vedkommende blir drept eller arrestert av politiet, sier den pensjonerte FBI-agenten og ekspert p\u00e5 masseskytinger, Katherine Schweit, if\u00f8lge AP.\u00a0<\/p>\n<p>Etter bombingen av Boston Marathon i 2013 tok det etterforskerne fire dager \u00e5 finne de to br\u00f8drene som sto bak. Etter at Charlie Kirk ble drept tidligere i \u00e5r meldte gjerningspersonen seg selv for politiet halvannen dag etter skytingen p\u00e5 Utah Valley University.\u00a0<\/p>\n<p>I fjor ble Luigi Mangione p\u00e5grepet etter fem dager med en massiv politijakt da toppsjefen for helseforsikringsselskapet United Healthcare, Brian Thompson, ble skutt og drept p\u00e5 gata i New York.\u00a0<\/p>\n","protected":false},"excerpt":{"rendered":"Kort fortalt To personer ble drept og ni skadd i en masseskyting p\u00e5 Brown University i Rhode Island.&hellip;\n","protected":false},"author":2,"featured_media":765,"comment_status":"","ping_status":"","sticky":false,"template":"","format":"standard","meta":{"footnotes":""},"categories":[12],"tags":[20,21,24,25,15,22,23,13,30,28,29,14,16,26,27,412,42,43,44,45],"class_list":{"0":"post-117041","1":"post","2":"type-post","3":"status-publish","4":"format-standard","5":"has-post-thumbnail","7":"category-verden","8":"tag-breaking-news","9":"tag-breakingnews","10":"tag-featured-news","11":"tag-featurednews","12":"tag-headlines","13":"tag-latest-news","14":"tag-latestnews","15":"tag-news","16":"tag-no","17":"tag-norge","18":"tag-norway","19":"tag-nyheter","20":"tag-overskrifter","21":"tag-top-stories","22":"tag-topstories","23":"tag-utenriks","24":"tag-verden","25":"tag-world","26":"tag-world-news","27":"tag-worldnews"},"share_on_mastodon":{"url":"https:\/\/pubeurope.com\/@no\/115743794682632900","error":""},"_links":{"self":[{"href":"https:\/\/www.europesays.com\/no\/wp-json\/wp\/v2\/posts\/117041","targetHints":{"allow":["GET"]}}],"collection":[{"href":"https:\/\/www.europesays.com\/no\/wp-json\/wp\/v2\/posts"}],"about":[{"href":"https:\/\/www.europesays.com\/no\/wp-json\/wp\/v2\/types\/post"}],"author":[{"embeddable":true,"href":"https:\/\/www.europesays.com\/no\/wp-json\/wp\/v2\/users\/2"}],"replies":[{"embeddable":true,"href":"https:\/\/www.europesays.com\/no\/wp-json\/wp\/v2\/comments?post=117041"}],"version-history":[{"count":0,"href":"https:\/\/www.europesays.com\/no\/wp-json\/wp\/v2\/posts\/117041\/revisions"}],"wp:featuredmedia":[{"embeddable":true,"href":"https:\/\/www.europesays.com\/no\/wp-json\/wp\/v2\/media\/765"}],"wp:attachment":[{"href":"https:\/\/www.europesays.com\/no\/wp-json\/wp\/v2\/media?parent=117041"}],"wp:term":[{"taxonomy":"category","embeddable":true,"href":"https:\/\/www.europesays.com\/no\/wp-json\/wp\/v2\/categories?post=117041"},{"taxonomy":"post_tag","embeddable":true,"href":"https:\/\/www.europesays.com\/no\/wp-json\/wp\/v2\/tags?post=117041"}],"curies":[{"name":"wp","href":"https:\/\/api.w.org\/{rel}","templated":true}]}}