{"id":117045,"date":"2025-12-19T02:37:11","date_gmt":"2025-12-19T02:37:11","guid":{"rendered":"https:\/\/www.europesays.com\/no\/117045\/"},"modified":"2025-12-19T02:37:11","modified_gmt":"2025-12-19T02:37:11","slug":"helse-nord-skal-kutte-men-vet-ikke-hvor-nrk-troms-og-finnmark","status":"publish","type":"post","link":"https:\/\/www.europesays.com\/no\/117045\/","title":{"rendered":"Helse Nord skal kutte \u2013 men vet ikke hvor \u2013 NRK Troms og Finnmark"},"content":{"rendered":"<p><strong>\u2013 Vi er redd for at de kuttene vil ramme oss p\u00e5 \u00abgulvet\u00bb.<\/strong><\/p>\n<p>Det sier sykepleier ved Nordlandssykehuset i Stokmarknes, Vidar Pedersen.<\/p>\n<p>Han er blant de som frykter at n\u00e5r Helse Nord skal kutte 8,6 millioner i \u00abuspesifiserte kutt\u00bb, s\u00e5 vil det g\u00e5 utover pasientbehandlingen.<\/p>\n<p>\u2013 N\u00e5r de skal spare over 8 millioner, og ikke helt vet hvor de skal kutte, s\u00e5 er vi redd for at det vil g\u00e5 utover sykehusdriften.<\/p>\n<p>Sykepleieren mener derimot det er bra at ledelsen fors\u00f8ker \u00e5 spare penger.<\/p>\n<p><img decoding=\"async\"   src=\"data:image\/gif;base64,R0lGODlhAQABAIAAAAAAAP\/\/\/yH5BAEAAAAALAAAAAABAAEAAAIBRAA7\" loading=\"eager\" alt=\"en mann som st\u00e5r i en gang\" title=\"Foto: Ine-Sofie Bruhaug \/ NRK\"\/><\/p>\n<p class=\"\">Sykepleier ved Nordlandssykehuset i Stokmarknes, Vidar Pedersen.<\/p>\n<p>Foto: Ine-Sofie Bruhaug \/ NRK<\/p>\n<p>Skal effektivisere administrasjonen<\/p>\n<p>Helse Nord hadde torsdag styrem\u00f8te i Troms\u00f8, hvor de diskuterte neste \u00e5rs budsjett.<\/p>\n<p>Totalt skal 13,6 millioner kroner kuttes gjennom effektivisering av administrative kostnader.<\/p>\n<p>De foretakstillitsvalgte (FTV) uttrykte p\u00e5 forh\u00e5nd forvirring over Helse Nords oppdrag om \u00e5 kutte i administrative tjenester, samtidig som budsjettet viser \u00f8kning i andre omr\u00e5der.<\/p>\n<p><strong>Administrerende direkt\u00f8rs disposisjonskonto skal \u00f8kes til 5 millioner kroner, mens 8,6 millioner kroner skal kuttes i uspesifiserte kostnader.<\/strong><\/p>\n<p>Administrerende direkt\u00f8r i Helse Nord, Marit Lind, sier at det uspesifiserte kuttet er knyttet til \u00e5 redusere administrative kostnader.<\/p>\n<p>\u2013 8,6 av de millionene har vi ikke funnet ut hvor vi skal hente, sier Lind til NRK.<\/p>\n<p>\u2013 Vi har gjort en kompetansekartlegging i det regionale helseforetaket, og n\u00e5 skal vi g\u00e5 igjennom alle oppgavene vi har og se hva vi skal nedprioritere.<\/p>\n<p>Hun sier ogs\u00e5 at sykehusene skal skjermes, ved at kuttene vil bli lagt til de regionale helseforetakene.<\/p>\n<p><img decoding=\"async\"   src=\"data:image\/gif;base64,R0lGODlhAQABAIAAAAAAAP\/\/\/yH5BAEAAAAALAAAAAABAAEAAAIBRAA7\" loading=\"eager\" alt=\"Marit Lind, direkt\u00f8r i Helse Nord, under styrem\u00f8te i Karasjok\" title=\"Foto: Andr\u00e9 Bendixen \/ NRK\"\/><\/p>\n<p class=\"\">Administrerende direkt\u00f8r i Helse Nord, Marit Lind.<\/p>\n<p>Foto: Andr\u00e9 Bendixen \/ NRK<\/p>\n<p>Publisert<\/p>\n<p>18.12.2025, kl. 19.05<\/p>\n","protected":false},"excerpt":{"rendered":"\u2013 Vi er redd for at de kuttene vil ramme oss p\u00e5 \u00abgulvet\u00bb. Det sier sykepleier ved Nordlandssykehuset&hellip;\n","protected":false},"author":2,"featured_media":117046,"comment_status":"","ping_status":"","sticky":false,"template":"","format":"standard","meta":{"footnotes":""},"categories":[5],"tags":[20,21,24,25,15,19,22,23,17,18,13,30,28,29,14,16,26,27],"class_list":{"0":"post-117045","1":"post","2":"type-post","3":"status-publish","4":"format-standard","5":"has-post-thumbnail","7":"category-overskrifter","8":"tag-breaking-news","9":"tag-breakingnews","10":"tag-featured-news","11":"tag-featurednews","12":"tag-headlines","13":"tag-hovedoppslag","14":"tag-latest-news","15":"tag-latestnews","16":"tag-main-news","17":"tag-mainnews","18":"tag-news","19":"tag-no","20":"tag-norge","21":"tag-norway","22":"tag-nyheter","23":"tag-overskrifter","24":"tag-top-stories","25":"tag-topstories"},"share_on_mastodon":{"url":"https:\/\/pubeurope.com\/@no\/115743912309446559","error":""},"_links":{"self":[{"href":"https:\/\/www.europesays.com\/no\/wp-json\/wp\/v2\/posts\/117045","targetHints":{"allow":["GET"]}}],"collection":[{"href":"https:\/\/www.europesays.com\/no\/wp-json\/wp\/v2\/posts"}],"about":[{"href":"https:\/\/www.europesays.com\/no\/wp-json\/wp\/v2\/types\/post"}],"author":[{"embeddable":true,"href":"https:\/\/www.europesays.com\/no\/wp-json\/wp\/v2\/users\/2"}],"replies":[{"embeddable":true,"href":"https:\/\/www.europesays.com\/no\/wp-json\/wp\/v2\/comments?post=117045"}],"version-history":[{"count":0,"href":"https:\/\/www.europesays.com\/no\/wp-json\/wp\/v2\/posts\/117045\/revisions"}],"wp:featuredmedia":[{"embeddable":true,"href":"https:\/\/www.europesays.com\/no\/wp-json\/wp\/v2\/media\/117046"}],"wp:attachment":[{"href":"https:\/\/www.europesays.com\/no\/wp-json\/wp\/v2\/media?parent=117045"}],"wp:term":[{"taxonomy":"category","embeddable":true,"href":"https:\/\/www.europesays.com\/no\/wp-json\/wp\/v2\/categories?post=117045"},{"taxonomy":"post_tag","embeddable":true,"href":"https:\/\/www.europesays.com\/no\/wp-json\/wp\/v2\/tags?post=117045"}],"curies":[{"name":"wp","href":"https:\/\/api.w.org\/{rel}","templated":true}]}}