{"id":117051,"date":"2025-12-19T02:56:13","date_gmt":"2025-12-19T02:56:13","guid":{"rendered":"https:\/\/www.europesays.com\/no\/117051\/"},"modified":"2025-12-19T02:56:13","modified_gmt":"2025-12-19T02:56:13","slug":"eu-stotter-ukraina-med-lan-pa-over-1000-milliarder-kroner","status":"publish","type":"post","link":"https:\/\/www.europesays.com\/no\/117051\/","title":{"rendered":"EU st\u00f8tter Ukraina med l\u00e5n p\u00e5 over 1000 milliarder kroner"},"content":{"rendered":"\n<p class=\"_paragraph_o9xde_4 _paragraph_xtcu6_10 layout-component text-serif-m layout-normal text-serif-m layout-padded\">Presidenten i Det europeiske r\u00e5d, Antonio Costa, melder p\u00e5 X natt til fredag at de har landet en avtale for en ny st\u00f8ttepakke til Ukraina. Forhandlingene i Brussel varte i 15 timer. <\/p>\n<p class=\"_paragraph_o9xde_4 _paragraph_xtcu6_10 layout-component text-serif-m layout-normal text-serif-m layout-padded\">\u2013 Vi har en avtale. Det er besluttet \u00e5 st\u00f8tte Ukraina med 90 milliarder euro for 2026\/2027, skriver Costa.<\/p>\n<p class=\"_paragraph_o9xde_4 _paragraph_xtcu6_10 layout-component text-serif-m layout-normal text-serif-m layout-padded\">Det tilsvarer over 1000 milliarder kroner.<\/p>\n<p class=\"_paragraph_o9xde_4 _paragraph_xtcu6_10 layout-component text-serif-m layout-normal text-serif-m layout-padded\">St\u00f8tten kommer i form av et rentefritt l\u00e5n, opplyser Tysklands forbundskansler Friedrich Merz. Det skriver Reuters. Vedtaket var if\u00f8lge ham enstemmig.<\/p>\n<p class=\"_paragraph_o9xde_4 _paragraph_xtcu6_10 layout-component text-serif-m layout-normal text-serif-m layout-padded\">\u2013 Denne st\u00f8tten er tilstrekkelig for \u00e5 dekke milit\u00e6re og budsjettmessige behov de neste to \u00e5rene, sier han i en uttalelse.<\/p>\n<p class=\"_paragraph_o9xde_4 _paragraph_xtcu6_10 layout-component text-serif-m layout-normal text-serif-m layout-padded\">Merz sier ogs\u00e5 at EU skal beholde de fryste russiske midlene frem til Russland har kompensert Ukraina for krigen.<\/p>\n<p class=\"_paragraph_o9xde_4 _paragraph_xtcu6_10 layout-component text-serif-m layout-normal text-serif-m layout-padded\">\u2013 Ukraina m\u00e5 bare betale tilbake dette l\u00e5net n\u00e5r landet har mottatt kompensasjon, sier Merz.<\/p>\n<p class=\"_paragraph_o9xde_4 _paragraph_xtcu6_10 layout-component text-serif-m layout-normal text-serif-m layout-padded\">Han legger til at de forbeholder seg retten til \u00e5 bruke de fryste russiske midlene til \u00e5 dekke tilbakebetalingen, dersom Russland ikke betaler kompensasjon til Ukraina. Merz sier at dette er i tr\u00e5d med Folkeretten.<\/p>\n<p>Trenger penger<\/p>\n<p class=\"_paragraph_o9xde_4 _paragraph_xtcu6_10 layout-component text-serif-m layout-normal text-serif-m layout-padded\">P\u00e5 bordet l\u00e5 to alternativer:<\/p>\n<ul class=\"_list_o9xde_3 _list_xtcu6_9 _unordered_o9xde_106 layout-component text-serif-m layout-normal text-serif-m layout-padded\">\n<li class=\"_item_o9xde_30\">\u00c5 bruke russiske midler som ligger fryst i europeiske banker, i alt 210 milliarder euro, i et s\u00e5kalt reparasjonsl\u00e5n til Ukraina \u2013 i praksis et forskudd p\u00e5 en antatt krigserstatning fra Russland.<\/li>\n<li class=\"_item_o9xde_30\">\u00c5 ta opp et felles EU-l\u00e5n.<\/li>\n<\/ul>\n<p><img alt=\"Ukraina trenger penger b\u00e5de til forsvar og gjenoppbygging.  Foto: IVAN SAMOILOV \/ AFP \/ NTB\" class=\"_image_qp4xg_65 layout-component layout-normal\" data-fullscreen- data-track-element-type=\"Article image fullscreen\" data-track-name=\"ImageFullscreen\" decoding=\"async\" loading=\"lazy\" height=\"4545\" itemprop=\"image\"  src=\"https:\/\/www.europesays.com\/no\/wp-content\/uploads\/2025\/12\/cd196d40-ee37-4629-95e5-6550fbd17ad6\"  style=\"object-position:0% 0%\" width=\"6817\"\/>Ukraina trenger penger b\u00e5de til forsvar og gjenoppbygging.  Foto: IVAN SAMOILOV \/ AFP \/ NTB<\/p>\n<p class=\"_paragraph_o9xde_4 _paragraph_xtcu6_10 layout-component text-serif-m layout-normal text-serif-m layout-padded\">De fleste EU-landene var for \u00e5 bruke de fryste midlene, men noen var sterkt imot. Deriblant Ungarn og Belgia, der mesteparten av pengene befinner seg. <\/p>\n<p class=\"_paragraph_o9xde_4 _paragraph_xtcu6_10 layout-component text-serif-m layout-normal text-serif-m layout-padded\">\u2013 F\u00e5r ikke Ukraina penger de kan bruke til eget forsvar, har de ikke noe land \u00e5 bygge opp, sier Tom R\u00f8seth, hovedl\u00e6rer ved Forsvarets h\u00f8gskole og ekspert p\u00e5 <a href=\"https:\/\/www.vg.no\/tag\/invasjonen-av-ukraina?utm_source=vg-article&amp;utm_medium=auto-tagger&amp;utm_campaign=6qnpbL\" class=\"_link_o9xde_39\" rel=\"nofollow noopener\" target=\"_blank\">krigen i Ukraina<\/a>.<\/p>\n<p class=\"_paragraph_o9xde_4 _paragraph_xtcu6_10 layout-component text-serif-m layout-normal text-serif-m layout-padded\">Ukrainas president tok selv turen til Brussel torsdag <a href=\"https:\/\/www.vg.no\/nyheter\/i\/Ar28kr\/zelenskyj-med-boenn-til-eu-vi-kjemper-for-vaart-liv\" data-track-element-type=\"Link\" data-track-id=\"link:Ar28kr\" class=\"_link_o9xde_39\" rel=\"nofollow noopener\" target=\"_blank\">for \u00e5 b\u00f8nnfalle EU: <\/a><\/p>\n<p class=\"_paragraph_o9xde_4 _paragraph_xtcu6_10 layout-component text-serif-m layout-normal text-serif-m layout-padded\">\u2013 Vi kjemper for v\u00e5re liv. Velsigne, jeg h\u00e5per reparasjonsl\u00e5net blir en realitet, sa Zelenskyj p\u00e5 en fullstappet pressekonferanse p\u00e5 EU-toppm\u00f8tet.<\/p>\n<p><img alt=\"Zelenskyj tryglet EU-landene om \u00f8konomisk st\u00f8tte.   Foto: OLIVIER HOSLET \/ EPA \/ NTB\" class=\"_image_qp4xg_65 layout-component layout-normal\" data-fullscreen- data-track-element-type=\"Article image fullscreen\" data-track-name=\"ImageFullscreen\" decoding=\"async\" loading=\"lazy\" height=\"3659\" itemprop=\"image\"  src=\"https:\/\/www.europesays.com\/no\/wp-content\/uploads\/2025\/12\/4dce87e8-b37e-4a2d-9f22-a07e6c2b1801\"  style=\"object-position:0% 0%\" width=\"5922\"\/>Zelenskyj tryglet EU-landene om \u00f8konomisk st\u00f8tte.   Foto: OLIVIER HOSLET \/ EPA \/ NTB<\/p>\n<p class=\"_paragraph_o9xde_4 _paragraph_xtcu6_10 layout-component text-serif-m layout-normal text-serif-m layout-padded\">I en chattegruppe med journalister hvor ogs\u00e5 VG er med, utdyper han hva Ukraina trenger pengene til.<\/p>\n<p class=\"_paragraph_o9xde_4 _paragraph_xtcu6_10 layout-component text-serif-m layout-normal text-serif-m layout-padded\">Det er ikke bare til sivil gjenoppbygging etter krigen, men ogs\u00e5 til v\u00e5pen og milit\u00e6rt utstyr s\u00e5 lenge krigen p\u00e5g\u00e5r.<\/p>\n<p class=\"_paragraph_o9xde_4 _paragraph_xtcu6_10 layout-component text-serif-m layout-normal text-serif-m layout-padded\">\u2013 I dag snakker vi om reparasjonspenger ikke bare i betydningen gjenoppbygging. Dette er en krig, og vi trenger disse pengene for \u00e5 st\u00f8tte h\u00e6ren v\u00e5r og v\u00e5r forsvarsproduksjon, sier Zelenskyj.<\/p>\n<p>Politisk vilje<\/p>\n<p class=\"_paragraph_o9xde_4 _paragraph_xtcu6_10 layout-component text-serif-m layout-normal text-serif-m layout-padded\">Han knytter bruken av de frosne midlene direkte til Ukrainas evne til \u00e5 holde stand milit\u00e6rt \u2013 og dermed ogs\u00e5 til muligheten for en fremtidig fredsl\u00f8sning.<\/p>\n<p class=\"_paragraph_o9xde_4 _paragraph_xtcu6_10 layout-component text-serif-m layout-normal text-serif-m layout-padded\">\u2013 Hvis Ukraina ikke har stabile midler til v\u00e5pen, sosial st\u00f8tte og forsvar, blir vi svakere. Da blir Russland mer fristet til \u00e5 fortsette krigen, sier Zelenskyj.<\/p>\n<p class=\"_paragraph_o9xde_4 _paragraph_xtcu6_10 layout-component text-serif-m layout-normal text-serif-m layout-padded\"><strong class=\"_strong_o9xde_25\">Tom R\u00f8seth ved Forsvarets h\u00f8gskole deler Zelenkyjs syn. VG intervjuet ham f\u00f8r nattens vedtak. <\/strong><\/p>\n<p><img decoding=\"async\" alt=\"Bilde av Tom R\u00f8seth\" class=\"_image_ygndg_42\" height=\"53\" itemprop=\"image\" loading=\"lazy\"  src=\"https:\/\/www.europesays.com\/no\/wp-content\/uploads\/2025\/12\/5a7e32f0-4ffc-474d-b11b-574922011b2f\"  width=\"40\"\/><strong class=\"_name_ygndg_51 title-serif-xs\">Tom R\u00f8seth<\/strong><\/p>\n<p class=\"_paragraph_o9xde_4 text-sans-m _description_ygndg_56\">Hovedl\u00e6rer ved Forsvarets h\u00f8gskole<\/p>\n<p class=\"_paragraph_o9xde_4 _paragraph_xtcu6_10 layout-component text-serif-m layout-normal text-serif-m layout-padded\">\u2013 Hvis ikke Ukraina f\u00e5r penger fra de frosne russiske midlene \u2013 eller EU klarer \u00e5 hoste opp en annen form for \u00f8konomisk l\u00f8sning \u2013 vil landet g\u00e5 tom for penger i april.<\/p>\n<p class=\"_paragraph_o9xde_4 _paragraph_xtcu6_10 layout-component text-serif-m layout-normal text-serif-m layout-padded\">Hvis det ikke kommer inn penger til forsvar, og sivil forvaltning, vil Ukraina bli svakere, og det vil gj\u00f8re Russland sterkere.<\/p>\n<p class=\"_paragraph_o9xde_4 _paragraph_xtcu6_10 layout-component text-serif-m layout-normal text-serif-m layout-padded\">Ukraina trenger penger b\u00e5de til gjenoppbygning av eget land og til forsvar, sier R\u00f8seth.<\/p>\n<p>M\u00e5 holde russiske tropper tilbake<\/p>\n<p class=\"_paragraph_o9xde_4 _paragraph_xtcu6_10 layout-component text-serif-m layout-normal text-serif-m layout-padded\">Tore Wig, professor ved Institutt for Statsvitenskap p\u00e5 Universitetet i Oslo og ekspert p\u00e5 krig og konflikt, er helt klar:<\/p>\n<p><img decoding=\"async\" alt=\"Bilde av Tore Wig\" class=\"_image_ygndg_42\" height=\"38\" itemprop=\"image\" loading=\"lazy\"  src=\"https:\/\/www.europesays.com\/no\/wp-content\/uploads\/2025\/12\/b89b1607-ac93-4ef4-86e2-a82f73f888d5\"  width=\"40\"\/><strong class=\"_name_ygndg_51 title-serif-xs\">Tore Wig<\/strong><\/p>\n<p class=\"_paragraph_o9xde_4 text-sans-m _description_ygndg_56\">Professor ved Institutt for Statsvitenskap p\u00e5 UiO. <\/p>\n<p class=\"_paragraph_o9xde_4 _paragraph_xtcu6_10 layout-component text-serif-m layout-normal text-serif-m layout-padded\">\u2013 Det er lurt for Ukraina at Zelenskyj bruker disse pengene p\u00e5 forsvar, og det er lurt for Europa at han gj\u00f8r det. Det er helt avgj\u00f8rende at Ukraina klarer \u00e5 holde russiske tropper tilbake p\u00e5 slagmarken, sier han.<\/p>\n<p class=\"_paragraph_o9xde_4 _paragraph_xtcu6_10 layout-component text-serif-m layout-normal text-serif-m layout-padded\">At det er brudd p\u00e5 internasjonal rett \u00e5 bruke fryste midler som faktisk tilh\u00f8rer et annet land, har underordnet betydning i denne sammenhengen, mener Wig.<\/p>\n<p class=\"_paragraph_o9xde_4 _paragraph_xtcu6_10 layout-component text-serif-m layout-normal text-serif-m layout-padded\">\u2013 I denne krigen har Russland brutt internasjonal rett gjentatte ganger. Derfor er dette riktig tidspunkt for \u00e5 bruke russiske midler.<\/p>\n<p class=\"_paragraph_o9xde_4 _paragraph_xtcu6_10 layout-component text-serif-m layout-normal text-serif-m layout-padded\">\u2013 Kan eventuelle represalier fra Russland bli verre dersom pengene brukes til v\u00e5pen fremfor oppbygging av sivile form\u00e5l?<\/p>\n<p class=\"_paragraph_o9xde_4 _paragraph_xtcu6_10 layout-component text-serif-m layout-normal text-serif-m layout-padded\">\u2013 Det kan ikke skje noen sivil oppbygging i Ukraina dersom landet taper p\u00e5 slagmarken. Ukraina er n\u00e5 dessverre i den situasjonen at milit\u00e6r oppbygging m\u00e5 g\u00e5 foran alt mulig annet, ellers vil det ikke v\u00e6re noe sivilt samfunn \u00e5 bygge opp.<\/p>\n<p><img alt=\"Hvis ikke Ukraina f\u00e5r penger til forsvar vil det ikke v\u00e6re noe land \u00e5 bygge opp, if\u00f8lge norske eksperter.  Foto: Emilio Morenatti \/ AP \/ NTB\" class=\"_image_qp4xg_65 layout-component layout-normal\" data-fullscreen- data-track-element-type=\"Article image fullscreen\" data-track-name=\"ImageFullscreen\" decoding=\"async\" loading=\"lazy\" height=\"3333\" itemprop=\"image\"  src=\"https:\/\/www.europesays.com\/no\/wp-content\/uploads\/2025\/12\/07dd290f-f198-48b6-bb43-30e7da638fb6\"  style=\"object-position:0% 0%\" width=\"5000\"\/>Hvis ikke Ukraina f\u00e5r penger til forsvar vil det ikke v\u00e6re noe land \u00e5 bygge opp, if\u00f8lge norske eksperter.  Foto: Emilio Morenatti \/ AP \/ NTBV\u00e5pen eller gjenoppbygging<\/p>\n<p class=\"_paragraph_o9xde_4 _paragraph_xtcu6_10 layout-component text-serif-m layout-normal text-serif-m layout-padded\">I chattegruppen med journalistene sier Zelenskyj at midlene kan brukes p\u00e5 ulike m\u00e5ter, avhengig av om krigen fortsetter eller avsluttes.<\/p>\n<p class=\"_paragraph_o9xde_4 _paragraph_xtcu6_10 layout-component text-serif-m layout-normal text-serif-m layout-padded\">\u2013 Hvis krigen fortsetter, m\u00e5 pengene st\u00f8tte forsvaret. Hvis vi f\u00e5r en avtale som avslutter krigen, vil disse midlene g\u00e5 fullt og helt til gjenoppbygging, sier han.<\/p>\n<p>Omstridt pengebruk<\/p>\n<p class=\"_paragraph_o9xde_4 _paragraph_xtcu6_10 layout-component text-serif-m layout-normal text-serif-m layout-padded\">Sp\u00f8rsm\u00e5let om \u00e5 bruke fryste russiske midler har lenge v\u00e6rt juridisk og politisk omstridt i Europa. <\/p>\n<p class=\"_paragraph_o9xde_4 _paragraph_xtcu6_10 layout-component text-serif-m layout-normal text-serif-m layout-padded\">Flere EU-land <a href=\"https:\/\/www.vg.no\/nyheter\/i\/Ar28kr\/zelenskyj-med-boenn-til-eu-vi-kjemper-for-vaart-liv\" data-track-element-type=\"Link\" data-track-id=\"link:Ar28kr\" class=\"_link_o9xde_39\" rel=\"nofollow noopener\" target=\"_blank\">har uttrykt skepsis<\/a>, blant annet av hensyn til folkerett, eiendomsrett og faren for russiske represalier. <\/p>\n<p class=\"_paragraph_o9xde_4 _paragraph_xtcu6_10 layout-component text-serif-m layout-normal text-serif-m layout-padded\">Zelenskyj avviser ikke problemstillingene, men mener situasjonen krever ekstraordin\u00e6re grep. <\/p>\n<p class=\"_paragraph_o9xde_4 _paragraph_xtcu6_10 layout-component text-serif-m layout-normal text-serif-m layout-padded\">\u2013 Russland f\u00f8rer en fullskala krig. De m\u00e5 forst\u00e5 at \u00f8konomien deres ikke kan brukes til \u00e5 finansiere \u00f8deleggelsen av et annet land, sier han. <\/p>\n<p class=\"_paragraph_o9xde_4 _paragraph_xtcu6_10 layout-component text-serif-m layout-normal text-serif-m layout-padded\">Presidenten peker ogs\u00e5 p\u00e5 at vestlig st\u00f8tte ikke bare handler om Ukraina. <\/p>\n<p class=\"_paragraph_o9xde_4 _paragraph_xtcu6_10 layout-component text-serif-m layout-normal text-serif-m layout-padded\">\u2013 Dette er et signal til Russland om at Ukraina ikke vil falle. Ikke p\u00e5 grunn av mangel p\u00e5 v\u00e5pen, og ikke p\u00e5 grunn av mangel p\u00e5 penger, sier Zelenskyj.<\/p>\n<p class=\"_paragraph_o9xde_4 _paragraph_xtcu6_10 layout-component text-serif-m layout-normal text-serif-m layout-padded\">P\u00e5 dagens pressekonferanse i Brussel advarte han om at dersom Ukraina ikke f\u00e5r pengene, vil det friste Russlands president Putin til \u00e5 ta hele landet.<\/p>\n<p><img alt=\"\u00f8konomisk st\u00f8tte til Ukraina er tema p\u00e5 EU-toppm\u00f8tet i dag og i morgen  Foto: Virginia Mayo \/ AP\" class=\"_image_qp4xg_65 layout-component layout-normal\" data-fullscreen- data-track-element-type=\"Article image fullscreen\" data-track-name=\"ImageFullscreen\" decoding=\"async\" loading=\"lazy\" height=\"4486\" itemprop=\"image\"  src=\"https:\/\/www.europesays.com\/no\/wp-content\/uploads\/2025\/12\/dd6f2176-e2b1-481f-800a-0b5f6fbfe6f6\"  style=\"object-position:0% 0%\" width=\"6729\"\/>\u00f8konomisk st\u00f8tte til Ukraina er tema p\u00e5 EU-toppm\u00f8tet i dag og i morgen  Foto: Virginia Mayo \/ AP<\/p>\n<p class=\"_paragraph_o9xde_4 _paragraph_xtcu6_10 layout-component text-serif-m layout-normal text-serif-m layout-padded\">Tom R\u00f8seth ved Forsvarets h\u00f8gskole synes det blir helt feil \u00e5 basere europeisk politikk p\u00e5 russisk retorikk.<\/p>\n<p class=\"_paragraph_o9xde_4 _paragraph_xtcu6_10 layout-component text-serif-m layout-normal text-serif-m layout-padded\">\u2013 Den russiske retorikken er maksimalistisk og fors\u00f8ker \u00e5 avskrekke oss fra ting vi b\u00f8r gj\u00f8re. N\u00e5r de n\u00e5 \u00f8ver press p\u00e5 enkeltstater, s\u00e5 er det akkurat slik vi kjenner den gjengse russiske p\u00e5virkningsstrategien, sier han.<\/p>\n<p class=\"_paragraph_o9xde_4 _paragraph_xtcu6_10 layout-component text-serif-m layout-normal text-serif-m layout-padded\">R\u00f8seth tror ikke at eventuelle represalier fra Russland blir verre dersom frosne russiske midler brukes til ukrainske v\u00e5pen, enn om de brukes til gjenoppbygging av landet.<\/p>\n<p class=\"_paragraph_o9xde_4 _paragraph_xtcu6_10 layout-component text-serif-m layout-normal text-serif-m layout-padded\">I likhet med professor Tore Wig mener han det aller viktigste n\u00e5 er at Ukraina f\u00e5r penger som kan brukes til eget forsvar:<\/p>\n<p class=\"_paragraph_o9xde_4 _paragraph_xtcu6_10 layout-component text-serif-m layout-normal text-serif-m layout-padded\">\u2013 F\u00e5r de ikke det, har de ikke noe land \u00e5 bygge opp, sier R\u00f8seth.<\/p>\n","protected":false},"excerpt":{"rendered":"Presidenten i Det europeiske r\u00e5d, Antonio Costa, melder p\u00e5 X natt til fredag at de har landet en&hellip;\n","protected":false},"author":2,"featured_media":117052,"comment_status":"","ping_status":"","sticky":false,"template":"","format":"standard","meta":{"footnotes":""},"categories":[12],"tags":[20,21,279,24,25,15,179,22,23,13,30,28,29,14,16,188,26,27,42,43,44,45],"class_list":{"0":"post-117051","1":"post","2":"type-post","3":"status-publish","4":"format-standard","5":"has-post-thumbnail","7":"category-verden","8":"tag-breaking-news","9":"tag-breakingnews","10":"tag-eu","11":"tag-featured-news","12":"tag-featurednews","13":"tag-headlines","14":"tag-krigen-i-ukraina","15":"tag-latest-news","16":"tag-latestnews","17":"tag-news","18":"tag-no","19":"tag-norge","20":"tag-norway","21":"tag-nyheter","22":"tag-overskrifter","23":"tag-russland","24":"tag-top-stories","25":"tag-topstories","26":"tag-verden","27":"tag-world","28":"tag-world-news","29":"tag-worldnews"},"share_on_mastodon":{"url":"https:\/\/pubeurope.com\/@no\/115743987326120548","error":""},"_links":{"self":[{"href":"https:\/\/www.europesays.com\/no\/wp-json\/wp\/v2\/posts\/117051","targetHints":{"allow":["GET"]}}],"collection":[{"href":"https:\/\/www.europesays.com\/no\/wp-json\/wp\/v2\/posts"}],"about":[{"href":"https:\/\/www.europesays.com\/no\/wp-json\/wp\/v2\/types\/post"}],"author":[{"embeddable":true,"href":"https:\/\/www.europesays.com\/no\/wp-json\/wp\/v2\/users\/2"}],"replies":[{"embeddable":true,"href":"https:\/\/www.europesays.com\/no\/wp-json\/wp\/v2\/comments?post=117051"}],"version-history":[{"count":0,"href":"https:\/\/www.europesays.com\/no\/wp-json\/wp\/v2\/posts\/117051\/revisions"}],"wp:featuredmedia":[{"embeddable":true,"href":"https:\/\/www.europesays.com\/no\/wp-json\/wp\/v2\/media\/117052"}],"wp:attachment":[{"href":"https:\/\/www.europesays.com\/no\/wp-json\/wp\/v2\/media?parent=117051"}],"wp:term":[{"taxonomy":"category","embeddable":true,"href":"https:\/\/www.europesays.com\/no\/wp-json\/wp\/v2\/categories?post=117051"},{"taxonomy":"post_tag","embeddable":true,"href":"https:\/\/www.europesays.com\/no\/wp-json\/wp\/v2\/tags?post=117051"}],"curies":[{"name":"wp","href":"https:\/\/api.w.org\/{rel}","templated":true}]}}