{"id":117053,"date":"2025-12-19T03:03:08","date_gmt":"2025-12-19T03:03:08","guid":{"rendered":"https:\/\/www.europesays.com\/no\/117053\/"},"modified":"2025-12-19T03:03:08","modified_gmt":"2025-12-19T03:03:08","slug":"eu-landene-er-enige-om-lan-pa-90-milliarder-euro-til-ukraina-siste-nytt-nrk","status":"publish","type":"post","link":"https:\/\/www.europesays.com\/no\/117053\/","title":{"rendered":"EU-landene er enige om l\u00e5n p\u00e5 90 milliarder euro til Ukraina \u2013 Siste nytt \u2013\u00a0NRK"},"content":{"rendered":"<p>Det bekrefter EU-president Antonio Costa.<\/p>\n<p>\u2013 Vedtak om \u00e5 gi 90 milliarder euro i st\u00f8tte til Ukraina for 2026\u20132027 er godkjent, skriver Costa p\u00e5<a href=\"https:\/\/x.com\/eucopresident\/status\/2001833884024213533\" ec-id=\"https:\/\/x.com\/eucopresident\/status\/2001833884024213533\" ec-name=\"X.\" rel=\"nofollow\"> X.<\/a><\/p>\n<p>\u2013 Vi forpliktet oss \u2013 og vi leverte, avslutter han like f\u00f8r klokken 03.00 natt til fredag.<\/p>\n<p>Like etter uttalte Tysklands forbundskansler Friedrich Merz seg. Han sier at l\u00e5net \u00abet klart signal\u00bb til Russlands president Vladimir Putin.<\/p>\n<p>EU-landene har samlet seg for \u00e5 diskutere st\u00f8tte til Ukraina, som er i ferd med \u00e5 g\u00e5 tom for penger.<\/p>\n<p>Forslaget om \u00e5 bruke fryste russiske midler m\u00f8tte sterk motstand fra blant annet Belgia, der mesteparten av de russiske pengene befinner seg.<\/p>\n<p>Det andre forslaget gikk ut p\u00e5 \u00e5 gi Ukraina et l\u00e5n p\u00e5 90 milliarder euro (1071 milliarder kroner).<\/p>\n<p>Dette er et l\u00e5n som Ukraina ikke trenger \u00e5 betale tilbake f\u00f8r de har mottatt russisk kompensasjon for krigen, if\u00f8lge Merz.<\/p>\n","protected":false},"excerpt":{"rendered":"Det bekrefter EU-president Antonio Costa. \u2013 Vedtak om \u00e5 gi 90 milliarder euro i st\u00f8tte til Ukraina for&hellip;\n","protected":false},"author":2,"featured_media":62464,"comment_status":"","ping_status":"","sticky":false,"template":"","format":"standard","meta":{"footnotes":""},"categories":[12],"tags":[20,21,24,25,15,22,23,13,30,28,29,14,16,26,27,42,43,44,45],"class_list":{"0":"post-117053","1":"post","2":"type-post","3":"status-publish","4":"format-standard","5":"has-post-thumbnail","7":"category-verden","8":"tag-breaking-news","9":"tag-breakingnews","10":"tag-featured-news","11":"tag-featurednews","12":"tag-headlines","13":"tag-latest-news","14":"tag-latestnews","15":"tag-news","16":"tag-no","17":"tag-norge","18":"tag-norway","19":"tag-nyheter","20":"tag-overskrifter","21":"tag-top-stories","22":"tag-topstories","23":"tag-verden","24":"tag-world","25":"tag-world-news","26":"tag-worldnews"},"share_on_mastodon":{"url":"https:\/\/pubeurope.com\/@no\/115744014516894332","error":""},"_links":{"self":[{"href":"https:\/\/www.europesays.com\/no\/wp-json\/wp\/v2\/posts\/117053","targetHints":{"allow":["GET"]}}],"collection":[{"href":"https:\/\/www.europesays.com\/no\/wp-json\/wp\/v2\/posts"}],"about":[{"href":"https:\/\/www.europesays.com\/no\/wp-json\/wp\/v2\/types\/post"}],"author":[{"embeddable":true,"href":"https:\/\/www.europesays.com\/no\/wp-json\/wp\/v2\/users\/2"}],"replies":[{"embeddable":true,"href":"https:\/\/www.europesays.com\/no\/wp-json\/wp\/v2\/comments?post=117053"}],"version-history":[{"count":0,"href":"https:\/\/www.europesays.com\/no\/wp-json\/wp\/v2\/posts\/117053\/revisions"}],"wp:featuredmedia":[{"embeddable":true,"href":"https:\/\/www.europesays.com\/no\/wp-json\/wp\/v2\/media\/62464"}],"wp:attachment":[{"href":"https:\/\/www.europesays.com\/no\/wp-json\/wp\/v2\/media?parent=117053"}],"wp:term":[{"taxonomy":"category","embeddable":true,"href":"https:\/\/www.europesays.com\/no\/wp-json\/wp\/v2\/categories?post=117053"},{"taxonomy":"post_tag","embeddable":true,"href":"https:\/\/www.europesays.com\/no\/wp-json\/wp\/v2\/tags?post=117053"}],"curies":[{"name":"wp","href":"https:\/\/api.w.org\/{rel}","templated":true}]}}