{"id":117056,"date":"2025-12-19T03:22:11","date_gmt":"2025-12-19T03:22:11","guid":{"rendered":"https:\/\/www.europesays.com\/no\/117056\/"},"modified":"2025-12-19T03:22:11","modified_gmt":"2025-12-19T03:22:11","slug":"jude-bellingham-real-madrid-fotballstjernen-jude-bellingham-viser-fram-kjaeresten","status":"publish","type":"post","link":"https:\/\/www.europesays.com\/no\/117056\/","title":{"rendered":"Jude Bellingham, Real Madrid | Fotballstjernen Jude Bellingham viser fram kj\u00e6resten"},"content":{"rendered":"\n<p>\u00abGratulerer med dagen, min kj\u00e6re\u00bb, skriver Real Madrid-profilen p\u00e5 Instagram onsdag.<\/p>\n<p>Ashlyn Castro er kvinnen som har vunnet idrettsut\u00f8verens hjerte, noe som ble offentlig kjent i januar. De to har imidlertid holdt en relativt lav profil siden.<\/p>\n<p><b>Les ogs\u00e5: <a href=\"https:\/\/www.nettavisen.no\/sport\/karsten-warholms-trener-overrasker-far-kjort-seg\/s\/5-95-2784469\" rel=\"Follow nofollow noopener\" target=\"_blank\">Warholm-treneren overrasker<\/a><\/b><\/p>\n<p>P\u00e5 tribunen<\/p>\n<p>Castro, som for \u00f8vrig jobber som modell, dukker tidvis opp p\u00e5 Santiago Bernab\u00e9u for \u00e5 se Bellingham i aksjon, men de to poster sjelden bilder sammen i sosiale medier.<\/p>\n<p>   <img decoding=\"async\" width=\"1179\" height=\"1991\" fetchpriority=\"low\"  loading=\"lazy\"  src=\"https:\/\/www.europesays.com\/no\/wp-content\/uploads\/2025\/12\/IMG_3227.jpg\" alt=\"\" class=\"brick-c-cFOWSL\" style=\"--brick-image-ratio: 1179 \/ 1991;\"\/><\/p>\n<p>      BURSDAG: Jude Bellingham gratulerte kj\u00e6resten med dagen onsdag.<br \/>\n      Foto: Skjermdump Instagram (judebellingham)\n    <\/p>\n<p>  Stor stjerne<\/p>\n<p>Bellingham er i dag en av de mest toneangivende spillerne i europeisk toppfotball. Den 21 \u00e5r gamle engelskmannen har en sentral rolle i Real Madrid, der han utmerker seg med h\u00f8y intensitet, m\u00e5lpoeng og lederskap fra midtbanen.<\/p>\n<p><b>Les ogs\u00e5: <a rel=\"Follow nofollow noopener\" href=\"https:\/\/www.nettavisen.no\/sport\/hevder-usa-stjernene-mikaela-shiffrin-og-lindsey-vonn-ikke-kommer-overens\/s\/5-95-2784393\" target=\"_blank\">USA-drama: \u2013 Kommer ikke overens<\/a><\/b><\/p>\n<p>Bellingham er samtidig en n\u00f8kkelspiller for det engelske landslaget og regnes som en av favorittene til individuelle topputmerkelser denne sesongen.<\/p>\n","protected":false},"excerpt":{"rendered":"\u00abGratulerer med dagen, min kj\u00e6re\u00bb, skriver Real Madrid-profilen p\u00e5 Instagram onsdag. Ashlyn Castro er kvinnen som har vunnet&hellip;\n","protected":false},"author":2,"featured_media":117057,"comment_status":"","ping_status":"","sticky":false,"template":"","format":"standard","meta":{"footnotes":""},"categories":[59],"tags":[30,28,29,83,82],"class_list":{"0":"post-117056","1":"post","2":"type-post","3":"status-publish","4":"format-standard","5":"has-post-thumbnail","7":"category-sport","8":"tag-no","9":"tag-norge","10":"tag-norway","11":"tag-sport","12":"tag-sports"},"share_on_mastodon":{"url":"https:\/\/pubeurope.com\/@no\/115744089497066398","error":""},"_links":{"self":[{"href":"https:\/\/www.europesays.com\/no\/wp-json\/wp\/v2\/posts\/117056","targetHints":{"allow":["GET"]}}],"collection":[{"href":"https:\/\/www.europesays.com\/no\/wp-json\/wp\/v2\/posts"}],"about":[{"href":"https:\/\/www.europesays.com\/no\/wp-json\/wp\/v2\/types\/post"}],"author":[{"embeddable":true,"href":"https:\/\/www.europesays.com\/no\/wp-json\/wp\/v2\/users\/2"}],"replies":[{"embeddable":true,"href":"https:\/\/www.europesays.com\/no\/wp-json\/wp\/v2\/comments?post=117056"}],"version-history":[{"count":0,"href":"https:\/\/www.europesays.com\/no\/wp-json\/wp\/v2\/posts\/117056\/revisions"}],"wp:featuredmedia":[{"embeddable":true,"href":"https:\/\/www.europesays.com\/no\/wp-json\/wp\/v2\/media\/117057"}],"wp:attachment":[{"href":"https:\/\/www.europesays.com\/no\/wp-json\/wp\/v2\/media?parent=117056"}],"wp:term":[{"taxonomy":"category","embeddable":true,"href":"https:\/\/www.europesays.com\/no\/wp-json\/wp\/v2\/categories?post=117056"},{"taxonomy":"post_tag","embeddable":true,"href":"https:\/\/www.europesays.com\/no\/wp-json\/wp\/v2\/tags?post=117056"}],"curies":[{"name":"wp","href":"https:\/\/api.w.org\/{rel}","templated":true}]}}