{"id":117060,"date":"2025-12-19T04:10:07","date_gmt":"2025-12-19T04:10:07","guid":{"rendered":"https:\/\/www.europesays.com\/no\/117060\/"},"modified":"2025-12-19T04:10:07","modified_gmt":"2025-12-19T04:10:07","slug":"ukraina-far-1000-milliarder-i-eu-lan-nrk-urix-utenriksnyheter-og-dokumentarer","status":"publish","type":"post","link":"https:\/\/www.europesays.com\/no\/117060\/","title":{"rendered":"Ukraina f\u00e5r 1000 milliarder i EU-l\u00e5n \u2013 NRK Urix \u2013 Utenriksnyheter og -dokumentarer"},"content":{"rendered":"<p>Rundt 3-tiden natt til fredag kom kunngj\u00f8ringen fra EU-president Antonio Costa.<\/p>\n<p>\u2013 Vedtak om \u00e5 gi 90 milliarder euro i st\u00f8tte til Ukraina for 2026\u20132027 er godkjent, skriver Costa p\u00e5 <a href=\"https:\/\/x.com\/eucopresident\/status\/2001833884024213533\" ec-id=\"https:\/\/x.com\/eucopresident\/status\/2001833884024213533\" ec-name=\"X.\" rel=\"nofollow\">X.<\/a><\/p>\n<p>EU-landene har samlet seg i Brussel for \u00e5 diskutere \u00f8konomisk st\u00f8tte til Ukraina.<\/p>\n<p><strong>Situasjonen er akutt. Ukraina er i ferd med \u00e5 g\u00e5 tom for penger.<\/strong><\/p>\n<p>President Zelenskyj har advart mot svekket motstandskraft i frihetskampen mot Russland, dersom EU-landene ikke fikk p\u00e5 plass en l\u00e5neavtale.<\/p>\n<p><img decoding=\"async\"   src=\"data:image\/gif;base64,R0lGODlhAQABAIAAAAAAAP\/\/\/yH5BAEAAAAALAAAAAABAAEAAAIBRAA7\" loading=\"eager\" alt=\"En mann st\u00e5r foran et bl\u00e5tt bakgrunn med det europeiske flagget. Han viser med h\u00e5nden, muligens for \u00e5 understreke et poeng. Mannen er kledd i dress og slips. Bildet ser ut til \u00e5 dokumentere en offentlig uttalelse eller pressekonferanse. (Bildebeskrivelsen er laget av en KI-tjeneste)\" title=\"Foto: Stephanie Lecocq \/ Reuters \/ NTB\"\/><\/p>\n<p class=\"\">Avtalen vil sette Ukraina i stand til \u00e5 fortsette \u00e5 forsvare seg, if\u00f8lge EU-president Antonio Costa. <\/p>\n<p>Foto: Stephanie Lecocq \/ Reuters \/ NTB<\/p>\n<p>\u2013 Sender et klart signal til Putin<\/p>\n<p>Med denne avtalen vil Ukraina f\u00e5 ressurser til \u00e5 fortseatte motstandskampen mot Russlands invasjonskrig, mener EU-president Antonio Costa.<\/p>\n<p>\u2013 Den eneste m\u00e5ten \u00e5 f\u00e5 Russland til forhandlingsbordet p\u00e5 er \u00e5 styrke Ukraina. Dagens vedtak vil gi Ukraina de n\u00f8dvendige midlene til \u00e5 forsvare seg og st\u00f8tte det ukrainske folket, sier Antonio Costa.<\/p>\n<p><img decoding=\"async\"   src=\"data:image\/gif;base64,R0lGODlhAQABAIAAAAAAAP\/\/\/yH5BAEAAAAALAAAAAABAAEAAAIBRAA7\" loading=\"eager\" alt=\"En mann st\u00e5r ved et podium med en vannflaske foran seg. Han snakker under en pressekonferanse om Europ\u00e6ischer Rat i Brussel. Bakgrunnen viser EU-flagget samt det tyske flagget. Arrangementet finner sted 18.-19. desember 2025. (Bildebeskrivelsen er laget av en KI-tjeneste)\" title=\"Foto: Geert Vanden Wijngaert \/ AP \/ NTB\"\/><\/p>\n<p class=\"\">Tysklands forbundskansler Friedrich Merz mener l\u00e5neavtalen sender et klart signal til Putin. <\/p>\n<p>Foto: Geert Vanden Wijngaert \/ AP \/ NTB<\/p>\n<p>Tysklands forbundskansler Friedrich Merz kaller sier l\u00e5neavtalen sender en beskjed.<\/p>\n<p>\u2013 Dette sender et klart signal fra Europa til Putin: Krigen er ikke verdt det, skriver Merz p\u00e5 X.<\/p>\n<p>Han opplyser ogs\u00e5 at Ukraina ikke trenger \u00e5 betale tilbake l\u00e5net f\u00f8r Russland har betalt kompensasjon for krigen.<\/p>\n<p>Lar russiske midler st\u00e5<\/p>\n<p>To l\u00f8sninger ble diskutert p\u00e5 EU-toppm\u00f8tet: Enten bruk av russiske midler som ligger fryst i europeiske banker, eller \u00e5 ta opp et felles EU-l\u00e5n.<\/p>\n<p>Det f\u00f8rste alternativet m\u00f8tte motstand fra Belgia, der mesteparten av de russiske pengene befinner seg. Landet frykter russisk gjengjeldelse om pengene tas i bruk, skriver NTB.<\/p>\n<p><img decoding=\"async\"   src=\"data:image\/gif;base64,R0lGODlhAQABAIAAAAAAAP\/\/\/yH5BAEAAAAALAAAAAABAAEAAAIBRAA7\" loading=\"eager\" alt=\"En person st\u00e5r bak et podium under en pressekonferanse, delvis skjult av en svart flagg. Personen er if\u00f8rt en m\u00f8rk dress med en r\u00f8d slips og har kort h\u00e5r. I bakgrunnen er det en upreget bl\u00e5vegg, og logoen til en nyhetsorganisasjon er synlig p\u00e5 bildet. Atmosf\u00e6ren er formell og profesjonell. (Bildebeskrivelsen er laget av en KI-tjeneste)\" title=\"Foto: Stephanie Lecocq \/ Reuters \/ NTB\"\/><\/p>\n<p class=\"\">Belgias statsminister Bart de Wever har v\u00e6rt sterkt imot \u00e5 bruke fryste russiske midler.<\/p>\n<p>Foto: Stephanie Lecocq \/ Reuters \/ NTB<\/p>\n<p>Alternativ nummer to er at EU-landene selv stiller opp som garantister for et l\u00e5n til Ukraina p\u00e5 90 milliarder, som tilsvarer 1071 milliarder norske kroner.<\/p>\n<p>Et slikt vedtak krever enstemmighet, og Ungarn hadde tidligere varslet at de kom til \u00e5 si blankt nei til et slikt l\u00e5n.<\/p>\n<p>15 timer inn i forhandlingene klarte EU-landene \u00e5 bli enige likevel ved at Ungarn, sammen med Slovakia og Tsjekkia, reserverte seg og ikke trenger \u00e5 st\u00e5 som garantister for l\u00e5net.<\/p>\n<p><img decoding=\"async\"   src=\"data:image\/gif;base64,R0lGODlhAQABAIAAAAAAAP\/\/\/yH5BAEAAAAALAAAAAABAAEAAAIBRAA7\" loading=\"eager\" alt=\"En mann st\u00e5r foran flere mikrofoner i en innend\u00f8rs setting, med en h\u00e5nd hevet som tegn p\u00e5 at han \u00f8nsker \u00e5 tale. Han holder et dokument eller skjerm foran seg. Omgivelsene inkluderer en r\u00f8d l\u00f8per og svake lys i bakgrunnen. Det er mennesker til stede, men de er delvis synlige. (Bildebeskrivelsen er laget av en KI-tjeneste)\" title=\"Foto: NICOLAS TUCAT \/ AFP \/ NTB\"\/><\/p>\n<p class=\"\">Ungarns statsminister Viktor Orban er glad for at han slipper involvere seg i l\u00e5neavtalen. <\/p>\n<p>Foto: NICOLAS TUCAT \/ AFP \/ NTB<\/p>\n<p>\u2013 Dette er tapte penger, sa Ungarns president Viktor Orban etter kunngj\u00f8ringen.<\/p>\n<p>\u2013 Den gode nyheten er at vi holder oss unna dette, fotsetter han.<\/p>\n<p>Interessert i utenriks? H\u00f8r utenriksredaksjonens podkast: <\/p>\n<p>Publisert<\/p>\n<p>19.12.2025, kl. 03.41<\/p>\n<p>Oppdatert<\/p>\n<p>19.12.2025, kl. 04.51<\/p>\n","protected":false},"excerpt":{"rendered":"Rundt 3-tiden natt til fredag kom kunngj\u00f8ringen fra EU-president Antonio Costa. \u2013 Vedtak om \u00e5 gi 90 milliarder&hellip;\n","protected":false},"author":2,"featured_media":117061,"comment_status":"","ping_status":"","sticky":false,"template":"","format":"standard","meta":{"footnotes":""},"categories":[5],"tags":[20,21,24,25,15,19,22,23,17,18,13,30,28,29,14,16,26,27],"class_list":{"0":"post-117060","1":"post","2":"type-post","3":"status-publish","4":"format-standard","5":"has-post-thumbnail","7":"category-overskrifter","8":"tag-breaking-news","9":"tag-breakingnews","10":"tag-featured-news","11":"tag-featurednews","12":"tag-headlines","13":"tag-hovedoppslag","14":"tag-latest-news","15":"tag-latestnews","16":"tag-main-news","17":"tag-mainnews","18":"tag-news","19":"tag-no","20":"tag-norge","21":"tag-norway","22":"tag-nyheter","23":"tag-overskrifter","24":"tag-top-stories","25":"tag-topstories"},"share_on_mastodon":{"url":"https:\/\/pubeurope.com\/@no\/115744277951713036","error":""},"_links":{"self":[{"href":"https:\/\/www.europesays.com\/no\/wp-json\/wp\/v2\/posts\/117060","targetHints":{"allow":["GET"]}}],"collection":[{"href":"https:\/\/www.europesays.com\/no\/wp-json\/wp\/v2\/posts"}],"about":[{"href":"https:\/\/www.europesays.com\/no\/wp-json\/wp\/v2\/types\/post"}],"author":[{"embeddable":true,"href":"https:\/\/www.europesays.com\/no\/wp-json\/wp\/v2\/users\/2"}],"replies":[{"embeddable":true,"href":"https:\/\/www.europesays.com\/no\/wp-json\/wp\/v2\/comments?post=117060"}],"version-history":[{"count":0,"href":"https:\/\/www.europesays.com\/no\/wp-json\/wp\/v2\/posts\/117060\/revisions"}],"wp:featuredmedia":[{"embeddable":true,"href":"https:\/\/www.europesays.com\/no\/wp-json\/wp\/v2\/media\/117061"}],"wp:attachment":[{"href":"https:\/\/www.europesays.com\/no\/wp-json\/wp\/v2\/media?parent=117060"}],"wp:term":[{"taxonomy":"category","embeddable":true,"href":"https:\/\/www.europesays.com\/no\/wp-json\/wp\/v2\/categories?post=117060"},{"taxonomy":"post_tag","embeddable":true,"href":"https:\/\/www.europesays.com\/no\/wp-json\/wp\/v2\/tags?post=117060"}],"curies":[{"name":"wp","href":"https:\/\/api.w.org\/{rel}","templated":true}]}}