{"id":117062,"date":"2025-12-19T04:17:11","date_gmt":"2025-12-19T04:17:11","guid":{"rendered":"https:\/\/www.europesays.com\/no\/117062\/"},"modified":"2025-12-19T04:17:11","modified_gmt":"2025-12-19T04:17:11","slug":"straff-som-virker-krever-soning-med-mening","status":"publish","type":"post","link":"https:\/\/www.europesays.com\/no\/117062\/","title":{"rendered":"Straff som virker, krever soning med mening"},"content":{"rendered":"<ul data-test-tag=\"byline:authors\" data-testid=\"byline:authors\" class=\"hyperion-css-1772xtw\">\n<li class=\"hyperion-css-b8p8ys\">\n<p>To &laquo;fange-j\u00e6vler&raquo;, innsatt nr. 25\/25 og 22\/25<\/p>\n<\/li>\n<\/ul>\n<p><img decoding=\"async\" class=\"image-asset hyperion-css-u06ts1\" data-test-tag=\"image-asset\" src=\"https:\/\/www.europesays.com\/no\/wp-content\/uploads\/2025\/12\/1cb77065-4937-47df-8224-9d2974788563\"  alt=\"Mandal fengsel er unntaket, skriver innleggsforfatterne.\"  loading=\"eager\" fetchpriority=\"high\" style=\"aspect-ratio:2048 \/ 1365\"\/>Mandal fengsel er unntaket, skriver innleggsforfatterne. Foto: Tor Erik Schr\u00f8der, NTB<\/p>\n<p class=\"contentWidth hyperion-css-1mepuqa\" data-test-tag=\"lead-text\">I Mandal fengsel forekommer noe s\u00e5 rart som rehabilitering og human soning. I praksis, ikke bare i fjonge dokumenter! <\/p>\n<p>Publisert: 18.12.2025 23:09<\/p>\n<p class=\"paywall hyperion-css-1j42uic\">\u00d8kt satsing p\u00e5 politi mot ungdomskriminalitet og utenlandske kriminelle nettverk er et resultat av en utvikling ingen \u00f8nsker, selv ikke 99 prosent av oss kriminelle.<\/p>\n<p class=\"paywall hyperion-css-1j42uic\">Nyheten om styrking av Kriminalomsorgen ellers er blitt tatt imot med blandet respons. Regjeringen la frem et budsjettforslag som skal <a aria-label=\"styrke Kriminalomsorgen med 179 millioner kroner\" class=\"opinion hyperion-css-1raymq9\" href=\"https:\/\/www.regjeringen.no\/no\/aktuelt\/styrking-av-kriminalomsorgen-og-redusert-isolasjon-i-fengsler\/id3122315\/\" target=\"_blank\" rel=\"noopener nofollow noreferrer\" data-test-tag=\"external-link\">styrke Kriminalomsorgen med 179 millioner kroner<\/a>. Er dette nok for \u00e5 kunne redde en granatskutt sektor med jevnlige elendighetsbeskrivelser fra nord til s\u00f8r? Og blir pengene best mulig utnyttet i et rehabiliteringsperspektiv?<\/p>\n<p class=\"paywall hyperion-css-1j42uic\">Skal man ha ut gode naboer i andre enden? Eller sinte, frustrerte og enda mer hardbarka kriminelle som har tatt masterutdanning p\u00e5 skurkeskolen p\u00e5 innsiden av murene? <\/p>\n<p class=\"paywall hyperion-css-1j42uic\">Et opphold i fengsel kan helt fint legge til rette for b\u00e5de det ene og det andre utfallet.<\/p>\n<p>Faktisk rehabiliterende soning<\/p>\n<p class=\"paywall hyperion-css-1j42uic\">Som innsatte, og brukere i dette perspektivet, synes vi det er p\u00e5 sin plass \u00e5 kunne komme med innspill. Tross alt vil budsjettet og satsingen som f\u00f8lger, p\u00e5virke oss betydelig! Eller er vi kanskje ikke en stemme det er verdt \u00e5 h\u00f8re p\u00e5? For vi kommer ikke med revolusjonerende ideer, men \u00f8nsker \u00e5 fokusere p\u00e5 satsing p\u00e5 soning med mening og en utvikling av dette. <\/p>\n<p class=\"paywall hyperion-css-1j42uic\">For \u00e5 si det s\u00e5 enkelt som mulig: Skal man gj\u00f8re mer av det vi vet ikke virker, eller mer av det vi vet virker?<\/p>\n<p class=\"paywall hyperion-css-1j42uic\">Den gode nyheten er at det finnes et eksempel p\u00e5 en institusjon som faktisk legger til rette for rehabiliterende soning. Lite innl\u00e5sing, sv\u00e6rt f\u00e5 u\u00f8nskede hendelser og en positiv relasjon mellom ansatte og innsatte.<\/p>\n<p class=\"paywall hyperion-css-1j42uic\">De som tror at det er slik i alle norske fengsler, m\u00e5 fint tro om igjen. Dette er unntaket, ikke regelen! Noe vi selv har erfart i flere ulike fengsler p\u00e5 \u00d8stlandet, blant annet Halden, Ullersmo og Oslo. Man f\u00e5r ofte f\u00f8lelsen av at straffen er hevn.<\/p>\n<p>Human soning i Mandal<\/p>\n<p class=\"paywall hyperion-css-1j42uic\">Mandal fengsel er unntaket. Her forekommer noe s\u00e5 rart som rehabilitering og human soning. I praksis, ikke bare i fjonge dokumenter! <\/p>\n<p class=\"paywall hyperion-css-1j42uic\">Det er en modig ledelse som ser verdien av dynamisk sikkerhet over statisk (medmenneskelige relasjoner vs. l\u00e5ste d\u00f8rer), og som t\u00f8r \u00e5 gi oss innsatte mer tillit enn i de fleste andre fengsler. <\/p>\n<blockquote data-test-tag=\"blockquote\" class=\"hyperion-css-qsvb07\"><p>Vi blir faktisk behandlet med respekt<\/p><\/blockquote>\n<p class=\"paywall hyperion-css-1j42uic\">Det handler om menneskene som jobber her, og de holdninger og den kulturen de representerer. Vi blir faktisk behandlet med respekt. Og dette er ting som er helt gratis, og som ikke belaster Kriminalomsorgen med en eneste krone!<\/p>\n<p>Gangsterkulturen er frav\u00e6rende<\/p>\n<p class=\"paywall hyperion-css-1j42uic\">Mandalsmodellen inneb\u00e6rer for eksempel treningsgrupper som ogs\u00e5 inkluderer ansatte. Det vil si at vi trener sammen, b\u00e5de de med fangedrakter og de med striper og stjerner p\u00e5 armen. Det holdes ulike arrangementer gjennom \u00e5ret, som aktivitetsdag for alle, \u00abMandalsmila\u00bb i fengselet, Playstation-rom, kaf\u00e9 hvor ansatte og innsatte m\u00f8tes uformelt og tar b\u00e5de en kaffe og en prat sammen, og mye annet. I tillegg er det en omfattende programvirksomhet for oss innsatte.<\/p>\n<blockquote data-test-tag=\"blockquote\" class=\"hyperion-css-qsvb07\"><p>Gangsterkulturen blant innsatte (&#8230;) er helt frav\u00e6rende her<\/p><\/blockquote>\n<p class=\"paywall hyperion-css-1j42uic\">Gangsterkulturen blant innsatte, som preger mange fengsler, er helt frav\u00e6rende her. Vi vil heller ikke ha den. <\/p>\n<p class=\"paywall hyperion-css-1j42uic\">S\u00e5 la oss bevare og utvikle det man har her i Mandal. Og kanskje l\u00e6re av det og spre det ut?<\/p>\n<p>Bli h\u00f8rt utenfor fengselet ogs\u00e5<\/p>\n<p class=\"paywall hyperion-css-1j42uic\">F\u00f8les dette kanskje som om vi bel\u00e6rer politikere i deres jobb? Eller bel\u00e6rer ansatte i andre fengsler? Eller er dette mer en invitasjon til utveksling av ideer og erfaringer? <\/p>\n<p class=\"paywall hyperion-css-1j42uic\">Vi befinner oss i en anstalt som \u00e5pner opp for en felles arena mellom innsatte og ansatte og har erfart verdien av slikt. Er det for mye \u00e5 forlange \u00e5 bli h\u00f8rt utenfor fengselet ogs\u00e5? V\u00e5r intensjon er utelukkende \u00e5 kunne bidra til bedre l\u00f8sninger og innsatte\/ansatte-milj\u00f8er i fengselshverdagen, basert p\u00e5 egne erfaringer.<\/p>\n<p>Kom og prat med oss<\/p>\n<p class=\"paywall hyperion-css-1j42uic\">Det kan nevnes at vi allerede har hatt justisministeren og ordf\u00f8reren p\u00e5 bes\u00f8k og presentert v\u00e5re erfaringer og tanker. For vi ser p\u00e5 det som s\u00e5 viktig at vi \u00abfange-j\u00e6vler\u00bb faktisk vil v\u00e6re med p\u00e5 \u00e5 gi innspill til hvordan en rehabiliterende soning kan implementeres for resten av landet ogs\u00e5. <\/p>\n<p class=\"paywall hyperion-css-1j42uic\">Med dette inviterer vi ogs\u00e5 justiskomiteen p\u00e5 Stortinget til \u00e5 komme og prate med oss. For mer ekthet og \u00abrett fra levra\u00bb tror vi sjelden man kan finne andre steder.<\/p>\n<p class=\"paywall hyperion-css-1j42uic\">Det loslitte begrepet om at en dag kan det v\u00e6re din fremtidige nabo som kommer ut av fengsel, er tuftet p\u00e5 at fengselsoppholdet skal legge til rette for et normalt liv etter soning. Det krever faktisk soning med mening og et innhold som Mandalsmodellen gjennomf\u00f8rer i praksis, men som stort sett er frav\u00e6rende i andre fengsler. <\/p>\n<p class=\"paywall hyperion-css-1j42uic\">Til syvende og sist skal jo dere politikere representere oss ogs\u00e5. Forh\u00e5pentlig vil dere gj\u00f8re mer av det som virker, istedenfor det som ikke virker.<\/p>\n<p class=\"paywall hyperion-css-1j42uic\">Aftenposten kjenner innleggsforfatternes identitet.<\/p>\n","protected":false},"excerpt":{"rendered":"To &laquo;fange-j\u00e6vler&raquo;, innsatt nr. 25\/25 og 22\/25 Mandal fengsel er unntaket, skriver innleggsforfatterne. Foto: Tor Erik Schr\u00f8der, NTB&hellip;\n","protected":false},"author":2,"featured_media":117063,"comment_status":"","ping_status":"","sticky":false,"template":"","format":"standard","meta":{"footnotes":""},"categories":[5],"tags":[20,21,24,25,15,19,22,23,17,18,13,30,28,29,14,16,26,27],"class_list":{"0":"post-117062","1":"post","2":"type-post","3":"status-publish","4":"format-standard","5":"has-post-thumbnail","7":"category-overskrifter","8":"tag-breaking-news","9":"tag-breakingnews","10":"tag-featured-news","11":"tag-featurednews","12":"tag-headlines","13":"tag-hovedoppslag","14":"tag-latest-news","15":"tag-latestnews","16":"tag-main-news","17":"tag-mainnews","18":"tag-news","19":"tag-no","20":"tag-norge","21":"tag-norway","22":"tag-nyheter","23":"tag-overskrifter","24":"tag-top-stories","25":"tag-topstories"},"share_on_mastodon":{"url":"https:\/\/pubeurope.com\/@no\/115744305689748950","error":""},"_links":{"self":[{"href":"https:\/\/www.europesays.com\/no\/wp-json\/wp\/v2\/posts\/117062","targetHints":{"allow":["GET"]}}],"collection":[{"href":"https:\/\/www.europesays.com\/no\/wp-json\/wp\/v2\/posts"}],"about":[{"href":"https:\/\/www.europesays.com\/no\/wp-json\/wp\/v2\/types\/post"}],"author":[{"embeddable":true,"href":"https:\/\/www.europesays.com\/no\/wp-json\/wp\/v2\/users\/2"}],"replies":[{"embeddable":true,"href":"https:\/\/www.europesays.com\/no\/wp-json\/wp\/v2\/comments?post=117062"}],"version-history":[{"count":0,"href":"https:\/\/www.europesays.com\/no\/wp-json\/wp\/v2\/posts\/117062\/revisions"}],"wp:featuredmedia":[{"embeddable":true,"href":"https:\/\/www.europesays.com\/no\/wp-json\/wp\/v2\/media\/117063"}],"wp:attachment":[{"href":"https:\/\/www.europesays.com\/no\/wp-json\/wp\/v2\/media?parent=117062"}],"wp:term":[{"taxonomy":"category","embeddable":true,"href":"https:\/\/www.europesays.com\/no\/wp-json\/wp\/v2\/categories?post=117062"},{"taxonomy":"post_tag","embeddable":true,"href":"https:\/\/www.europesays.com\/no\/wp-json\/wp\/v2\/tags?post=117062"}],"curies":[{"name":"wp","href":"https:\/\/api.w.org\/{rel}","templated":true}]}}