{"id":117066,"date":"2025-12-19T04:30:11","date_gmt":"2025-12-19T04:30:11","guid":{"rendered":"https:\/\/www.europesays.com\/no\/117066\/"},"modified":"2025-12-19T04:30:11","modified_gmt":"2025-12-19T04:30:11","slug":"bekymret-for-at-leger-bruker-ki-for-mye","status":"publish","type":"post","link":"https:\/\/www.europesays.com\/no\/117066\/","title":{"rendered":"Bekymret for at leger bruker KI for mye"},"content":{"rendered":"<p class=\"extendedContent hyperion-css-eyn926\" data-test-tag=\"lead-text\">Henvisningen var laget med hjelp fra kunstig intelligens. N\u00e5 er helsemyndighetene bekymret for at leger bruker KI til mer enn de b\u00f8r. <\/p>\n<p><img decoding=\"async\" class=\"image-asset hyperion-css-u06ts1\" data-test-tag=\"image-asset\" src=\"https:\/\/www.europesays.com\/no\/wp-content\/uploads\/2025\/12\/8b5fcaf2-ec5a-4966-9fcf-17d4e3975799\"  alt=\"Henvisningen hadde tydelige tegn til \u00e5 v\u00e6re laget ved hjelp av KI.\"  loading=\"eager\" fetchpriority=\"high\" style=\"aspect-ratio:778 \/ 518\"\/>Henvisningen hadde tydelige tegn til \u00e5 v\u00e6re laget ved hjelp av KI. Illustrasjon: Martin Sollien<\/p>\n<p>Publisert: 18.12.2025 22:26<\/p>\n<p class=\"paywall hyperion-css-1j42uic\">\u2013 Vi stoppet opp og tenkte oi, her er det jo \u00e5penbart brukt KI.<\/p>\n<p class=\"paywall hyperion-css-1j42uic\">Det forteller Jon Ivar S\u00f8rland. Han er enhetsleder for regional koordinerende enhet for rehabiliteringregional koordinerende enhet for rehabiliteringRKE vurderer henvisninger fra prim\u00e6rhelsetjenesten til 28 private rehabiliteringsinstitusjoner i Spesialisthelsetjenesten i Helse S\u00f8r-\u00d8st. i Helse S\u00f8r-\u00d8st.<\/p>\n<p class=\"hyperion-css-1qm9e9t\">Les hele saken med abonnement<\/p>\n<p>Allerede abonnent? Logg inn<\/p>\n","protected":false},"excerpt":{"rendered":"Henvisningen var laget med hjelp fra kunstig intelligens. N\u00e5 er helsemyndighetene bekymret for at leger bruker KI til&hellip;\n","protected":false},"author":2,"featured_media":117067,"comment_status":"","ping_status":"","sticky":false,"template":"","format":"standard","meta":{"footnotes":""},"categories":[10],"tags":[20,21,24,25,15,22,23,13,30,28,29,14,16,26,27],"class_list":{"0":"post-117066","1":"post","2":"type-post","3":"status-publish","4":"format-standard","5":"has-post-thumbnail","7":"category-norge","8":"tag-breaking-news","9":"tag-breakingnews","10":"tag-featured-news","11":"tag-featurednews","12":"tag-headlines","13":"tag-latest-news","14":"tag-latestnews","15":"tag-news","16":"tag-no","17":"tag-norge","18":"tag-norway","19":"tag-nyheter","20":"tag-overskrifter","21":"tag-top-stories","22":"tag-topstories"},"share_on_mastodon":{"url":"https:\/\/pubeurope.com\/@no\/115744356809065125","error":""},"_links":{"self":[{"href":"https:\/\/www.europesays.com\/no\/wp-json\/wp\/v2\/posts\/117066","targetHints":{"allow":["GET"]}}],"collection":[{"href":"https:\/\/www.europesays.com\/no\/wp-json\/wp\/v2\/posts"}],"about":[{"href":"https:\/\/www.europesays.com\/no\/wp-json\/wp\/v2\/types\/post"}],"author":[{"embeddable":true,"href":"https:\/\/www.europesays.com\/no\/wp-json\/wp\/v2\/users\/2"}],"replies":[{"embeddable":true,"href":"https:\/\/www.europesays.com\/no\/wp-json\/wp\/v2\/comments?post=117066"}],"version-history":[{"count":0,"href":"https:\/\/www.europesays.com\/no\/wp-json\/wp\/v2\/posts\/117066\/revisions"}],"wp:featuredmedia":[{"embeddable":true,"href":"https:\/\/www.europesays.com\/no\/wp-json\/wp\/v2\/media\/117067"}],"wp:attachment":[{"href":"https:\/\/www.europesays.com\/no\/wp-json\/wp\/v2\/media?parent=117066"}],"wp:term":[{"taxonomy":"category","embeddable":true,"href":"https:\/\/www.europesays.com\/no\/wp-json\/wp\/v2\/categories?post=117066"},{"taxonomy":"post_tag","embeddable":true,"href":"https:\/\/www.europesays.com\/no\/wp-json\/wp\/v2\/tags?post=117066"}],"curies":[{"name":"wp","href":"https:\/\/api.w.org\/{rel}","templated":true}]}}