{"id":117069,"date":"2025-12-19T04:37:25","date_gmt":"2025-12-19T04:37:25","guid":{"rendered":"https:\/\/www.europesays.com\/no\/117069\/"},"modified":"2025-12-19T04:37:25","modified_gmt":"2025-12-19T04:37:25","slug":"fortsatt-i-seiersrus","status":"publish","type":"post","link":"https:\/\/www.europesays.com\/no\/117069\/","title":{"rendered":"Fortsatt i seiersrus"},"content":{"rendered":"<p class=\"kicker \" style=\"\">Jonas Gahr St\u00f8re<\/p>\n<p>  Garvede fotballtrenere sier det er vanskeligere \u00e5 forsvare en tittel enn \u00e5 vinne en tittel. Statsminister Jonas Gahr St\u00f8re (Ap) er enig.<\/p>\n<p>\n    SNAKKER TIL SENTRUM Statsminister Jonas Gahr St\u00f8re (Ap) er sikker p\u00e5 at fotballinteresserte skal kunne kj\u00f8pe \u00f8l under nattkampene i neste \u00e5rs fotball-VM. Foto: Amanda Pedersen Giske \/ NTB\n  <\/p>\n<p>Da Arbeiderpartiet mandag skulle feire sin nylanserte\u00a0\u00abPlan for Norge\u00bb p\u00e5 utestedet Harlem p\u00e5 Youngstorget i Oslo, hadde partileder Jonas Gahr St\u00f8re allerede forlatt byen. Han skulle til Berlin og diskutere fredsplan for Ukraina med andre europeiske ledere.\u00a0<\/p>\n<p>        <img loading=\"lazy\" decoding=\"async\" src=\"https:\/\/www.europesays.com\/no\/wp-content\/uploads\/2025\/12\/84006281.webp\" width=\"686\" height=\"920\" title=\"LANGT BAK: Jonas Gahr St\u00f8re er i seiersrus, men taper for Frp p\u00e5 meningsm\u00e5lingene. Tegning: Finn Graff \/ Dagbladet\" alt=\"\" class=\"\" style=\"--aspect-ratio-image: 0.75; \"\/><\/p>\n<p>\n        LANGT BAK: Jonas Gahr St\u00f8re er i seiersrus, men taper for Frp p\u00e5 meningsm\u00e5lingene. Tegning: Finn Graff \/ Dagbladet\n    <\/p>\n<p>Tirsdag var han tilbake p\u00e5 Stortinget for \u00e5 informere de parlamentariske lederne om forhandlingene og onsdag fikk han st\u00e5 alene p\u00e5 podiet. Han inviterte journalister p\u00e5 kokosmakroner, multekrem og sm\u00f8rbr\u00f8d til statsministerens halv\u00e5rlige skrytem\u00f8te i regjeringens representasjonsbolig. Umiddelbart kom innr\u00f8mmelsen om at det ved tilsvarende anledning for ett \u00e5r siden ikke var mange som trodde han skulle st\u00e5 der i \u00e5r. \u00abMen s\u00e5nn er n\u00e5 det. Jeg hadde troen da. Og jeg har troen n\u00e5\u00bb, sa St\u00f8re.<\/p>\n<p>Den troen har han bevart og han er enn\u00e5 ikke kommet ut av seiersrusen fra valgnatta.\u00a0\u00abDet er deilig \u00e5 ha gjennomf\u00f8rt et valg og bli gjenvalgt\u00bb, svarte han p\u00e5\u00a0Dagbladets sm\u00e5infame sp\u00f8rsm\u00e5l om hvor deilig det er \u00e5 slippe \u00e5 tenke p\u00e5 flere valg (St\u00f8re er 69 \u00e5r ved neste stortingsvalg, noe som i internasjonal politikk ikke er spesielt gammelt). <\/p>\n<p>    <a itemprop=\"url\" href=\"https:\/\/www.dagbladet.no\/meninger\/store-styrker-a-laget\/83985407\" rel=\"nofollow noopener\" target=\"_blank\"><\/p>\n<p>        <img loading=\"lazy\" decoding=\"async\" src=\"https:\/\/www.europesays.com\/no\/wp-content\/uploads\/2025\/12\/83986139.webp\" width=\"980\" height=\"441\" title=\"St\u00f8re styrker A-laget\" alt=\"\" class=\"lazyload\" style=\"--aspect-ratio-image: 2.22; \"\/><\/p>\n<p>        St\u00f8re styrker A-laget<\/p>\n<p>    <\/a><\/p>\n<p> Statsministeren selv utelukker ikke at det kan bli mer enn fire nye \u00e5r, for p\u00e5 sp\u00f8rsm\u00e5l fra V\u00e5rt Land \u00e5pnet han for det kan bli mer. Egentlig kan han ikke gi noen andre svar, fordi en statsminister som spekulerer i egen avgang vil normalt bare framskynde en slik hendelse. <\/p>\n<p>Han kom stadig tilbake til det \u00e5 ha vunnet et valg. Det er her fotballtrenernes motto om hvor vanskelig det er \u00e5 forsvare et mesterskap kommer inn. For p\u00e5 de d\u00e5rligste m\u00e5lingene i desember i fjor hadde Ap bare dr\u00f8ye 14 prosent oppslutning. Ved h\u00f8stens valg ble det nesten dobling. Det skal faktisk noe til \u00e5 f\u00e5 til en slik snuoperasjon, s\u00e5 det er ikke rart at St\u00f8re stadig nevnte at han hadde\u00a0\u00abvunnet\u00bb. Men oppi pokalen ligger det n\u00e5 fire andre partier, som er med p\u00e5 \u00e5 styre St\u00f8res skjebne. Det er derfor ikke sikkert at det er han som serverer kokosmakroner neste \u00e5r.<\/p>\n<p>    <a itemprop=\"url\" href=\"https:\/\/www.dagbladet.no\/nyheter\/hardt-ut-mot-stoltenbergs-sildesalat\/83997681\" rel=\"nofollow noopener\" target=\"_blank\"><\/p>\n<p>        <img loading=\"lazy\" decoding=\"async\" src=\"https:\/\/www.europesays.com\/no\/wp-content\/uploads\/2025\/12\/1766119041_415_83996783.webp\" width=\"980\" height=\"441\" title=\"Hardt ut mot Stoltenbergs sildesalat\" alt=\"\" class=\"lazyload\" style=\"--aspect-ratio-image: 2.22; \"\/><\/p>\n<p>        Hardt ut mot Stoltenbergs sildesalat<\/p>\n<p>    <\/a><\/p>\n<p>I \u00e5r kunne han derimot sp\u00f8ke med sildesalaten til finansminister og turkompis Jens Stoltenberg og med de nye slengbuksene til Nettavisens reporter. Joan Gahr St\u00f8re er fortsatt i seiersrus.<\/p>\n<p>Oppskriften p\u00e5 \u00e5 beholde makta kunne til forveksling h\u00f8res ut som noe Erna Solberg (H) eller Sylvi Listhaug (Frp) kunne sagt. Et av nyhetspoengene til julekaffen var at regjeringen vil g\u00e5 inn for \u00e5 doble straffene til folk som er bev\u00e6pnet p\u00e5 offentlig sted. De skal ikke \u00f8ke skattene, de skal g\u00e5 til kamp mot byr\u00e5kratiet, styrke Forsvaret og stramme til innvandringspolitikken. St\u00f8re trenger st\u00f8tte fra venstresiden, men appellerer til sentrum og frir til h\u00f8yresiden.<\/p>\n<p>        <img loading=\"lazy\" decoding=\"async\" src=\"https:\/\/www.europesays.com\/no\/wp-content\/uploads\/2025\/12\/83999465.webp\" width=\"980\" height=\"657\" title=\"MULTEKREM OG KRUMKAKE: Statsminister Jonas Gahr St\u00f8re (Ap) under sin halv\u00e5rlige pressekonferanse. Foto: Ole Berg-Rusten \/ NTB\" alt=\"\" class=\"\" style=\"--aspect-ratio-image: 1.49; \"\/><\/p>\n<p>\n        MULTEKREM OG KRUMKAKE: Statsminister Jonas Gahr St\u00f8re (Ap) under sin halv\u00e5rlige pressekonferanse. Foto: Ole Berg-Rusten \/ NTB\n    <\/p>\n<p>Det gj\u00f8r han ogs\u00e5 i det som er blitt til en debatt om hvor og n\u00e5r nordmenn skal f\u00e5 drikke \u00f8l under fotball-VM neste \u00e5r. Dette pr\u00f8vde han \u00e5 ryddde opp i ved \u00e5 love at folk ikke skal sendes t\u00f8rste hjem f\u00f8r siste straffespark er tatt. Han vet bare ikke helt hvordan enn\u00e5, for det er noen lover og forskrifter som kan st\u00e5 litt i veien.<\/p>\n<p>    <a itemprop=\"url\" href=\"https:\/\/www.dagbladet.no\/meninger\/er-vi-blitt-rundlurt\/83965169\" rel=\"nofollow noopener\" target=\"_blank\"><\/p>\n<p>        <img loading=\"lazy\" decoding=\"async\" src=\"https:\/\/www.europesays.com\/no\/wp-content\/uploads\/2025\/12\/83978697.webp\" width=\"980\" height=\"441\" title=\"Er vi blitt rundlurt?\" alt=\"\" class=\"lazyload\" style=\"--aspect-ratio-image: 2.22; \"\/><\/p>\n<p>        Er vi blitt rundlurt?<\/p>\n<p>    <\/a><\/p>\n<p>Likevel blir b\u00e5de \u00f8lservering om nettene, skjermbruk blant unge og andre planer for landet ganske sm\u00e5 for v\u00e5r utenriksorienterte statsminister n\u00e5r Ukrainas framtid st\u00e5r p\u00e5 spill. Det hadde v\u00e6rt utenkelig for St\u00f8re \u00e5 feire planen for Norge n\u00e5r han kunne m\u00f8te Volodomyr Zelenskyj og andre statsledere i Berlin. Han er ogs\u00e5 forberedt p\u00e5 \u00e5 bruke jula p\u00e5 Ukraina-sp\u00f8rsm\u00e5let, som han er n\u00f8ye med \u00e5 understreke at ber\u00f8rer Norge i sterk grad.<\/p>\n<p>        GODTERI: Nikolai Astrup (H) fikk kjeft av stortingspresidenten etter at han overleverte en pose med tutti-frutti til statsminister Jonas Gahr St\u00f8re. Video: Stortinget<\/p>\n<p>Det er 20 \u00e5r siden han for alvor ble rikspolitiker, som utenriksminister i Jens Stoltenbergs andre regjering. Siden har han v\u00e6rt b\u00e5de helseminister, stortingsrepresentant og alts\u00e5 statsminister. Partileder har han v\u00e6rt siden 2014 og at han klarte \u00e5 st\u00e5 imot presset om \u00e5 g\u00e5 av for ett \u00e5r siden, kan ogs\u00e5 f\u00f8yes til seiersrekka hans.<\/p>\n<p>Noe av det han oppn\u00e5dde som utenriksminister var \u00e5 f\u00e5 til en fullstendig og endelig enighet med Russland om delelinje i Barentshavet. Han brukte denne enigheten som eksempel p\u00e5 hva som b\u00f8r bli l\u00f8sningen p\u00e5 ukrainakrigen \u2014 og dermed ogs\u00e5 hva som er akseptabelt for Norge.<\/p>\n<p>Ogs\u00e5 der er fotballanalogien n\u00e6rliggende. Norske klubber som har vunnet p\u00e5 hjemmebane, har gjerne ambisjoner om \u00e5 \u00abmarkere seg i Europa\u00bb. Det vil ogs\u00e5 Jonas Gahr St\u00f8re.<\/p>\n","protected":false},"excerpt":{"rendered":"Jonas Gahr St\u00f8re Garvede fotballtrenere sier det er vanskeligere \u00e5 forsvare en tittel enn \u00e5 vinne en tittel.&hellip;\n","protected":false},"author":2,"featured_media":117070,"comment_status":"","ping_status":"","sticky":false,"template":"","format":"standard","meta":{"footnotes":""},"categories":[10],"tags":[20,21,24,25,14117,15,4022,201,5500,22,23,156,13,30,28,29,14,16,26,27],"class_list":{"0":"post-117069","1":"post","2":"type-post","3":"status-publish","4":"format-standard","5":"has-post-thumbnail","7":"category-norge","8":"tag-breaking-news","9":"tag-breakingnews","10":"tag-featured-news","11":"tag-featurednews","12":"tag-halvarlig-pressekonferanse","13":"tag-headlines","14":"tag-hovedkommentar","15":"tag-jonas-gahr-store","16":"tag-lars-helle","17":"tag-latest-news","18":"tag-latestnews","19":"tag-meninger","20":"tag-news","21":"tag-no","22":"tag-norge","23":"tag-norway","24":"tag-nyheter","25":"tag-overskrifter","26":"tag-top-stories","27":"tag-topstories"},"share_on_mastodon":{"url":"https:\/\/pubeurope.com\/@no\/115744384458429656","error":""},"_links":{"self":[{"href":"https:\/\/www.europesays.com\/no\/wp-json\/wp\/v2\/posts\/117069","targetHints":{"allow":["GET"]}}],"collection":[{"href":"https:\/\/www.europesays.com\/no\/wp-json\/wp\/v2\/posts"}],"about":[{"href":"https:\/\/www.europesays.com\/no\/wp-json\/wp\/v2\/types\/post"}],"author":[{"embeddable":true,"href":"https:\/\/www.europesays.com\/no\/wp-json\/wp\/v2\/users\/2"}],"replies":[{"embeddable":true,"href":"https:\/\/www.europesays.com\/no\/wp-json\/wp\/v2\/comments?post=117069"}],"version-history":[{"count":0,"href":"https:\/\/www.europesays.com\/no\/wp-json\/wp\/v2\/posts\/117069\/revisions"}],"wp:featuredmedia":[{"embeddable":true,"href":"https:\/\/www.europesays.com\/no\/wp-json\/wp\/v2\/media\/117070"}],"wp:attachment":[{"href":"https:\/\/www.europesays.com\/no\/wp-json\/wp\/v2\/media?parent=117069"}],"wp:term":[{"taxonomy":"category","embeddable":true,"href":"https:\/\/www.europesays.com\/no\/wp-json\/wp\/v2\/categories?post=117069"},{"taxonomy":"post_tag","embeddable":true,"href":"https:\/\/www.europesays.com\/no\/wp-json\/wp\/v2\/tags?post=117069"}],"curies":[{"name":"wp","href":"https:\/\/api.w.org\/{rel}","templated":true}]}}