{"id":117071,"date":"2025-12-19T04:38:10","date_gmt":"2025-12-19T04:38:10","guid":{"rendered":"https:\/\/www.europesays.com\/no\/117071\/"},"modified":"2025-12-19T04:38:10","modified_gmt":"2025-12-19T04:38:10","slug":"mistenkt-etter-skytingen-pa-brown-universitetet-i-usa-er-funnet-dod","status":"publish","type":"post","link":"https:\/\/www.europesays.com\/no\/117071\/","title":{"rendered":"Mistenkt etter skytingen p\u00e5 Brown-universitetet i USA er funnet d\u00f8d"},"content":{"rendered":"\n<p class=\"_lead_o9xde_2 _lead_xtcu6_50 layout-component text-serif-m layout-normal text-serif-l layout-component layout-wide layout-padded _wide_17hqh_1 layout-padded\">Mannen knyttes ogs\u00e5 til drapet p\u00e5 en MIT-professor. <\/p>\n<p><img alt=\"Det ble flagget p\u00e5 halv stang ved Brown University torsdag.  Foto: Mark Stockwell \/ AP \/ NTB\" class=\"_image_qp4xg_65 layout-component layout-wide\" data-fullscreen- data-track-element-type=\"Article image fullscreen\" data-track-name=\"ImageFullscreen\" fetchpriority=\"high\" decoding=\"sync\" loading=\"eager\" height=\"2131\" itemprop=\"image\"  src=\"https:\/\/www.europesays.com\/no\/wp-content\/uploads\/2025\/12\/996c1bef-d378-47cc-95f3-e3b0fcf69c3f\"  style=\"object-position:0% 0%\" width=\"2800\"\/>Det ble flagget p\u00e5 halv stang ved Brown University torsdag.  Foto: Mark Stockwell \/ AP \/ NTB<\/p>\n<ul aria-hidden=\"true\" class=\"_images_ntbth_112\">\n<li><a class=\"_link_ntbth_117\" href=\"https:\/\/www.vg.no\/forfatter\/ntb\" style=\"z-index:1\" title=\"NTB\" rel=\"nofollow noopener\" target=\"_blank\"><img alt=\"Bilde av NTB\" class=\"_image_ntbth_93\" fetchpriority=\"low\" loading=\"lazy\" decoding=\"async\" itemprop=\"image\"  src=\"https:\/\/www.europesays.com\/no\/wp-content\/uploads\/2025\/12\/1766119089_360_c33980b0-5d07-4027-84a1-813f90a7c8d6\"  width=\"480\"\/><\/a><\/li>\n<\/ul>\n<p> Oppdatert fredag 19. desember kl. 05:22     <\/p>\n<p class=\"_paragraph_o9xde_4 _paragraph_xtcu6_10 layout-component text-serif-m layout-normal text-serif-m layout-padded\">En mann som amerikansk politi torsdag identifiserte som mistenkt etter skyteangrepet ved Brown-universitetet, er funnet d\u00f8d.<\/p>\n<p class=\"_paragraph_o9xde_4 _paragraph_xtcu6_10 layout-component text-serif-m layout-normal text-serif-m layout-padded\">Politiet har identifisert ham som en 48 \u00e5r gammel portugisisk statsborger.<\/p>\n<p class=\"_paragraph_o9xde_4 _paragraph_xtcu6_10 layout-component text-serif-m layout-normal text-serif-m layout-padded\">\u2013 Han tok livet sitt i kveld, sa politiet til journalister torsdag kveld.<\/p>\n<p class=\"_paragraph_o9xde_4 _paragraph_xtcu6_10 layout-component text-serif-m layout-normal text-serif-m layout-padded\">Han var tidligere student ved det samme universitetet for 25 \u00e5r siden.<\/p>\n<p><img alt=\"Store styrker har s\u00f8kt etter mannen.   Foto: CJ Gunther \/ Reuters \/ NTB\" class=\"_image_qp4xg_65 layout-component layout-normal\" data-fullscreen- data-track-element-type=\"Article image fullscreen\" data-track-name=\"ImageFullscreen\" decoding=\"async\" loading=\"lazy\" height=\"2347\" itemprop=\"image\"  src=\"https:\/\/www.europesays.com\/no\/wp-content\/uploads\/2025\/12\/bcb4ceb3-9bd1-4cff-abe9-236a93bbf977\"  style=\"object-position:0% 0%\" width=\"3520\"\/>Store styrker har s\u00f8kt etter mannen.   Foto: CJ Gunther \/ Reuters \/ NTB<\/p>\n<p class=\"_paragraph_o9xde_4 _paragraph_xtcu6_10 layout-component text-serif-m layout-normal text-serif-m layout-padded\">Mannen ble tidligere torsdag identifisert av politiet som den mistenkte etter skytingen, og de lette etter ham gjennom dagen.<\/p>\n<p>To drept<\/p>\n<p class=\"_paragraph_o9xde_4 _paragraph_xtcu6_10 layout-component text-serif-m layout-normal text-serif-m layout-padded\">Han ble funnet d\u00f8d med to skytev\u00e5pen i en lagerbygning i Salem i New Hampshire, rundt 30 kilometer nord for Boston sentrum.<\/p>\n<p class=\"_paragraph_o9xde_4 _paragraph_xtcu6_10 layout-component text-serif-m layout-normal text-serif-m layout-padded\">\u2013 I kveld kan v\u00e5re naboer i Providence endelig puste lettet ut, sa ordf\u00f8rer Brett Smiley til journalister etter politiets kunngj\u00f8ring.<\/p>\n<p class=\"_paragraph_o9xde_4 _paragraph_xtcu6_10 layout-component text-serif-m layout-normal text-serif-m layout-padded\">Det var l\u00f8rdag 13. desember at <a href=\"https:\/\/www.vg.no\/nyheter\/i\/ln1jzA\/paagaaende-skyteepisode-paa-universitet-i-rhode-island-i-usa\" data-track-element-type=\"Link\" data-track-id=\"link:ln1jzA\" class=\"_link_o9xde_39\" rel=\"nofollow noopener\" target=\"_blank\">to studenter ble drept og minst \u00e5tte andre s\u00e5ret<\/a> i en masseskyting p\u00e5 Brown University, som ligger i Providence i delstaten Rhode Island.<\/p>\n<p><img alt=\"Brown-studentene Mukhammad Aziz Amurzokov og Ella Cook ble drept i skytingen.   Foto: BING GUAN \/ AFP \/ NTB\" class=\"_image_qp4xg_65 layout-component layout-normal\" data-fullscreen- data-track-element-type=\"Article image fullscreen\" data-track-name=\"ImageFullscreen\" decoding=\"async\" loading=\"lazy\" height=\"3744\" itemprop=\"image\"  src=\"https:\/\/www.europesays.com\/no\/wp-content\/uploads\/2025\/12\/8d49e399-770e-40e5-80e0-7897e95c3a0b\"  style=\"object-position:0% 0%\" width=\"5616\"\/>Brown-studentene Mukhammad Aziz Amurzokov og Ella Cook ble drept i skytingen.   Foto: BING GUAN \/ AFP \/ NTBKobles til professordrap<\/p>\n<p class=\"_paragraph_o9xde_4 _paragraph_xtcu6_10 layout-component text-serif-m layout-normal text-serif-m layout-padded\">To dager senere ble en professor ved Massachusetts Institute of Technology (MIT), n\u00e6r Boston, funnet drept. <\/p>\n<p class=\"_paragraph_o9xde_4 _paragraph_xtcu6_10 layout-component text-serif-m layout-normal text-serif-m layout-padded\">Politiet sa torsdag at 48-\u00e5ringen ogs\u00e5 sto bak dette drapet. Nyhetsbyr\u00e5et AP melder at professoren i sin tid studerte sammen med portugiseren p\u00e5 Brown.<\/p>\n<p class=\"_paragraph_o9xde_4 _paragraph_xtcu6_10 layout-component text-serif-m layout-normal text-serif-m layout-padded\">Eliteuniversitetet Brown har nesten 11.000 studenter og er blant <a href=\"https:\/\/www.vg.no\/tag\/usa?utm_source=vg-article&amp;utm_medium=auto-tagger&amp;utm_campaign=8pmwJG\" class=\"_link_o9xde_39\" rel=\"nofollow noopener\" target=\"_blank\">USAs<\/a> eldste universiteter. USA hatt over 300 masseskytinger i \u00e5r, if\u00f8lge Gun Violence Archive, som definerer skyting mot fire eller flere personer som masseskyting.<\/p>\n","protected":false},"excerpt":{"rendered":"Mannen knyttes ogs\u00e5 til drapet p\u00e5 en MIT-professor. Det ble flagget p\u00e5 halv stang ved Brown University torsdag.&hellip;\n","protected":false},"author":2,"featured_media":117072,"comment_status":"","ping_status":"","sticky":false,"template":"","format":"standard","meta":{"footnotes":""},"categories":[5],"tags":[20,21,377,24,25,15,19,22,23,17,18,13,30,28,29,14,16,26,27,50],"class_list":{"0":"post-117071","1":"post","2":"type-post","3":"status-publish","4":"format-standard","5":"has-post-thumbnail","7":"category-overskrifter","8":"tag-breaking-news","9":"tag-breakingnews","10":"tag-drap","11":"tag-featured-news","12":"tag-featurednews","13":"tag-headlines","14":"tag-hovedoppslag","15":"tag-latest-news","16":"tag-latestnews","17":"tag-main-news","18":"tag-mainnews","19":"tag-news","20":"tag-no","21":"tag-norge","22":"tag-norway","23":"tag-nyheter","24":"tag-overskrifter","25":"tag-top-stories","26":"tag-topstories","27":"tag-usa"},"share_on_mastodon":{"url":"https:\/\/pubeurope.com\/@no\/115744388194434779","error":""},"_links":{"self":[{"href":"https:\/\/www.europesays.com\/no\/wp-json\/wp\/v2\/posts\/117071","targetHints":{"allow":["GET"]}}],"collection":[{"href":"https:\/\/www.europesays.com\/no\/wp-json\/wp\/v2\/posts"}],"about":[{"href":"https:\/\/www.europesays.com\/no\/wp-json\/wp\/v2\/types\/post"}],"author":[{"embeddable":true,"href":"https:\/\/www.europesays.com\/no\/wp-json\/wp\/v2\/users\/2"}],"replies":[{"embeddable":true,"href":"https:\/\/www.europesays.com\/no\/wp-json\/wp\/v2\/comments?post=117071"}],"version-history":[{"count":0,"href":"https:\/\/www.europesays.com\/no\/wp-json\/wp\/v2\/posts\/117071\/revisions"}],"wp:featuredmedia":[{"embeddable":true,"href":"https:\/\/www.europesays.com\/no\/wp-json\/wp\/v2\/media\/117072"}],"wp:attachment":[{"href":"https:\/\/www.europesays.com\/no\/wp-json\/wp\/v2\/media?parent=117071"}],"wp:term":[{"taxonomy":"category","embeddable":true,"href":"https:\/\/www.europesays.com\/no\/wp-json\/wp\/v2\/categories?post=117071"},{"taxonomy":"post_tag","embeddable":true,"href":"https:\/\/www.europesays.com\/no\/wp-json\/wp\/v2\/tags?post=117071"}],"curies":[{"name":"wp","href":"https:\/\/api.w.org\/{rel}","templated":true}]}}