{"id":117077,"date":"2025-12-19T04:44:09","date_gmt":"2025-12-19T04:44:09","guid":{"rendered":"https:\/\/www.europesays.com\/no\/117077\/"},"modified":"2025-12-19T04:44:09","modified_gmt":"2025-12-19T04:44:09","slug":"vik-politikk-uroa-for-framtida-til-samarbeidet-eg-byrjar-a-bli-skeptisk-sogn-avis","status":"publish","type":"post","link":"https:\/\/www.europesays.com\/no\/117077\/","title":{"rendered":"Vik, Politikk | Uroa for framtida til samarbeidet: \u2013 Eg byrjar \u00e5 bli skeptisk &#8211; Sogn Avis"},"content":{"rendered":"<ol>\n<li><a href=\"https:\/\/news.google.com\/rss\/articles\/CBMinwFBVV95cUxONDdzV243R0ZSbGRIQVBZd2dDdGZMYzJWT0dpbExKOWFFbjJKTE9yMU9aUHk1SmlLYVZkQy1XS2ZSNjd2NHNqaExHYjNnYmxoUUlwM2dOcmZJTFN1R3FJM1NJeUQ2QkxRMmt3ZThmTlRNMlBJc1ZWQ0lkM05MLUswRlM3a0o2LWhvTTM3UGxoRUszTmlCWlBhRmRrS0dZOUU?oc=5\" target=\"_blank\" rel=\"nofollow noopener\">Vik, Politikk | Uroa for framtida til samarbeidet: \u2013 Eg byrjar \u00e5 bli skeptisk<\/a>&nbsp;&nbsp;Sogn Avis<\/li>\n<li><a href=\"https:\/\/news.google.com\/rss\/articles\/CBMipAFBVV95cUxPRXpHVWxrM2lIWFBZNnMzREwzRzZIN2pVTzVpeGhNTnFxMGpRc0dCWGZqRlhCV0tEZVcwVGpuem1kTGx5LTlDcmI3Z3FzSE5NaWhpZWhYWXcyZTY3YXJaUDdUWjZ4ZWlkLTRaV2M0cjZPODEzR2FpUnNWaXJVcHJvQS1UMHNELWtvaDltMHk4MDBJNExyT0Q2S2d5a3g3OHc1dUtIZA?oc=5\" target=\"_blank\" rel=\"nofollow noopener\">Politikk | Sogndal set bremsen p\u00e5: \u2013 D\u00e5 m\u00e5 alle ta stilling til saka p\u00e5 nytt<\/a>&nbsp;&nbsp;Sogn Avis<\/li>\n<li><a href=\"https:\/\/news.google.com\/rss\/articles\/CBMinAFBVV95cUxNQ005TXlOOF9yXzNUU25XM3BIYkpiVndnUmlSVUN5V01lOXZVdmRJSjVSUHlGc2JRaDVyRDVWY3A3eTI5bUw3RzJtQmRCUXVVN281dXFUb21IZmN1U0txUm12azdGQ2N4Q1NvQkl4VnJubHc0WEdoaVBCYjA5MUxmNzVwQlpJaFdHczlKXzdybXZ6bnlIQVpMY28wejM?oc=5\" target=\"_blank\" rel=\"nofollow noopener\">Seier nei: No m\u00e5 alle ta stilling til barnevern p\u00e5 nytt<\/a>&nbsp;&nbsp;Porten.no<\/li>\n<li><a href=\"https:\/\/news.google.com\/rss\/articles\/CBMiiwFBVV95cUxQNEx0RmJhTmZJWk5kdGpnbXBEdW9HME9RRFdTNVR2emcyX3hWWDNYZ19xUDR5d0FvcmhGcmRLM0NCY1VjUXRvWkpDVWdGWE9nSUhQMXVFenlmdHo5NVRndjRud0MtZzktSC1SNmVJdWZxaTRnVGRyYW4zMHNNamFPLVNrNXhhMFJUTHZJ?oc=5\" target=\"_blank\" rel=\"nofollow noopener\">Politikk | Seier nei til \u00e5 g\u00e5 vidare med Nav-samarbeid<\/a>&nbsp;&nbsp;Sogn Avis<\/li>\n<li><a href=\"https:\/\/news.google.com\/rss\/articles\/CBMingFBVV95cUxQSVY2bWRJMUM0bDFsQVEzM3Q2QmtYREJTakpkRTVlelZGRi1aUUtMVkxTQ1RKV0toejRlOGZtUk5EWGlKd3YzalNZOGxHNEtZVU9FejdtRWR4LVZCTUE4NGFaU19sZ09neHVhZXp5RWNtV0lWNGpVQWEzb284S3FPWGZtOGR1V2s0Sk1zTHAyUXY1bmpPbDRqYkdvbEQxUQ?oc=5\" target=\"_blank\" rel=\"nofollow noopener\">Stor usemje i \u00c5rdal \u2013 g\u00e5r likevel for felles barnevern<\/a>&nbsp;&nbsp;Porten.no<\/li>\n<\/ol>\n","protected":false},"excerpt":{"rendered":"Vik, Politikk | Uroa for framtida til samarbeidet: \u2013 Eg byrjar \u00e5 bli skeptisk&nbsp;&nbsp;Sogn Avis Politikk | Sogndal&hellip;\n","protected":false},"author":2,"featured_media":117078,"comment_status":"","ping_status":"","sticky":false,"template":"","format":"standard","meta":{"footnotes":""},"categories":[10],"tags":[20,21,24,25,15,22,23,13,30,28,29,14,16,26,27],"class_list":{"0":"post-117077","1":"post","2":"type-post","3":"status-publish","4":"format-standard","5":"has-post-thumbnail","7":"category-norge","8":"tag-breaking-news","9":"tag-breakingnews","10":"tag-featured-news","11":"tag-featurednews","12":"tag-headlines","13":"tag-latest-news","14":"tag-latestnews","15":"tag-news","16":"tag-no","17":"tag-norge","18":"tag-norway","19":"tag-nyheter","20":"tag-overskrifter","21":"tag-top-stories","22":"tag-topstories"},"share_on_mastodon":{"url":"https:\/\/pubeurope.com\/@no\/115744411767719133","error":""},"_links":{"self":[{"href":"https:\/\/www.europesays.com\/no\/wp-json\/wp\/v2\/posts\/117077","targetHints":{"allow":["GET"]}}],"collection":[{"href":"https:\/\/www.europesays.com\/no\/wp-json\/wp\/v2\/posts"}],"about":[{"href":"https:\/\/www.europesays.com\/no\/wp-json\/wp\/v2\/types\/post"}],"author":[{"embeddable":true,"href":"https:\/\/www.europesays.com\/no\/wp-json\/wp\/v2\/users\/2"}],"replies":[{"embeddable":true,"href":"https:\/\/www.europesays.com\/no\/wp-json\/wp\/v2\/comments?post=117077"}],"version-history":[{"count":0,"href":"https:\/\/www.europesays.com\/no\/wp-json\/wp\/v2\/posts\/117077\/revisions"}],"wp:featuredmedia":[{"embeddable":true,"href":"https:\/\/www.europesays.com\/no\/wp-json\/wp\/v2\/media\/117078"}],"wp:attachment":[{"href":"https:\/\/www.europesays.com\/no\/wp-json\/wp\/v2\/media?parent=117077"}],"wp:term":[{"taxonomy":"category","embeddable":true,"href":"https:\/\/www.europesays.com\/no\/wp-json\/wp\/v2\/categories?post=117077"},{"taxonomy":"post_tag","embeddable":true,"href":"https:\/\/www.europesays.com\/no\/wp-json\/wp\/v2\/tags?post=117077"}],"curies":[{"name":"wp","href":"https:\/\/api.w.org\/{rel}","templated":true}]}}