{"id":117080,"date":"2025-12-19T04:51:14","date_gmt":"2025-12-19T04:51:14","guid":{"rendered":"https:\/\/www.europesays.com\/no\/117080\/"},"modified":"2025-12-19T04:51:14","modified_gmt":"2025-12-19T04:51:14","slug":"arbeidsplasser-kunstig-intelligens-slakter-stores-jobbvisjon-blir-lite-annet-enn-en-flekk-blekk-pa-et-papir","status":"publish","type":"post","link":"https:\/\/www.europesays.com\/no\/117080\/","title":{"rendered":"Arbeidsplasser, Kunstig intelligens | Slakter St\u00f8res jobbvisjon: \u2013 Blir lite annet enn en flekk blekk p\u00e5 et papir"},"content":{"rendered":"\n<p>I en tid der utviklingen innen kunstig intelligens bykser fremover, gj\u00f8r regjeringen det meste feil.<\/p>\n<p>Resultatet blir mange nedlagte bedrifter og tapte arbeidsplasser.<\/p>\n<p><b>Statsminister Jonas Gahr St\u00f8re synes \u00e5 mene at det hele bare er et sp\u00f8rsm\u00e5l om statlig planlegging. <\/b><\/p>\n<p><b>Les ogs\u00e5: <a href=\"https:\/\/www.nettavisen.no\/nyheter\/store-ingen-trodde-jeg-skulle-sta-her-i-dag\/s\/5-95-2784705\" rel=\"Follow nofollow noopener\" target=\"_blank\">Jonas Gahr St\u00f8re: \u2013 Ingen trodde jeg skulle st\u00e5 her i dag<\/a><\/b><\/p>\n<p>Den store planen<\/p>\n<p>I nesten hver festtale v\u00e5re ledende politikere holder, omhandles temaet \u00abhva vi skal leve av i fremtiden\u00bb.<\/p>\n<p>Statsminister St\u00f8re mener alts\u00e5 at slikt l\u00f8ses gjennom n\u00f8ye planlegging. Nylig fremla St\u00f8re-regjeringen sin plan for fremtiden \u2013 med det pomp\u00f8se navnet <a href=\"chrome-extension:\/\/efaidnbmnnnibpcajpcglclefindmkaj\/https:\/\/www.regjeringen.no\/contentassets\/66a93755b6f04e0494d842ec64d42fd9\/regjeringens-plan-for-norge.pdf\" rel=\"Follow nofollow\">\u00abRegjeringens plan for Norge 2025-29\u00bb<\/a>.<\/p>\n<p>P\u00e5 side fem i denne planen fremg\u00e5r det blant annet at 150.000 flere skal i jobb de neste fire \u00e5rene. Her heter det videre at \u00abregjeringen vil styrke arbeidslinja med m\u00e5l om en sysselsettingsandel p\u00e5 82 prosent innen 2030\u00bb.<\/p>\n<p>If\u00f8lge Nav var sysselsettingsandelen i Norge <a href=\"https:\/\/arbeidogvelferd.nav.no\/article\/2025\/03\/Utviklingen-p-arbeidsmarkedet\" rel=\"Follow nofollow noopener\" target=\"_blank\">70 prosent ved utgangen av 2024<\/a>.<\/p>\n<p><b>Hvilken realisme det er i St\u00f8res plan om \u00e5 bringe den opp til 82 prosent om fire \u00e5r m\u00e5 gudene vite. <\/b><\/p>\n<p>Hvordan dette i praksis skal skje er dessuten veldig ullent. Det er mest et babbel om kompetanse, fagskoleplasser og om \u00e5 \u00abstyrke kartleggingen av fremtidige kompetansebehov\u00bb.<\/p>\n<p>            Jan Petter Sissener<\/p>\n<p>Jan Petter Sissener er tidligere aksjemegler og n\u00e5 portef\u00f8ljeforvalter, med lang erfaring fra finansbransjen. Sissener har hatt sjefsposisjoner i flere meglerhus i Norge og er n\u00e5 administrerende direkt\u00f8r, portef\u00f8ljeforvalter og hovedeier i Sissener AS. <\/p>\n<p>  Bommer fullstendig<\/p>\n<p>Problemet er bare at det er ingenting i regjeringens plan som faktisk skaper nye arbeidsplasser. I alle fall ikke i privat sektor.<\/p>\n<p><b>For at arbeidsplasser skal skapes m\u00e5 noen se muligheten til l\u00f8nnsom forretning. Hvordan den muligheten skal styrkes, sier derimot planen sv\u00e6rt lite om. <\/b><\/p>\n<p>Litt babbel om stabile rammebetingelser er det ogs\u00e5, og p\u00e5 side seks st\u00e5r det:<\/p>\n<p>\u00abRegjeringen vil skape trygghet for arbeids- og n\u00e6ringslivet \u2013 ved \u00e5 st\u00e5 opp for norske l\u00f8nns- og arbeidsvilk\u00e5r og gi bedriftene stabile og konkurransedyktige rammebetingelser\u00bb.<\/p>\n<p>Men dette har selvsagt null troverdighet, fordi regjeringen gjennom fire \u00e5r konsekvent har gjort det stikk motsatte.<\/p>\n<p>Skatter for n\u00e6ringslivet har de siste fire \u00e5rene ved flere anledninger blitt skrudd kraftig til uten forvarsel.<\/p>\n<p><b>Slikt skaper i alle fall ikke arbeidsplasser. <\/b><\/p>\n<p>Jonas Gahr St\u00f8re bommer som vanlig fullstendig.<\/p>\n<p><b>Les ogs\u00e5 Erik Stephansen: <a href=\"https:\/\/www.nettavisen.no\/norsk-debatt\/regjeringen-vil-men-far-kanskje-ikke-til-a-gjennomfore-plan-for-norge\/o\/5-95-2780570\" rel=\"Follow nofollow noopener\" target=\"_blank\">\u2013 Vi vil, vi vil. Men f\u00e5r det kanskje ikke til<\/a><\/b><\/p>\n<p>Kreativ \u00f8deleggelse<\/p>\n<p>Det er heldigvis ikke alle som er enige i at planlegging er rette sted \u00e5 begynne n\u00e5r fremtiden skal skapes.<\/p>\n<p>For over \u00e5tti \u00e5r siden lanserte den \u00f8sterriksk-amerikanske \u00f8konomen Joseph Schumpeter teorien om <a href=\"https:\/\/www.econlib.org\/library\/Enc\/CreativeDestruction.html\" rel=\"Follow nofollow noopener\" target=\"_blank\">kreativ \u00f8deleggelse<\/a>.<\/p>\n<p>Kreativ \u00f8deleggelse i \u00f8konomien g\u00e5r kort fortalt ut p\u00e5 at nye bedrifter med nye ideer og teknologi vokser frem og river ned grunnlaget for de gamle og etablerte som sitter fast i gammel tenkem\u00e5te, teknologi og arbeidsmetode.<\/p>\n<p><b>P\u00e5 denne m\u00e5ten vinner nye, bedre og mer effektive l\u00f8sninger frem som overtar etter gamle og d\u00e5rligere bedrifter. <\/b><\/p>\n<blockquote class=\"brick-c-kLSvcb theme-white\">\n<p class=\"blockquote-text\">Gr\u00fcndere og velferdsmigranter m\u00f8tes n\u00e5r de krysser grensen hver sin vei<\/p>\n<p>        Jan Petter Sissener\n      <\/p><\/blockquote>\n<p>Slikt skjer ikke fordi regjeringen planlegger for det. Det skjer fordi noen der ute ser muligheter og evner \u00e5 utnytte dem.<\/p>\n<p>Med den raske veksten vi n\u00e5 ser innen bruken av kunstig intelligens, er temaet kreativ \u00f8deleggelse mer aktuelt enn noen gang.<\/p>\n<p>Derfor var det p\u00e5 sin plass da \u00e5rets nobelpris i \u00f8konomi nettopp gikk til <a href=\"https:\/\/e24.no\/internasjonal-oekonomi\/i\/63mvye\/nobelprisen-i-oekonomi-gaar-til-joel-mokyr-phillippe-aghion-og-peter-howitt\" rel=\"Follow nofollow noopener\" target=\"_blank\">forskningsarbeid innen dette feltet<\/a>.<\/p>\n<p><a href=\"https:\/\/www.nettavisen.no\/jan-petter-sissener\/\" rel=\"Follow nofollow noopener\" target=\"_blank\"><b>Her kan du lese mer av Jan Petter Sissener<\/b><\/a><\/p>\n<p>Ingen omstilling<\/p>\n<p>Det som n\u00e5 skjer innen kunstig intelligens krever stor omstilling globalt. Kanskje m\u00e5 s\u00e5 mange som en milliard mennesker finne seg noe nytt \u00e5 gj\u00f8re innen ganske kort tid.<\/p>\n<p>I Norge skjer ikke dette i s\u00e6rlig grad. Det grunnleggende problemet her hjemme er at regjeringen St\u00f8re overhodet ikke forst\u00e5r hvordan det skal skapes i \u00f8konomien.<\/p>\n<p>De nyskapende kreftene f\u00e5r ikke utfolde seg fordi regjeringen ikke forst\u00e5r at levelige k\u00e5r for dem som skaper er n\u00f8kkelen.<\/p>\n<p><b>Pomp\u00f8se planer blir lite annet en tomt prat. <\/b><\/p>\n<p>Det eneste som hjelper er for staten \u00e5 holde seg unna. Alle un\u00f8dige reguleringer, \u00abvirkemidler\u00bb og tiltak m\u00e5 bort. Skatter og avgifter m\u00e5 v\u00e6re lave, stabile og forutsigbare.<\/p>\n<p><b>Alts\u00e5 det stikk motsatte av den n\u00e6rings- og skattepolitikken St\u00f8re f\u00f8rer. <\/b><\/p>\n<p>Resultatet blir stor arbeidsledighet<\/p>\n<p><b>Resultatet for Norge er velkjent: <\/b>De som vil skape og yte flytter ut. De som vil bruke og nyte flytter inn.<\/p>\n<p>Gr\u00fcndere og velferdsmigranter m\u00f8tes n\u00e5r de krysser grensen hver sin vei.<\/p>\n<p>Verdier som kunne <a href=\"https:\/\/www.nettavisen.no\/okonomi\/rema-1000-og-grandiosa-arvinger-enorme-skatte-summer-flyttet-til-sveits\/s\/5-95-2770125\" rel=\"Follow nofollow noopener\" target=\"_blank\">gitt enorme skattesummer har allerede flyttet ut<\/a>. Mer kommer det til \u00e5 bli.<\/p>\n<p><b>Dermed f\u00e5r Norge sin del av destruksjonen, uten \u00e5 f\u00e5 v\u00e6re med p\u00e5 kreasjonen. Det rives ned, men bygges ikke opp. <\/b><\/p>\n<p>Fasiten blir massearbeidsledighet.<\/p>\n<p>Og det kommer til \u00e5 skje p\u00e5 St\u00f8res vakt, dersom han evner \u00e5 klamre seg til posisjonen helt frem til neste stortingsvalg.<\/p>\n<p><b>150.000 nye arbeidsplasser i regjeringens store plan blir lite annet enn en flekk blekk p\u00e5 et papir.<\/b><\/p>\n","protected":false},"excerpt":{"rendered":"I en tid der utviklingen innen kunstig intelligens bykser fremover, gj\u00f8r regjeringen det meste feil. Resultatet blir mange&hellip;\n","protected":false},"author":2,"featured_media":117081,"comment_status":"","ping_status":"","sticky":false,"template":"","format":"standard","meta":{"footnotes":""},"categories":[10],"tags":[20,21,24,25,15,22,23,13,30,28,29,14,16,26,27],"class_list":{"0":"post-117080","1":"post","2":"type-post","3":"status-publish","4":"format-standard","5":"has-post-thumbnail","7":"category-norge","8":"tag-breaking-news","9":"tag-breakingnews","10":"tag-featured-news","11":"tag-featurednews","12":"tag-headlines","13":"tag-latest-news","14":"tag-latestnews","15":"tag-news","16":"tag-no","17":"tag-norge","18":"tag-norway","19":"tag-nyheter","20":"tag-overskrifter","21":"tag-top-stories","22":"tag-topstories"},"share_on_mastodon":{"url":"https:\/\/pubeurope.com\/@no\/115744439205684886","error":""},"_links":{"self":[{"href":"https:\/\/www.europesays.com\/no\/wp-json\/wp\/v2\/posts\/117080","targetHints":{"allow":["GET"]}}],"collection":[{"href":"https:\/\/www.europesays.com\/no\/wp-json\/wp\/v2\/posts"}],"about":[{"href":"https:\/\/www.europesays.com\/no\/wp-json\/wp\/v2\/types\/post"}],"author":[{"embeddable":true,"href":"https:\/\/www.europesays.com\/no\/wp-json\/wp\/v2\/users\/2"}],"replies":[{"embeddable":true,"href":"https:\/\/www.europesays.com\/no\/wp-json\/wp\/v2\/comments?post=117080"}],"version-history":[{"count":0,"href":"https:\/\/www.europesays.com\/no\/wp-json\/wp\/v2\/posts\/117080\/revisions"}],"wp:featuredmedia":[{"embeddable":true,"href":"https:\/\/www.europesays.com\/no\/wp-json\/wp\/v2\/media\/117081"}],"wp:attachment":[{"href":"https:\/\/www.europesays.com\/no\/wp-json\/wp\/v2\/media?parent=117080"}],"wp:term":[{"taxonomy":"category","embeddable":true,"href":"https:\/\/www.europesays.com\/no\/wp-json\/wp\/v2\/categories?post=117080"},{"taxonomy":"post_tag","embeddable":true,"href":"https:\/\/www.europesays.com\/no\/wp-json\/wp\/v2\/tags?post=117080"}],"curies":[{"name":"wp","href":"https:\/\/api.w.org\/{rel}","templated":true}]}}