{"id":117084,"date":"2025-12-19T05:04:17","date_gmt":"2025-12-19T05:04:17","guid":{"rendered":"https:\/\/www.europesays.com\/no\/117084\/"},"modified":"2025-12-19T05:04:17","modified_gmt":"2025-12-19T05:04:17","slug":"eu-eu-mercosur-avtalen-bondeoppror-under-geopolitisk-krisetid-for-eu","status":"publish","type":"post","link":"https:\/\/www.europesays.com\/no\/117084\/","title":{"rendered":"EU, EU-Mercosur-avtalen | Bonde\u00adoppr\u00f8r under geopo\u00adli\u00adtisk krisetid for EU"},"content":{"rendered":"\n<p>Denne artikkelen er skrevet av Philippe B\u00e9dos Ulvin i Energi og Klima, som er nettavisa til Norsk Klimastiftelse.<\/p>\n<p>Det smeller p\u00e5 alle bauger og kanter. Tusener av traktorer fyller gatene og spiller \u00f8red\u00f8vende melodier med lydhornene.<\/p>\n<p>R\u00f8yken siver gjennom EU-kvartalet, som er inntatt av b\u00f8nder fra hele Europa: Portugisere, franskmenn og polakker er her i et desperat fors\u00f8k p\u00e5 \u00e5 stanse EUs handelsavtale med S\u00f8r-Amerika, Mercosur.<\/p>\n<p>Frihandelsavtalen inneb\u00e6rer at EU i st\u00f8rre grad skal \u00e5pne grensene for landbruksvarer fra Brasil, Argentina, Uruguay og Paraguay, der b\u00f8ndene ikke m\u00f8ter de samme kravene til b\u00e6rekraft, milj\u00f8vern og klimagassutslipp.<\/p>\n<p>EU-kommisjonen har satset p\u00e5 at EU og Mercosur kan undertegne avtalen innen utgangen av 2025. Kommisjonspresident Ursula von der Leyen skal etter planen til Brasil p\u00e5 s\u00f8ndag for \u00e5 signere.<\/p>\n<p>F\u00f8ler seg ofret<\/p>\n<p>Belgiske Frank Parmentier h\u00e5per \u00e5 avverge det. Han gjentar budskapet de aller fleste b\u00f8nder kjenner: Hvert \u00e5r blir det vanskeligere, mindre inntekt, konkurransen hardner til.<\/p>\n<p>\u2013 Markedene kollapser, vi vet ikke hva vi skal gj\u00f8re. Vi har ingen langtidsvisjon, sier melkebonden fra Hainaut.<\/p>\n<p>   <img decoding=\"async\" width=\"6240\" height=\"4160\" fetchpriority=\"low\"  loading=\"lazy\"  src=\"https:\/\/www.europesays.com\/no\/wp-content\/uploads\/2025\/12\/DSCF9733.JPG\" alt=\"\" class=\"brick-c-cFOWSL\" style=\"--brick-image-ratio: 6240 \/ 4160;\"\/><\/p>\n<p>      Frank Parmentier, til h\u00f8yre, sammen med kollega Jean Alexandre, har v\u00e6rt b\u00f8nder i til sammen 45 \u00e5r.<br \/>\n      Foto: Philippe B\u00e9dos Ulvin.\n    <\/p>\n<p>Han sier klimakravene han m\u00f8ter, gj\u00f8r at han ikke kan dyrke jorden langs elvebreddene, en stor reduksjon i areal. Han frykter avgiften p\u00e5 gj\u00f8dsel, den foresl\u00e5tte reduksjonen i st\u00f8tte gjennom EU-budsjettet.<\/p>\n<p>\u2013 De s\u00f8ramerikanske b\u00f8ndene de driver jo ikke med alt dette, det er en helt annen verden, sier Parmentier.<\/p>\n<p>\u2013 S\u00e5 dere f\u00f8ler dere forlatt? <\/p>\n<p>\u2013 Ja, jeg f\u00f8ler at vi blir glemt. At vi ikke blir h\u00f8rt. Vi skulle gjerne snakket med topplederne for \u00e5 forklare dem hva som skjer. Men vi slipper jo ikke til, sier Parmentier.<\/p>\n<p>Fransk motstand<\/p>\n<p>P\u00e5 vei inn til EU-toppm\u00f8tet i Brussel torsdag lovet Frankrikes president Emmanuel Macron at han ville st\u00e5 imot fors\u00f8k p\u00e5 \u00e5 f\u00e5 signert frihandelsavtalen med Mercosur, med mindre det kom sterkere st\u00f8ttemekanismer og tollvern for b\u00f8ndene.<\/p>\n<p>   <img decoding=\"async\" width=\"3120\" height=\"2080\" fetchpriority=\"low\"  loading=\"lazy\"  src=\"https:\/\/www.europesays.com\/no\/wp-content\/uploads\/2025\/12\/NTB_MP3N8VzxrGw.jpg\" alt=\"France's President Emmanuel Macron arrives at a European Union leaders' summit in Brussels, Belgium, December 18, 2025. REUTERS\/Yves Herman\" class=\"brick-c-cFOWSL\" style=\"--brick-image-ratio: 3120 \/ 2080;\"\/><\/p>\n<p>      Frankrikes president Emmanuel Macron jobber for \u00e5 gj\u00f8re endringer i frihandelsavtalen. <\/p>\n<p>      Foto: NTB\/Reuters\/Yves Herman\n    <\/p>\n<p>Frankrike har etterlyst bedre beskyttelsestiltak, spesielt med tanke p\u00e5 at de s\u00f8ramerikanske b\u00f8ndene m\u00e5 m\u00f8te de samme milj\u00f8- og klimakravene som de europeiske b\u00f8ndene.<\/p>\n<p>Frankrike sto inntil nylig ganske alene, men har n\u00e5 f\u00e5tt med seg Giorgia Melonis Italia. Dermed er det h\u00e5p for b\u00f8ndene, for at en avstemming med kvalifisert flertall skal feile.<\/p>\n<p>\u2013 Vi har med Polen ogs\u00e5, s\u00e5 det er mulig \u00e5 f\u00e5 dette stanset, sier Parmentiers kollega, Jean Alexandre.<\/p>\n<p>Begge er h\u00e5pefulle, men skuffet over \u00e5 ikke kunne n\u00e5 mer frem til de europeiske lederne.<\/p>\n<p>EU som maktspiller<\/p>\n<p>Innenfor Det europeiske r\u00e5det er hovedtemaet krigen i Ukraina, og finansieringsbehovet i tiden som kommer. Fors\u00f8ket p\u00e5 \u00e5 f\u00e5 Belgia med p\u00e5 \u00e5 bruke frosne russiske penger som befinner seg i belgiske banker, st\u00e5r i fare for \u00e5 havarere.<\/p>\n<p>Regjeringslederne fra Tyskland, Spania, Portugal og de nordiske landene har vist til den spente geopolitiske konteksten som et eksempel p\u00e5 hvorfor EU er n\u00f8dt til \u00e5 skape sterke partnerskap med andre deler av verden, som gjennom Mercosur-avtalen.<\/p>\n<p>Det argumentet kj\u00f8per ikke de belgiske b\u00f8ndene.<\/p>\n<p>\u2013 De har vist til at vi m\u00e5 ha diversifisering og styrke globale partnerskap i 20 \u00e5r. Men i mellomtiden s\u00e5 \u00f8ker kostnadene v\u00e5re, og det vil komme en tid der vi ikke kan produsere mat lenger. Da f\u00e5r vi det fra Amerika, sier Parmentier.<\/p>\n<p>20 \u00e5r med forhandlinger<\/p>\n<p>Avtalen har v\u00e6rt forhandlet frem og tilbake i over 20 \u00e5r. I praksis betyr den kraftig redusert toll p\u00e5 en rekke varer, s\u00e6rlig kj\u00f8tt, sukker, soya og etanol.<\/p>\n<p>For EU har Mercosur v\u00e6rt l\u00f8ftet frem som en strategisk avtale: tilgang til r\u00e5varer, nye eksportmarkeder for europeisk industri og et geopolitisk anker i en mer fragmentert verden.<\/p>\n<p>Kommisjonen foreslo i oktober 2025 et eget regelverk for beskyttelsesmekanismer knyttet til EU-Mercosur-avtalen. Form\u00e5let var \u00e5 gi landbruket et konkret verkt\u00f8y for \u00e5 beskytte seg dersom import fra Mercosur-landene \u00f8kte kraftig eller undergravde prisene p\u00e5 det europeiske markedet. Men b\u00f8ndenes fagforeninger mener dette ikke holder.<\/p>\n","protected":false},"excerpt":{"rendered":"Denne artikkelen er skrevet av Philippe B\u00e9dos Ulvin i Energi og Klima, som er nettavisa til Norsk Klimastiftelse.&hellip;\n","protected":false},"author":2,"featured_media":117085,"comment_status":"","ping_status":"","sticky":false,"template":"","format":"standard","meta":{"footnotes":""},"categories":[12],"tags":[36,20,21,279,12449,24,25,15,755,22,23,13,30,28,29,14,16,1510,26,27,42,43,44,45],"class_list":{"0":"post-117084","1":"post","2":"type-post","3":"status-publish","4":"format-standard","5":"has-post-thumbnail","7":"category-verden","8":"tag-art","9":"tag-breaking-news","10":"tag-breakingnews","11":"tag-eu","12":"tag-eu-mercosur-avtalen","13":"tag-featured-news","14":"tag-featurednews","15":"tag-headlines","16":"tag-landbruk","17":"tag-latest-news","18":"tag-latestnews","19":"tag-news","20":"tag-no","21":"tag-norge","22":"tag-norway","23":"tag-nyheter","24":"tag-overskrifter","25":"tag-story","26":"tag-top-stories","27":"tag-topstories","28":"tag-verden","29":"tag-world","30":"tag-world-news","31":"tag-worldnews"},"share_on_mastodon":{"url":"https:\/\/pubeurope.com\/@no\/115744490864752409","error":""},"_links":{"self":[{"href":"https:\/\/www.europesays.com\/no\/wp-json\/wp\/v2\/posts\/117084","targetHints":{"allow":["GET"]}}],"collection":[{"href":"https:\/\/www.europesays.com\/no\/wp-json\/wp\/v2\/posts"}],"about":[{"href":"https:\/\/www.europesays.com\/no\/wp-json\/wp\/v2\/types\/post"}],"author":[{"embeddable":true,"href":"https:\/\/www.europesays.com\/no\/wp-json\/wp\/v2\/users\/2"}],"replies":[{"embeddable":true,"href":"https:\/\/www.europesays.com\/no\/wp-json\/wp\/v2\/comments?post=117084"}],"version-history":[{"count":0,"href":"https:\/\/www.europesays.com\/no\/wp-json\/wp\/v2\/posts\/117084\/revisions"}],"wp:featuredmedia":[{"embeddable":true,"href":"https:\/\/www.europesays.com\/no\/wp-json\/wp\/v2\/media\/117085"}],"wp:attachment":[{"href":"https:\/\/www.europesays.com\/no\/wp-json\/wp\/v2\/media?parent=117084"}],"wp:term":[{"taxonomy":"category","embeddable":true,"href":"https:\/\/www.europesays.com\/no\/wp-json\/wp\/v2\/categories?post=117084"},{"taxonomy":"post_tag","embeddable":true,"href":"https:\/\/www.europesays.com\/no\/wp-json\/wp\/v2\/tags?post=117084"}],"curies":[{"name":"wp","href":"https:\/\/api.w.org\/{rel}","templated":true}]}}