{"id":117086,"date":"2025-12-19T05:05:14","date_gmt":"2025-12-19T05:05:14","guid":{"rendered":"https:\/\/www.europesays.com\/no\/117086\/"},"modified":"2025-12-19T05:05:14","modified_gmt":"2025-12-19T05:05:14","slug":"de-bor-ga-i-seg-selv","status":"publish","type":"post","link":"https:\/\/www.europesays.com\/no\/117086\/","title":{"rendered":"&#8211; De b\u00f8r g\u00e5 i seg selv"},"content":{"rendered":"<p class=\"kicker \" style=\"\">Statsbudsjettet 2026<\/p>\n<p>  Regjeringen kritiseres for \u00e5 pynte p\u00e5 bistandskronene. Statsminister Jonas Gahr St\u00f8re (Ap) er ikke enig.<\/p>\n<p>\n    &#8211; NORGE ST\u00c5R SEG GODT: Det sier statsminister Jonas Gahr St\u00f8re etter en h\u00f8st der kritikken fra bistandsorganisasjonene har haglet. Foto: J\u00f8rn H. Moen \/ Dagbladet\n  <\/p>\n<p> Pengesekken til bistand i Jonas Gahr St\u00f8res statsbudsjett er langt mindre enn den ser ut til, hevdes det i en\u00a0<a href=\"https:\/\/borsen.dagbladet.no\/nyheter\/avslorer-aldri-vaert-lavere\/83872603\" rel=\"nofollow noopener\" target=\"_blank\">ny rapport Dagbladet har omtalt<\/a>.\u00a0<\/p>\n<p>Istedenfor det kritikerne kaller faktisk, fattigdomsrettet bistand, brukes halve posten til andre form\u00e5l som er i Norges egeninteresse: sikkerhetspolitikk, klima og stabilitet i Europa.<\/p>\n<p>Regjeringen f\u00e5r hard kritikk av b\u00e5de bistandsorganisasjoner og egne budsjettpartnere. KrF beskylder regjeringen for \u00e5 ha drevet en\u00a0<a href=\"https:\/\/borsen.dagbladet.no\/nyheter\/presses-vil-ikke-svare\/83952733\" rel=\"nofollow noopener\" target=\"_blank\">gradvis utvanning av bistandsbudsjettet siden de tiltr\u00e5dte<\/a>.<\/p>\n<p class=\"font-weight-bold m-font-weight-bold\" data-lab-font_weight=\"font-weight-bold\">Det er ikke St\u00f8re enig i.<\/p>\n<p> &#8211; Jeg tenker at Norge st\u00e5r seg veldig godt her, sier statsministeren n\u00e5r Dagbladet m\u00f8ter ham onsdag. <\/p>\n<p>    <a itemprop=\"url\" href=\"https:\/\/borsen.dagbladet.no\/nyheter\/avslorer-aldri-vaert-lavere\/83872603\" rel=\"nofollow noopener\" target=\"_blank\"><\/p>\n<p>        <img loading=\"lazy\" decoding=\"async\" src=\"https:\/\/www.europesays.com\/no\/wp-content\/uploads\/2025\/12\/1766120710_696_83900642.webp\" width=\"980\" height=\"441\" title=\"Avsl\u00f8rer: Aldri v\u00e6rt lavere\" alt=\"\" class=\"lazyload\" style=\"--aspect-ratio-image: 2.22; \"\/><\/p>\n<p>        Avsl\u00f8rer: Aldri v\u00e6rt lavere<\/p>\n<p>    <\/a><\/p>\n<p>&#8211; Helt riktig\t<\/p>\n<p> Den faktiske bistanden er p\u00e5 54 prosent og dermed historisk lav,\u00a0<a href=\"https:\/\/www.langsikt.no\/publikasjoner\/bistandprosentens-dod-en-analyse-av-hva-norsk-bistand-gar-til\" rel=\"nofollow noopener\" target=\"_blank\">if\u00f8lge beregningene<\/a>,\u00a0som er utf\u00f8rt av tankesmia Langsikt.<\/p>\n<p> Blant andre Flyktninghjelpen, R\u00f8de Kors og Kirkens N\u00f8dhjelp krever at regjeringen tar klimafinansiering ut av bistandsposten. Det vil ikke St\u00f8re.<\/p>\n<p> &#8211; \u00c5 regne inn klima der, er det riktige \u00e5 gj\u00f8re. De som rammes mest av klimaendringer, er fattige land. \u00c5 bidra til skogsatsing og fornybar energi til land i utvikling er kanskje noe av det beste vi kan gj\u00f8re, sier han.<\/p>\n<p>        <img loading=\"lazy\" decoding=\"async\" src=\"https:\/\/www.europesays.com\/no\/wp-content\/uploads\/2025\/12\/83998767.webp\" width=\"980\" height=\"559\" title=\"M\u00d8TTE PRESSEN: Jonas Gahr St\u00f8re og r\u00e5dgiver Sunniva Bjerkaas under pressens julelunsj i statsministerboligen onsdag. Foto: J\u00f8rn H. Moen \/ Dagbladet\" alt=\"\" class=\"\" style=\"--aspect-ratio-image: 1.75; \"\/><\/p>\n<p>\n        M\u00d8TTE PRESSEN: Jonas Gahr St\u00f8re og r\u00e5dgiver Sunniva Bjerkaas under pressens julelunsj i statsministerboligen onsdag. Foto: J\u00f8rn H. Moen \/ Dagbladet\n    <\/p>\n<p> &#8211; Tenkningen rundt utviklingshjelp er i endring, og det er n\u00f8dvendig, sier St\u00f8re.<\/p>\n<p>    Mindre til \u00abfaktisk\u00bb bistand<\/p>\n<p>Statsbudsjettet 2026 (Ap):\u00a054 %<\/p>\n<p>Statsbudsjettet 2025 (Ap\/Sp\/SV):\u00a056 %<\/p>\n<p>Statsbudsjettet 2024 (Ap\/Sp\/SV):\u00a057 %<\/p>\n<p>Statsbudsjettet 2023 (Ap\/Sp\/SV):\u00a061 %<\/p>\n<p>Statsbudsjettet 2022 (Ap\/Sp\/SV):\u00a065 %<\/p>\n<p class=\"italic m-italic\" data-lab-italic=\"italic\">Kilde:\u00a0<a href=\"https:\/\/www.langsikt.no\/publikasjoner\/bistandprosentens-dod-en-analyse-av-hva-norsk-bistand-gar-til\" rel=\"nofollow noopener\" target=\"_blank\">Langsikt<\/a><\/p>\n<p>      Vis mer<br \/>\n      Vis mindre<\/p>\n<p>&#8211; B\u00f8r g\u00e5 i seg selv\t<\/p>\n<p> Den norske bistanden\u00a0<a href=\"https:\/\/politiken.dk\/internationalt\/art10636918\/Norge-vil-lade-fattige-frem-for-Oliefonden-betale-for-hj%C3%A6lp-til-Ukraine\" rel=\"nofollow noopener\" target=\"_blank\">har f\u00e5tt oppmerksomhet utenfor landegrensene<\/a>. Bistandsorganisasjonene kritiserer regjeringen for \u00e5 la bistandsmidler til Ukraina g\u00e5 p\u00e5 bekostning av fattige land.<\/p>\n<p>Jonas Andersen Sayed, KrFs utenrikspolitiske talsperson, hevder\u00a0utviklingsminister \u00c5smund Aukrust (Ap)\u00a0<a href=\"https:\/\/borsen.dagbladet.no\/nyheter\/presses-vil-ikke-svare\/83952733\" rel=\"nofollow noopener\" target=\"_blank\">har v\u00e6rt den store taperen i dette budsjettet<\/a>\u00a0og anklager regjeringen for \u00e5 rasere bistanden.<\/p>\n<p>        \u00abHAR SMAKT\u00bb: P\u00e5 sin halv\u00e5rlige pressekonferanse i statsministerboligen fikk statsminister Jonas Gahr St\u00f8re salen til \u00e5 le. Video: NTB<\/p>\n<p>&#8211; Kristelig Folkeparti b\u00f8r g\u00e5 grundig i seg selv, for deres foretrukne parter, Fremskrittspartiet, vil jo kutte dypt i hele bistandsbudsjettet, svarer St\u00f8re til det.<\/p>\n<p> Partier og bistandsorganisasjoner ber regjeringen fremme en ny stortingsmelding. De vil ogs\u00e5 hente opp rapporten fra Sending-utvalget, regjeringens egen ekspertgruppe, som for to \u00e5r siden ble lagt i en skuff. <\/p>\n<p class=\"font-weight-bold m-font-weight-bold\" data-lab-font_weight=\"font-weight-bold\">St\u00f8re svarer ikke konkret p\u00e5 om disse tiltakene kommer.<\/p>\n<p>&#8211; Jeg vet at utviklingsministeren er opptatt av at vi skal fornye bistandspolitikken. Vi m\u00e5 se p\u00e5 politikk som bidrar til utvikling.\u00a0<\/p>\n<p>    <a itemprop=\"url\" href=\"https:\/\/borsen.dagbladet.no\/nyheter\/her-er-stores-plan\/83984557\" rel=\"nofollow noopener\" target=\"_blank\"><\/p>\n<p>        <img loading=\"lazy\" decoding=\"async\" src=\"https:\/\/www.europesays.com\/no\/wp-content\/uploads\/2025\/12\/83984823.webp\" width=\"980\" height=\"441\" title=\"Her er St\u00f8res plan\" alt=\"\" class=\"lazyload\" style=\"--aspect-ratio-image: 2.22; \"\/><\/p>\n<p>        Her er St\u00f8res plan<\/p>\n<p>    <\/a><\/p>\n<p>Svarer ikke\t<\/p>\n<p> St\u00f8re peker p\u00e5 at Norge gir 1 prosent av bruttonasjonalinntekt (BNI) til bistand og peker p\u00e5 andre fattigdomsbekjempende grep, som milliarddonasjoner til Verdensbankens fond IDA.<\/p>\n<p>&#8211; Jeg har s\u00e6rlig v\u00e6rt engasjert i vaksiner, m\u00f8drehelse og styrket helsevesen i land i utvikling. Det gir enorme effekter for at folk kommer i arbeid og \u00f8konomien kommer i gang. Det er den typen prosjekter vi m\u00e5 bist\u00e5 i.\u00a0<\/p>\n<p class=\"italic m-italic\" data-lab-italic=\"italic\">&#8211; En stortingsmelding er ikke p\u00e5 trappene n\u00e5?<\/p>\n<p>&#8211; Vi kommer til \u00e5 legge fram mange nye ideer til effektiv utviklingspolitikk, svarer statsministeren.<\/p>\n<p>    <a itemprop=\"url\" href=\"https:\/\/borsen.dagbladet.no\/nyheter\/kritiseres-av-sine-egne-en-bloff\/83895562\" rel=\"nofollow noopener\" target=\"_blank\"><\/p>\n<p>        <img loading=\"lazy\" decoding=\"async\" src=\"https:\/\/www.europesays.com\/no\/wp-content\/uploads\/2025\/12\/1766120714_259_83901181.webp\" width=\"980\" height=\"441\" title=\"Kritiseres av sine egne: - En bl\u00f8ff\" alt=\"\" class=\"lazyload\" style=\"--aspect-ratio-image: 2.22; \"\/><\/p>\n<p>        Kritiseres av sine egne: &#8211; En bl\u00f8ff<\/p>\n<p>    <\/a><\/p>\n","protected":false},"excerpt":{"rendered":"Statsbudsjettet 2026 Regjeringen kritiseres for \u00e5 pynte p\u00e5 bistandskronene. Statsminister Jonas Gahr St\u00f8re (Ap) er ikke enig. &#8211;&hellip;\n","protected":false},"author":2,"featured_media":117087,"comment_status":"","ping_status":"","sticky":false,"template":"","format":"standard","meta":{"footnotes":""},"categories":[10],"tags":[20,21,24,25,15,22,23,13,30,28,29,14,16,26,27],"class_list":{"0":"post-117086","1":"post","2":"type-post","3":"status-publish","4":"format-standard","5":"has-post-thumbnail","7":"category-norge","8":"tag-breaking-news","9":"tag-breakingnews","10":"tag-featured-news","11":"tag-featurednews","12":"tag-headlines","13":"tag-latest-news","14":"tag-latestnews","15":"tag-news","16":"tag-no","17":"tag-norge","18":"tag-norway","19":"tag-nyheter","20":"tag-overskrifter","21":"tag-top-stories","22":"tag-topstories"},"share_on_mastodon":{"url":"https:\/\/pubeurope.com\/@no\/115744494327047411","error":""},"_links":{"self":[{"href":"https:\/\/www.europesays.com\/no\/wp-json\/wp\/v2\/posts\/117086","targetHints":{"allow":["GET"]}}],"collection":[{"href":"https:\/\/www.europesays.com\/no\/wp-json\/wp\/v2\/posts"}],"about":[{"href":"https:\/\/www.europesays.com\/no\/wp-json\/wp\/v2\/types\/post"}],"author":[{"embeddable":true,"href":"https:\/\/www.europesays.com\/no\/wp-json\/wp\/v2\/users\/2"}],"replies":[{"embeddable":true,"href":"https:\/\/www.europesays.com\/no\/wp-json\/wp\/v2\/comments?post=117086"}],"version-history":[{"count":0,"href":"https:\/\/www.europesays.com\/no\/wp-json\/wp\/v2\/posts\/117086\/revisions"}],"wp:featuredmedia":[{"embeddable":true,"href":"https:\/\/www.europesays.com\/no\/wp-json\/wp\/v2\/media\/117087"}],"wp:attachment":[{"href":"https:\/\/www.europesays.com\/no\/wp-json\/wp\/v2\/media?parent=117086"}],"wp:term":[{"taxonomy":"category","embeddable":true,"href":"https:\/\/www.europesays.com\/no\/wp-json\/wp\/v2\/categories?post=117086"},{"taxonomy":"post_tag","embeddable":true,"href":"https:\/\/www.europesays.com\/no\/wp-json\/wp\/v2\/tags?post=117086"}],"curies":[{"name":"wp","href":"https:\/\/api.w.org\/{rel}","templated":true}]}}