{"id":117088,"date":"2025-12-19T05:11:48","date_gmt":"2025-12-19T05:11:48","guid":{"rendered":"https:\/\/www.europesays.com\/no\/117088\/"},"modified":"2025-12-19T05:11:48","modified_gmt":"2025-12-19T05:11:48","slug":"advokat-om-en-tredje-presidentperiode-uklart-om-det-er-lo","status":"publish","type":"post","link":"https:\/\/www.europesays.com\/no\/117088\/","title":{"rendered":"Advokat om en tredje presidentperiode:\u00a0\u2013 Uklart om det er lo"},"content":{"rendered":"<p>Det sier advokaten selv til <a href=\"https:\/\/www.wsj.com\/politics\/elections\/trump-told-by-alan-dershowitz-constitutionality-of-third-term-is-unclear-33133eb8?mod=hp_lead_pos6\" target=\"_blank\" rel=\"nofollow noopener\">The Wall Street Journal<\/a> onsdag.<\/p>\n<p>Han forteller til avisen at han sa dette til Trump under en samtale med presidenten tirsdag.<\/p>\n<p>Samtalen handlet om et utkast til en bok som Dershowitz har skrevet og som handler om hvorvidt grunnloven kan st\u00f8tte en tredje presidentperiode for Trump. Boken, som f\u00e5r tittelen \u00abCould President Trump Constitutionally Serve a Third Term?\u00bb blir utgitt neste \u00e5r.<\/p>\n<p>Dershowitz sier til avisen at han i boken fremmer flere ulike scenarioer der en person kan ta fatt p\u00e5 en tredje presidentperiode.<\/p>\n<p>I det 22. grunnlovstillegget heter det at \u00abingen person skal velges som president mer enn to ganger\u00bb.<\/p>\n<p>\u2013 Jeg sa at det er uklart om en president kan bli president for tredje gang og det er uklart om det er lov, sier Dershowitz.<\/p>\n<p>Trump smilte og gikk over til \u00e5 snakke om andre saker etter at de to hadde diskutert boken, forteller advokaten.<\/p>\n<p>\u2013 Han syntes dette var interessant som et intellektuelt sp\u00f8rsm\u00e5l. Tror jeg at han kommer til stille til valg for en tredje periode? Nei, jeg tror ikke at han kommer til \u00e5 stille til valg for en tredje periode, sier Dershowitz.<\/p>\n<p>I oktober sa Trump til journalister at grunnloven er \u00abganske klar\u00bb p\u00e5 at han \u00abikke har lov\u00bb til \u00e5 v\u00e6re president i tre perioder.<\/p>\n","protected":false},"excerpt":{"rendered":"Det sier advokaten selv til The Wall Street Journal onsdag. Han forteller til avisen at han sa dette&hellip;\n","protected":false},"author":2,"featured_media":117089,"comment_status":"","ping_status":"","sticky":false,"template":"","format":"standard","meta":{"footnotes":""},"categories":[12],"tags":[20,21,24,25,15,22,23,13,30,28,29,14,16,26,27,42,43,44,45],"class_list":{"0":"post-117088","1":"post","2":"type-post","3":"status-publish","4":"format-standard","5":"has-post-thumbnail","7":"category-verden","8":"tag-breaking-news","9":"tag-breakingnews","10":"tag-featured-news","11":"tag-featurednews","12":"tag-headlines","13":"tag-latest-news","14":"tag-latestnews","15":"tag-news","16":"tag-no","17":"tag-norge","18":"tag-norway","19":"tag-nyheter","20":"tag-overskrifter","21":"tag-top-stories","22":"tag-topstories","23":"tag-verden","24":"tag-world","25":"tag-world-news","26":"tag-worldnews"},"share_on_mastodon":{"url":"https:\/\/pubeurope.com\/@no\/115744521805148096","error":""},"_links":{"self":[{"href":"https:\/\/www.europesays.com\/no\/wp-json\/wp\/v2\/posts\/117088","targetHints":{"allow":["GET"]}}],"collection":[{"href":"https:\/\/www.europesays.com\/no\/wp-json\/wp\/v2\/posts"}],"about":[{"href":"https:\/\/www.europesays.com\/no\/wp-json\/wp\/v2\/types\/post"}],"author":[{"embeddable":true,"href":"https:\/\/www.europesays.com\/no\/wp-json\/wp\/v2\/users\/2"}],"replies":[{"embeddable":true,"href":"https:\/\/www.europesays.com\/no\/wp-json\/wp\/v2\/comments?post=117088"}],"version-history":[{"count":0,"href":"https:\/\/www.europesays.com\/no\/wp-json\/wp\/v2\/posts\/117088\/revisions"}],"wp:featuredmedia":[{"embeddable":true,"href":"https:\/\/www.europesays.com\/no\/wp-json\/wp\/v2\/media\/117089"}],"wp:attachment":[{"href":"https:\/\/www.europesays.com\/no\/wp-json\/wp\/v2\/media?parent=117088"}],"wp:term":[{"taxonomy":"category","embeddable":true,"href":"https:\/\/www.europesays.com\/no\/wp-json\/wp\/v2\/categories?post=117088"},{"taxonomy":"post_tag","embeddable":true,"href":"https:\/\/www.europesays.com\/no\/wp-json\/wp\/v2\/tags?post=117088"}],"curies":[{"name":"wp","href":"https:\/\/api.w.org\/{rel}","templated":true}]}}